{"id":44466,"date":"2024-09-24T13:15:05","date_gmt":"2024-09-24T19:15:05","guid":{"rendered":"https:\/\/cuernavaca.gob.mx\/?p=44466"},"modified":"2024-09-24T16:01:47","modified_gmt":"2024-09-24T22:01:47","slug":"f909-24-09-24-se-redoblan-esfuerzos-en-trabajos-de-bacheo-en-diferentes-vialidades-de-la-ciudad-de-cuernavaca","status":"publish","type":"post","link":"https:\/\/cuernavaca.gob.mx\/?p=44466","title":{"rendered":"F909 24\/09\/24 SE REDOBLAN ESFUERZOS EN TRABAJOS DE BACHEO EN DIFERENTES VIALIDADES DE LA CIUDAD DE CUERNAVACA"},"content":{"rendered":"<p>Derivado de afectaciones registradas durante el temporal de lluvias y dando seguimiento a la ejecuci\u00f3n correcta del Programa Permanente de Bacheo puesto en marcha por el Municipio de Cuernavaca, las brigadas de la Direcci\u00f3n de Infraestructura Urbana de la Secretar\u00eda de Desarrollo Sustentable y Servicios P\u00fablicos, realizan acciones inmediatas para tener vialidades m\u00e1s transitables y en mejores condiciones.<\/p>\n<p>Atendiendo indicaciones del presidente municipal Jos\u00e9 Luis Uri\u00f3stegui Salgado, se ha tenido un avance sustancial en el bacheo permanente de avenidas prioritarias, secundarias y terciarias. En lo que va del 2024 se han bacheado m\u00e1s de 70, 000 mil metros cuadrados y este a\u00f1o se espera superar la meta de 78,000 metros cuadrados correspondiente al a\u00f1o 2023<\/p>\n<p>Para antes del cierre de administraci\u00f3n se tendr\u00e1 una reducci\u00f3n importante de baches en la ciudad, refiri\u00f3 Israel Albavera V\u00e1zquez, titular de la Secretar\u00eda de Desarrollo Sustentable y Servicios P\u00fablicos, comparti\u00f3 que los baches aislados se atienden de manera permanente e inmediata con camiones de apoyo y diversas brigadas operativas.<\/p>\n<p>&nbsp;<\/p>\n\n\t\t<style type=\"text\/css\">\n\t\t\t#gallery-1 {\n\t\t\t\tmargin: auto;\n\t\t\t}\n\t\t\t#gallery-1 .gallery-item {\n\t\t\t\tfloat: left;\n\t\t\t\tmargin-top: 10px;\n\t\t\t\ttext-align: center;\n\t\t\t\twidth: 33%;\n\t\t\t}\n\t\t\t#gallery-1 img {\n\t\t\t\tborder: 2px solid #cfcfcf;\n\t\t\t}\n\t\t\t#gallery-1 .gallery-caption {\n\t\t\t\tmargin-left: 0;\n\t\t\t}\n\t\t\t\/* see gallery_shortcode() in wp-includes\/media.php *\/\n\t\t<\/style>\n\t\t<div id='gallery-1' class='gallery galleryid-44466 gallery-columns-3 gallery-size-thumbnail'><dl class='gallery-item'>\n\t\t\t<dt class='gallery-icon portrait'>\n\t\t\t\t<a href='https:\/\/cuernavaca.gob.mx\/?attachment_id=44467'><img width=\"150\" height=\"150\" src=\"https:\/\/cuernavaca.gob.mx\/wp-content\/uploads\/2024\/09\/SE-REDOBLAN-ESFUERZOS-EN-TRABAJOS-DE-BACHEO-EN-DIFERENTES-VIALIDADES-DE-LA-CIUDAD-DE-CUERNAVACA-1-150x150.jpg\" class=\"attachment-thumbnail size-thumbnail\" alt=\"\" loading=\"lazy\" \/><\/a>\n\t\t\t<\/dt><\/dl><dl class='gallery-item'>\n\t\t\t<dt class='gallery-icon landscape'>\n\t\t\t\t<a href='https:\/\/cuernavaca.gob.mx\/?attachment_id=44468'><img width=\"150\" height=\"150\" src=\"https:\/\/cuernavaca.gob.mx\/wp-content\/uploads\/2024\/09\/SE-REDOBLAN-ESFUERZOS-EN-TRABAJOS-DE-BACHEO-EN-DIFERENTES-VIALIDADES-DE-LA-CIUDAD-DE-CUERNAVACA-2-150x150.jpg\" class=\"attachment-thumbnail size-thumbnail\" alt=\"\" loading=\"lazy\" \/><\/a>\n\t\t\t<\/dt><\/dl><dl class='gallery-item'>\n\t\t\t<dt class='gallery-icon landscape'>\n\t\t\t\t<a href='https:\/\/cuernavaca.gob.mx\/?attachment_id=44469'><img width=\"150\" height=\"150\" src=\"https:\/\/cuernavaca.gob.mx\/wp-content\/uploads\/2024\/09\/SE-REDOBLAN-ESFUERZOS-EN-TRABAJOS-DE-BACHEO-EN-DIFERENTES-VIALIDADES-DE-LA-CIUDAD-DE-CUERNAVACA-3-150x150.jpg\" class=\"attachment-thumbnail size-thumbnail\" alt=\"\" loading=\"lazy\" \/><\/a>\n\t\t\t<\/dt><\/dl><br style=\"clear: both\" \/><dl class='gallery-item'>\n\t\t\t<dt class='gallery-icon landscape'>\n\t\t\t\t<a href='https:\/\/cuernavaca.gob.mx\/?attachment_id=44470'><img width=\"150\" height=\"150\" src=\"https:\/\/cuernavaca.gob.mx\/wp-content\/uploads\/2024\/09\/SE-REDOBLAN-ESFUERZOS-EN-TRABAJOS-DE-BACHEO-EN-DIFERENTES-VIALIDADES-DE-LA-CIUDAD-DE-CUERNAVACA-4-150x150.jpg\" class=\"attachment-thumbnail size-thumbnail\" alt=\"\" loading=\"lazy\" \/><\/a>\n\t\t\t<\/dt><\/dl><dl class='gallery-item'>\n\t\t\t<dt class='gallery-icon landscape'>\n\t\t\t\t<a href='https:\/\/cuernavaca.gob.mx\/?attachment_id=44471'><img width=\"150\" height=\"150\" src=\"https:\/\/cuernavaca.gob.mx\/wp-content\/uploads\/2024\/09\/SE-REDOBLAN-ESFUERZOS-EN-TRABAJOS-DE-BACHEO-EN-DIFERENTES-VIALIDADES-DE-LA-CIUDAD-DE-CUERNAVACA-5-150x150.jpg\" class=\"attachment-thumbnail size-thumbnail\" alt=\"\" loading=\"lazy\" \/><\/a>\n\t\t\t<\/dt><\/dl><dl class='gallery-item'>\n\t\t\t<dt class='gallery-icon landscape'>\n\t\t\t\t<a href='https:\/\/cuernavaca.gob.mx\/?attachment_id=44472'><img width=\"150\" height=\"150\" src=\"https:\/\/cuernavaca.gob.mx\/wp-content\/uploads\/2024\/09\/SE-REDOBLAN-ESFUERZOS-EN-TRABAJOS-DE-BACHEO-EN-DIFERENTES-VIALIDADES-DE-LA-CIUDAD-DE-CUERNAVACA-6-150x150.jpg\" class=\"attachment-thumbnail size-thumbnail\" alt=\"\" loading=\"lazy\" \/><\/a>\n\t\t\t<\/dt><\/dl><br style=\"clear: both\" \/><dl class='gallery-item'>\n\t\t\t<dt class='gallery-icon landscape'>\n\t\t\t\t<a href='https:\/\/cuernavaca.gob.mx\/?attachment_id=44473'><img width=\"150\" height=\"150\" src=\"https:\/\/cuernavaca.gob.mx\/wp-content\/uploads\/2024\/09\/SE-REDOBLAN-ESFUERZOS-EN-TRABAJOS-DE-BACHEO-EN-DIFERENTES-VIALIDADES-DE-LA-CIUDAD-DE-CUERNAVACA-7-150x150.jpg\" class=\"attachment-thumbnail size-thumbnail\" alt=\"\" loading=\"lazy\" \/><\/a>\n\t\t\t<\/dt><\/dl><dl class='gallery-item'>\n\t\t\t<dt class='gallery-icon landscape'>\n\t\t\t\t<a href='https:\/\/cuernavaca.gob.mx\/?attachment_id=44474'><img width=\"150\" height=\"150\" src=\"https:\/\/cuernavaca.gob.mx\/wp-content\/uploads\/2024\/09\/SE-REDOBLAN-ESFUERZOS-EN-TRABAJOS-DE-BACHEO-EN-DIFERENTES-VIALIDADES-DE-LA-CIUDAD-DE-CUERNAVACA-8-150x150.jpg\" class=\"attachment-thumbnail size-thumbnail\" alt=\"\" loading=\"lazy\" \/><\/a>\n\t\t\t<\/dt><\/dl><dl class='gallery-item'>\n\t\t\t<dt class='gallery-icon landscape'>\n\t\t\t\t<a href='https:\/\/cuernavaca.gob.mx\/?attachment_id=44475'><img width=\"150\" height=\"150\" src=\"https:\/\/cuernavaca.gob.mx\/wp-content\/uploads\/2024\/09\/SE-REDOBLAN-ESFUERZOS-EN-TRABAJOS-DE-BACHEO-EN-DIFERENTES-VIALIDADES-DE-LA-CIUDAD-DE-CUERNAVACA-9-150x150.jpg\" class=\"attachment-thumbnail size-thumbnail\" alt=\"\" loading=\"lazy\" \/><\/a>\n\t\t\t<\/dt><\/dl><br style=\"clear: both\" \/>\n\t\t<\/div>\n\n","protected":false},"excerpt":{"rendered":"<p>Derivado de afectaciones registradas durante el temporal de lluvias y dando seguimiento a la ejecuci\u00f3n correcta del Programa Permanente de Bacheo puesto en marcha por el Municipio de Cuernavaca, las brigadas de la Direcci\u00f3n de Infraestructura Urbana de la Secretar\u00eda de Desarrollo Sustentable y Servicios P\u00fablicos, realizan acciones inmediatas para tener vialidades m\u00e1s transitables y [&hellip;]<\/p>\n","protected":false},"author":1,"featured_media":44468,"comment_status":"closed","ping_status":"open","sticky":false,"template":"","format":"standard","meta":[],"categories":[2271],"tags":[360,357,3825,121,120,206,1487,127,138,342],"aioseo_notices":[],"_links":{"self":[{"href":"https:\/\/cuernavaca.gob.mx\/index.php?rest_route=\/wp\/v2\/posts\/44466"}],"collection":[{"href":"https:\/\/cuernavaca.gob.mx\/index.php?rest_route=\/wp\/v2\/posts"}],"about":[{"href":"https:\/\/cuernavaca.gob.mx\/index.php?rest_route=\/wp\/v2\/types\/post"}],"author":[{"embeddable":true,"href":"https:\/\/cuernavaca.gob.mx\/index.php?rest_route=\/wp\/v2\/users\/1"}],"replies":[{"embeddable":true,"href":"https:\/\/cuernavaca.gob.mx\/index.php?rest_route=%2Fwp%2Fv2%2Fcomments&post=44466"}],"version-history":[{"count":1,"href":"https:\/\/cuernavaca.gob.mx\/index.php?rest_route=\/wp\/v2\/posts\/44466\/revisions"}],"predecessor-version":[{"id":44476,"href":"https:\/\/cuernavaca.gob.mx\/index.php?rest_route=\/wp\/v2\/posts\/44466\/revisions\/44476"}],"wp:featuredmedia":[{"embeddable":true,"href":"https:\/\/cuernavaca.gob.mx\/index.php?rest_route=\/wp\/v2\/media\/44468"}],"wp:attachment":[{"href":"https:\/\/cuernavaca.gob.mx\/index.php?rest_route=%2Fwp%2Fv2%2Fmedia&parent=44466"}],"wp:term":[{"taxonomy":"category","embeddable":true,"href":"https:\/\/cuernavaca.gob.mx\/index.php?rest_route=%2Fwp%2Fv2%2Fcategories&post=44466"},{"taxonomy":"post_tag","embeddable":true,"href":"https:\/\/cuernavaca.gob.mx\/index.php?rest_route=%2Fwp%2Fv2%2Ftags&post=44466"}],"curies":[{"name":"wp","href":"https:\/\/api.w.org\/{rel}","templated":true}]}}