{"id":44490,"date":"2024-09-24T13:30:39","date_gmt":"2024-09-24T19:30:39","guid":{"rendered":"https:\/\/cuernavaca.gob.mx\/?p=44490"},"modified":"2024-09-24T16:13:32","modified_gmt":"2024-09-24T22:13:32","slug":"b1973-24-09-24-dara-de-baja-ayuntamiento-de-cuernavaca-vehiculos-considerados-chatarra-que-han-sido-desincorporados-del-patrimonio-municipal","status":"publish","type":"post","link":"https:\/\/cuernavaca.gob.mx\/?p=44490","title":{"rendered":"B1973 24\/09\/24 DAR\u00c1 DE BAJA AYUNTAMIENTO DE CUERNAVACA VEH\u00cdCULOS CONSIDERADOS CHATARRA QUE HAN SIDO DESINCORPORADOS DEL PATRIMONIO MUNICIPAL"},"content":{"rendered":"<p><strong>\u2022 Son 204 autom\u00f3viles que desde hace m\u00e1s de 20 a\u00f1os est\u00e1n arrumbados en el predio del extinto taller municipal<\/strong><\/p>\n<p><strong>\u2022 Se pretende liberar terreno y obtener recursos econ\u00f3micos para el desarrollo de actividades y proyectos gubernamentales que sigan favoreciendo a los cuernavaquenses<\/strong><\/p>\n<p>El Comit\u00e9 para la desincorporaci\u00f3n y venta de bienes muebles considerados chatarra del Ayuntamiento de Cuernavaca aprob\u00f3 este martes la valuaci\u00f3n hecha por la Tesorer\u00eda Municipal de 204 veh\u00edculos a cargo de la Sindicatura Municipal que, por su condici\u00f3n ya no son aptos para el servicio p\u00fablico, a fin de iniciar con el proceso de enajenaci\u00f3n para en su momento generar ingresos siempre necesarios para el desarrollo de otras actividades y proyectos gubernamentales a favor de la poblaci\u00f3n.<\/p>\n<p>Este punto emana de un acuerdo aprobado por Cabildo para desincorporar estos bienes muebles que llevan m\u00e1s de 20 a\u00f1os arrumbados en el extinto taller municipal, siendo un foco de infecci\u00f3n, de malos olores y hasta de fauna nociva, por lo cual, en un trabajo coordinado entre la Sindicatura Municipal, a trav\u00e9s de la Direcci\u00f3n de Patrimonio, y la Tesorer\u00eda Municipal en coordinaci\u00f3n con un perito valuador registrado ante el Tribunal Superior de Justicia (TSJ), se inici\u00f3 con el proceso de desincorporaci\u00f3n y enajenaci\u00f3n.<\/p>\n<p>En sesi\u00f3n del comit\u00e9, el presidente municipal de Cuernavaca y presidente del \u00f3rgano colegiado, Jos\u00e9 Luis Uri\u00f3stegui Salgado, consider\u00f3 fundamental este proceso que lograr\u00e1 desocupar el terreno del extinto taller municipal ubicado alrededor del \u00e1rea de Bienestar Animal, del Rastro Municipal y de Servicios Generales, que actualmente est\u00e1 subutilizado y que podr\u00e1 tener una mejor utilidad para el beneficio de los cuernavaquenses, al ser veh\u00edculos que no son susceptibles de inversi\u00f3n ni de mejoras.<\/p>\n<p>Este punto de acuerdo ser\u00e1 turnado al Cabildo para su valoraci\u00f3n y en su caso aprobaci\u00f3n, planteando el presidente municipal la posibilidad de realizar el procedimiento mediante una licitaci\u00f3n p\u00fablica o una puja donde se privilegie la m\u00e1xima difusi\u00f3n para que m\u00e1s personas se enteren y participen.<\/p>\n<p>Cabe mencionar que en la sesi\u00f3n participaron la s\u00edndica municipal y secretaria t\u00e9cnica, Catalina Ver\u00f3nica Atenco P\u00e9rez; los regidores Mireya Delgado Romero y Christian P\u00e9rez Jaimes; el secretario del Ayuntamiento, Carlos de la Rosa Segura; la consejera jur\u00eddica, Nadia Luz Lara Ch\u00e1vez; la contralora municipal, Dolores \u00c1lvarez D\u00edaz; y el secretario de Administraci\u00f3n, Israel Y\u00fadico Herrera.<\/p>\n\n\t\t<style type=\"text\/css\">\n\t\t\t#gallery-1 {\n\t\t\t\tmargin: auto;\n\t\t\t}\n\t\t\t#gallery-1 .gallery-item {\n\t\t\t\tfloat: left;\n\t\t\t\tmargin-top: 10px;\n\t\t\t\ttext-align: center;\n\t\t\t\twidth: 33%;\n\t\t\t}\n\t\t\t#gallery-1 img {\n\t\t\t\tborder: 2px solid #cfcfcf;\n\t\t\t}\n\t\t\t#gallery-1 .gallery-caption {\n\t\t\t\tmargin-left: 0;\n\t\t\t}\n\t\t\t\/* see gallery_shortcode() in wp-includes\/media.php *\/\n\t\t<\/style>\n\t\t<div id='gallery-1' class='gallery galleryid-44490 gallery-columns-3 gallery-size-thumbnail'><dl class='gallery-item'>\n\t\t\t<dt class='gallery-icon landscape'>\n\t\t\t\t<a href='https:\/\/cuernavaca.gob.mx\/?attachment_id=44491'><img width=\"150\" height=\"150\" src=\"https:\/\/cuernavaca.gob.mx\/wp-content\/uploads\/2024\/09\/DARA\u0301-DE-BAJA-AYUNTAMIENTO-DE-CUERNAVACA-VEHI\u0301CULOS-CONSIDERADOS-CHATARRA-QUE-HAN-SIDO-DESINCORPORADOS-DEL-PATRIMONIO-MUNICIPAL-1-150x150.jpg\" class=\"attachment-thumbnail size-thumbnail\" alt=\"\" loading=\"lazy\" \/><\/a>\n\t\t\t<\/dt><\/dl><dl class='gallery-item'>\n\t\t\t<dt class='gallery-icon landscape'>\n\t\t\t\t<a href='https:\/\/cuernavaca.gob.mx\/?attachment_id=44492'><img width=\"150\" height=\"150\" src=\"https:\/\/cuernavaca.gob.mx\/wp-content\/uploads\/2024\/09\/DARA\u0301-DE-BAJA-AYUNTAMIENTO-DE-CUERNAVACA-VEHI\u0301CULOS-CONSIDERADOS-CHATARRA-QUE-HAN-SIDO-DESINCORPORADOS-DEL-PATRIMONIO-MUNICIPAL-2-150x150.jpg\" class=\"attachment-thumbnail size-thumbnail\" alt=\"\" loading=\"lazy\" \/><\/a>\n\t\t\t<\/dt><\/dl><dl class='gallery-item'>\n\t\t\t<dt class='gallery-icon landscape'>\n\t\t\t\t<a href='https:\/\/cuernavaca.gob.mx\/?attachment_id=44493'><img width=\"150\" height=\"150\" src=\"https:\/\/cuernavaca.gob.mx\/wp-content\/uploads\/2024\/09\/DARA\u0301-DE-BAJA-AYUNTAMIENTO-DE-CUERNAVACA-VEHI\u0301CULOS-CONSIDERADOS-CHATARRA-QUE-HAN-SIDO-DESINCORPORADOS-DEL-PATRIMONIO-MUNICIPAL-3-150x150.jpg\" class=\"attachment-thumbnail size-thumbnail\" alt=\"\" loading=\"lazy\" \/><\/a>\n\t\t\t<\/dt><\/dl><br style=\"clear: both\" \/><dl class='gallery-item'>\n\t\t\t<dt class='gallery-icon landscape'>\n\t\t\t\t<a href='https:\/\/cuernavaca.gob.mx\/?attachment_id=44494'><img width=\"150\" height=\"150\" src=\"https:\/\/cuernavaca.gob.mx\/wp-content\/uploads\/2024\/09\/DARA\u0301-DE-BAJA-AYUNTAMIENTO-DE-CUERNAVACA-VEHI\u0301CULOS-CONSIDERADOS-CHATARRA-QUE-HAN-SIDO-DESINCORPORADOS-DEL-PATRIMONIO-MUNICIPAL-4-150x150.jpg\" class=\"attachment-thumbnail size-thumbnail\" alt=\"\" loading=\"lazy\" \/><\/a>\n\t\t\t<\/dt><\/dl><dl class='gallery-item'>\n\t\t\t<dt class='gallery-icon landscape'>\n\t\t\t\t<a href='https:\/\/cuernavaca.gob.mx\/?attachment_id=44495'><img width=\"150\" height=\"150\" src=\"https:\/\/cuernavaca.gob.mx\/wp-content\/uploads\/2024\/09\/DARA\u0301-DE-BAJA-AYUNTAMIENTO-DE-CUERNAVACA-VEHI\u0301CULOS-CONSIDERADOS-CHATARRA-QUE-HAN-SIDO-DESINCORPORADOS-DEL-PATRIMONIO-MUNICIPAL-5-150x150.jpg\" class=\"attachment-thumbnail size-thumbnail\" alt=\"\" loading=\"lazy\" \/><\/a>\n\t\t\t<\/dt><\/dl>\n\t\t\t<br style='clear: both' \/>\n\t\t<\/div>\n\n","protected":false},"excerpt":{"rendered":"<p>\u2022 Son 204 autom\u00f3viles que desde hace m\u00e1s de 20 a\u00f1os est\u00e1n arrumbados en el predio del extinto taller municipal \u2022 Se pretende liberar terreno y obtener recursos econ\u00f3micos para el desarrollo de actividades y proyectos gubernamentales que sigan favoreciendo a los cuernavaquenses El Comit\u00e9 para la desincorporaci\u00f3n y venta de bienes muebles considerados chatarra [&hellip;]<\/p>\n","protected":false},"author":1,"featured_media":44495,"comment_status":"closed","ping_status":"open","sticky":false,"template":"","format":"standard","meta":[],"categories":[20],"tags":[160,121,2119,3367,206,3722,3529,3826],"aioseo_notices":[],"_links":{"self":[{"href":"https:\/\/cuernavaca.gob.mx\/index.php?rest_route=\/wp\/v2\/posts\/44490"}],"collection":[{"href":"https:\/\/cuernavaca.gob.mx\/index.php?rest_route=\/wp\/v2\/posts"}],"about":[{"href":"https:\/\/cuernavaca.gob.mx\/index.php?rest_route=\/wp\/v2\/types\/post"}],"author":[{"embeddable":true,"href":"https:\/\/cuernavaca.gob.mx\/index.php?rest_route=\/wp\/v2\/users\/1"}],"replies":[{"embeddable":true,"href":"https:\/\/cuernavaca.gob.mx\/index.php?rest_route=%2Fwp%2Fv2%2Fcomments&post=44490"}],"version-history":[{"count":1,"href":"https:\/\/cuernavaca.gob.mx\/index.php?rest_route=\/wp\/v2\/posts\/44490\/revisions"}],"predecessor-version":[{"id":44496,"href":"https:\/\/cuernavaca.gob.mx\/index.php?rest_route=\/wp\/v2\/posts\/44490\/revisions\/44496"}],"wp:featuredmedia":[{"embeddable":true,"href":"https:\/\/cuernavaca.gob.mx\/index.php?rest_route=\/wp\/v2\/media\/44495"}],"wp:attachment":[{"href":"https:\/\/cuernavaca.gob.mx\/index.php?rest_route=%2Fwp%2Fv2%2Fmedia&parent=44490"}],"wp:term":[{"taxonomy":"category","embeddable":true,"href":"https:\/\/cuernavaca.gob.mx\/index.php?rest_route=%2Fwp%2Fv2%2Fcategories&post=44490"},{"taxonomy":"post_tag","embeddable":true,"href":"https:\/\/cuernavaca.gob.mx\/index.php?rest_route=%2Fwp%2Fv2%2Ftags&post=44490"}],"curies":[{"name":"wp","href":"https:\/\/api.w.org\/{rel}","templated":true}]}}