{"id":44511,"date":"2024-09-25T13:30:02","date_gmt":"2024-09-25T19:30:02","guid":{"rendered":"https:\/\/cuernavaca.gob.mx\/?p=44511"},"modified":"2024-09-25T18:00:14","modified_gmt":"2024-09-26T00:00:14","slug":"inicia-auditoria-2023-en-sapac-por-la-entidad-superior-de-auditoria-y-fiscalizacion","status":"publish","type":"post","link":"https:\/\/cuernavaca.gob.mx\/?p=44511","title":{"rendered":"INICIA AUDITORIA 2023 EN SAPAC POR LA ENTIDAD SUPERIOR DE AUDITOR\u00cdA Y FISCALIZACI\u00d3N"},"content":{"rendered":"<p>Este mi\u00e9rcoles, dio inicio con la auditor\u00eda n\u00famero A01-23AEOPB-SAPAC correspondiente al ejercicio fiscal 2023, quedando constatada en el acta n\u00famero 15-AI 2023, acto celebrado en las oficinas de la Entidad Superior de Auditor\u00eda y Fiscalizaci\u00f3n del Congreso del Estado de Morelos (ESAF).<\/p>\n<p>En representaci\u00f3n de la Directora General del SAPAC, Evelia Flores Hern\u00e1ndez, asisti\u00f3 \u00c1lvaro Gonz\u00e1lez Mosso, Director de Administraci\u00f3n y Finanzas.<\/p>\n<p>Por parte del Organismo Auditor, estuvo presente el Mtro. Rodrigo Ortiz Hern\u00e1ndez, Auditor Especial de Organismos P\u00fablicos &#8220;B&#8221;, en representaci\u00f3n de la Entidad Superior de Auditor\u00eda y Fiscalizaci\u00f3n del Congreso del Estado de Morelos (ESAF).<\/p>\n<p>La auditor\u00eda tiene como objetivo la revisi\u00f3n y fiscalizaci\u00f3n del manejo de recursos p\u00fablicos correspondientes al ejercicio fiscal 2023.<\/p>\n\n\t\t<style type=\"text\/css\">\n\t\t\t#gallery-1 {\n\t\t\t\tmargin: auto;\n\t\t\t}\n\t\t\t#gallery-1 .gallery-item {\n\t\t\t\tfloat: left;\n\t\t\t\tmargin-top: 10px;\n\t\t\t\ttext-align: center;\n\t\t\t\twidth: 33%;\n\t\t\t}\n\t\t\t#gallery-1 img {\n\t\t\t\tborder: 2px solid #cfcfcf;\n\t\t\t}\n\t\t\t#gallery-1 .gallery-caption {\n\t\t\t\tmargin-left: 0;\n\t\t\t}\n\t\t\t\/* see gallery_shortcode() in wp-includes\/media.php *\/\n\t\t<\/style>\n\t\t<div id='gallery-1' class='gallery galleryid-44511 gallery-columns-3 gallery-size-thumbnail'><dl class='gallery-item'>\n\t\t\t<dt class='gallery-icon landscape'>\n\t\t\t\t<a href='https:\/\/cuernavaca.gob.mx\/?attachment_id=44512'><img width=\"150\" height=\"150\" src=\"https:\/\/cuernavaca.gob.mx\/wp-content\/uploads\/2024\/09\/INICIA-AUDITORIA-2023-EN-SAPAC-POR-LA-ENTIDAD-SUPERIOR-DE-AUDITORI\u0301A-Y-FISCALIZACIO\u0301N-1-150x150.jpg\" class=\"attachment-thumbnail size-thumbnail\" alt=\"\" loading=\"lazy\" \/><\/a>\n\t\t\t<\/dt><\/dl><dl class='gallery-item'>\n\t\t\t<dt class='gallery-icon landscape'>\n\t\t\t\t<a href='https:\/\/cuernavaca.gob.mx\/?attachment_id=44513'><img width=\"150\" height=\"150\" src=\"https:\/\/cuernavaca.gob.mx\/wp-content\/uploads\/2024\/09\/INICIA-AUDITORIA-2023-EN-SAPAC-POR-LA-ENTIDAD-SUPERIOR-DE-AUDITORI\u0301A-Y-FISCALIZACIO\u0301N-2-150x150.jpg\" class=\"attachment-thumbnail size-thumbnail\" alt=\"\" loading=\"lazy\" \/><\/a>\n\t\t\t<\/dt><\/dl><dl class='gallery-item'>\n\t\t\t<dt class='gallery-icon landscape'>\n\t\t\t\t<a href='https:\/\/cuernavaca.gob.mx\/?attachment_id=44514'><img width=\"150\" height=\"150\" src=\"https:\/\/cuernavaca.gob.mx\/wp-content\/uploads\/2024\/09\/INICIA-AUDITORIA-2023-EN-SAPAC-POR-LA-ENTIDAD-SUPERIOR-DE-AUDITORI\u0301A-Y-FISCALIZACIO\u0301N-3-150x150.jpg\" class=\"attachment-thumbnail size-thumbnail\" alt=\"\" loading=\"lazy\" \/><\/a>\n\t\t\t<\/dt><\/dl><br style=\"clear: both\" \/>\n\t\t<\/div>\n\n<p>&nbsp;<\/p>\n","protected":false},"excerpt":{"rendered":"<p>Este mi\u00e9rcoles, dio inicio con la auditor\u00eda n\u00famero A01-23AEOPB-SAPAC correspondiente al ejercicio fiscal 2023, quedando constatada en el acta n\u00famero 15-AI 2023, acto celebrado en las oficinas de la Entidad Superior de Auditor\u00eda y Fiscalizaci\u00f3n del Congreso del Estado de Morelos (ESAF). En representaci\u00f3n de la Directora General del SAPAC, Evelia Flores Hern\u00e1ndez, asisti\u00f3 \u00c1lvaro [&hellip;]<\/p>\n","protected":false},"author":1,"featured_media":44512,"comment_status":"closed","ping_status":"open","sticky":false,"template":"","format":"standard","meta":[],"categories":[145],"tags":[2596,121,1016,120,206,127,1819,124,1727],"aioseo_notices":[],"_links":{"self":[{"href":"https:\/\/cuernavaca.gob.mx\/index.php?rest_route=\/wp\/v2\/posts\/44511"}],"collection":[{"href":"https:\/\/cuernavaca.gob.mx\/index.php?rest_route=\/wp\/v2\/posts"}],"about":[{"href":"https:\/\/cuernavaca.gob.mx\/index.php?rest_route=\/wp\/v2\/types\/post"}],"author":[{"embeddable":true,"href":"https:\/\/cuernavaca.gob.mx\/index.php?rest_route=\/wp\/v2\/users\/1"}],"replies":[{"embeddable":true,"href":"https:\/\/cuernavaca.gob.mx\/index.php?rest_route=%2Fwp%2Fv2%2Fcomments&post=44511"}],"version-history":[{"count":1,"href":"https:\/\/cuernavaca.gob.mx\/index.php?rest_route=\/wp\/v2\/posts\/44511\/revisions"}],"predecessor-version":[{"id":44515,"href":"https:\/\/cuernavaca.gob.mx\/index.php?rest_route=\/wp\/v2\/posts\/44511\/revisions\/44515"}],"wp:featuredmedia":[{"embeddable":true,"href":"https:\/\/cuernavaca.gob.mx\/index.php?rest_route=\/wp\/v2\/media\/44512"}],"wp:attachment":[{"href":"https:\/\/cuernavaca.gob.mx\/index.php?rest_route=%2Fwp%2Fv2%2Fmedia&parent=44511"}],"wp:term":[{"taxonomy":"category","embeddable":true,"href":"https:\/\/cuernavaca.gob.mx\/index.php?rest_route=%2Fwp%2Fv2%2Fcategories&post=44511"},{"taxonomy":"post_tag","embeddable":true,"href":"https:\/\/cuernavaca.gob.mx\/index.php?rest_route=%2Fwp%2Fv2%2Ftags&post=44511"}],"curies":[{"name":"wp","href":"https:\/\/api.w.org\/{rel}","templated":true}]}}