{"id":44647,"date":"2024-09-30T12:00:23","date_gmt":"2024-09-30T18:00:23","guid":{"rendered":"https:\/\/cuernavaca.gob.mx\/?p=44647"},"modified":"2024-09-30T13:18:53","modified_gmt":"2024-09-30T19:18:53","slug":"f917-30-09-24-jose-luis-uriostegui-pone-en-marcha-rehabilitacion-de-linea-de-agua-en-calle-morelos-de-acapantzingo-con-inversion-de-recursos-municipales","status":"publish","type":"post","link":"https:\/\/cuernavaca.gob.mx\/?p=44647","title":{"rendered":"F917 30\/09\/24  JOS\u00c9 LUIS URI\u00d3STEGUI PONE EN MARCHA REHABILITACI\u00d3N DE LINEA DE AGUA EN CALLE MORELOS DE ACAPANTZINGO CON INVERSI\u00d3N DE RECURSOS MUNICIPALES"},"content":{"rendered":"<p>Para seguir garantizando el derecho humano al agua potable, el presidente municipal de Cuernavaca, Jos\u00e9 Luis Uri\u00f3stegui Salgado e integrantes del Cabildo, dieron el banderazo de arranque de la obra de rehabilitaci\u00f3n de la l\u00ednea de agua potable de tres pulgadas en calle Morelos de la colonia Acapantzingo que con monto de inversi\u00f3n de un mill\u00f3n 473 mil 531.83 pesos de recursos propios municipales estar\u00e1 beneficiando a dos mil 448 habitantes directos.<\/p>\n<p>Al ser un trabajo coordinado entre el Sistema de Agua Potable y Alcantarillado de Cuernavaca (SAPAC) y la Secretar\u00eda de Desarrollo Urbano y Obras P\u00fablicas, su titular, Demetrio Chavira de la Torre, inform\u00f3 que la meta principal es el suministro de un tubo PEAD liso hidr\u00e1ulico RD- 11 de tres pulgadas de di\u00e1metro en 309 metros lineales, para lo cual llevar\u00e1n a cabo el relleno con material de banco compactado, la colocaci\u00f3n de cajas para operaci\u00f3n de v\u00e1lvula con marco y tapa de fierro fundido y contramarcos sencillos en cinco piezas, y el suministro e instalaci\u00f3n de cinco v\u00e1lvulas de compuerta de 76 mil\u00edmetros de tres pulgadas de di\u00e1metro.<\/p>\n<p>En presencia de la s\u00edndica municipal, Catalina Ver\u00f3nica Atenco P\u00e9rez y de los regidores Mireya Delgado Romero, Fernando Carrillo Alvarado y Sergio Quevedo N\u00fa\u00f1ez, el secretaria de Desarrollo Urbano y Obras P\u00fablicas, indic\u00f3 que como ha ocurrido en todas las obras h\u00eddricas har\u00e1n la reposici\u00f3n de 47 tomas domiciliarias de tres pulgadas por \u00bd pulgada para finalmente restituir el pavimento de 15 cent\u00edmetros de espesor a base de concreto premezclado de 250 kg\/cm2 en 185 metros cuadrados, con lo cual resolver\u00e1n el gran problema de fugas que se presentaba en esta arteria, garantizando la correcta distribuci\u00f3n del agua.<\/p>\n\n\t\t<style type=\"text\/css\">\n\t\t\t#gallery-1 {\n\t\t\t\tmargin: auto;\n\t\t\t}\n\t\t\t#gallery-1 .gallery-item {\n\t\t\t\tfloat: left;\n\t\t\t\tmargin-top: 10px;\n\t\t\t\ttext-align: center;\n\t\t\t\twidth: 33%;\n\t\t\t}\n\t\t\t#gallery-1 img {\n\t\t\t\tborder: 2px solid #cfcfcf;\n\t\t\t}\n\t\t\t#gallery-1 .gallery-caption {\n\t\t\t\tmargin-left: 0;\n\t\t\t}\n\t\t\t\/* see gallery_shortcode() in wp-includes\/media.php *\/\n\t\t<\/style>\n\t\t<div id='gallery-1' class='gallery galleryid-44647 gallery-columns-3 gallery-size-thumbnail'><dl class='gallery-item'>\n\t\t\t<dt class='gallery-icon landscape'>\n\t\t\t\t<a href='https:\/\/cuernavaca.gob.mx\/?attachment_id=44648'><img width=\"150\" height=\"150\" src=\"https:\/\/cuernavaca.gob.mx\/wp-content\/uploads\/2024\/09\/JOSE\u0301-LUIS-URIO\u0301STEGUI-PONE-EN-MARCHA-REHABILITACIO\u0301N-DE-LINEA-DE-AGUA-EN-CALLE-MORELOS-DE-ACAPANTZINGO-CON-INVERSIO\u0301N-DE-RECURSOS-MUNICIPALES-1-150x150.jpg\" class=\"attachment-thumbnail size-thumbnail\" alt=\"\" loading=\"lazy\" \/><\/a>\n\t\t\t<\/dt><\/dl><dl class='gallery-item'>\n\t\t\t<dt class='gallery-icon landscape'>\n\t\t\t\t<a href='https:\/\/cuernavaca.gob.mx\/?attachment_id=44649'><img width=\"150\" height=\"150\" src=\"https:\/\/cuernavaca.gob.mx\/wp-content\/uploads\/2024\/09\/JOSE\u0301-LUIS-URIO\u0301STEGUI-PONE-EN-MARCHA-REHABILITACIO\u0301N-DE-LINEA-DE-AGUA-EN-CALLE-MORELOS-DE-ACAPANTZINGO-CON-INVERSIO\u0301N-DE-RECURSOS-MUNICIPALES-2-150x150.jpg\" class=\"attachment-thumbnail size-thumbnail\" alt=\"\" loading=\"lazy\" \/><\/a>\n\t\t\t<\/dt><\/dl><dl class='gallery-item'>\n\t\t\t<dt class='gallery-icon landscape'>\n\t\t\t\t<a href='https:\/\/cuernavaca.gob.mx\/?attachment_id=44650'><img width=\"150\" height=\"150\" src=\"https:\/\/cuernavaca.gob.mx\/wp-content\/uploads\/2024\/09\/JOSE\u0301-LUIS-URIO\u0301STEGUI-PONE-EN-MARCHA-REHABILITACIO\u0301N-DE-LINEA-DE-AGUA-EN-CALLE-MORELOS-DE-ACAPANTZINGO-CON-INVERSIO\u0301N-DE-RECURSOS-MUNICIPALES-3-150x150.jpg\" class=\"attachment-thumbnail size-thumbnail\" alt=\"\" loading=\"lazy\" \/><\/a>\n\t\t\t<\/dt><\/dl><br style=\"clear: both\" \/><dl class='gallery-item'>\n\t\t\t<dt class='gallery-icon landscape'>\n\t\t\t\t<a href='https:\/\/cuernavaca.gob.mx\/?attachment_id=44651'><img width=\"150\" height=\"150\" src=\"https:\/\/cuernavaca.gob.mx\/wp-content\/uploads\/2024\/09\/JOSE\u0301-LUIS-URIO\u0301STEGUI-PONE-EN-MARCHA-REHABILITACIO\u0301N-DE-LINEA-DE-AGUA-EN-CALLE-MORELOS-DE-ACAPANTZINGO-CON-INVERSIO\u0301N-DE-RECURSOS-MUNICIPALES-4-150x150.jpg\" class=\"attachment-thumbnail size-thumbnail\" alt=\"\" loading=\"lazy\" \/><\/a>\n\t\t\t<\/dt><\/dl><dl class='gallery-item'>\n\t\t\t<dt class='gallery-icon landscape'>\n\t\t\t\t<a href='https:\/\/cuernavaca.gob.mx\/?attachment_id=44652'><img width=\"150\" height=\"150\" src=\"https:\/\/cuernavaca.gob.mx\/wp-content\/uploads\/2024\/09\/JOSE\u0301-LUIS-URIO\u0301STEGUI-PONE-EN-MARCHA-REHABILITACIO\u0301N-DE-LINEA-DE-AGUA-EN-CALLE-MORELOS-DE-ACAPANTZINGO-CON-INVERSIO\u0301N-DE-RECURSOS-MUNICIPALES-5-150x150.jpg\" class=\"attachment-thumbnail size-thumbnail\" alt=\"\" loading=\"lazy\" \/><\/a>\n\t\t\t<\/dt><\/dl><dl class='gallery-item'>\n\t\t\t<dt class='gallery-icon landscape'>\n\t\t\t\t<a href='https:\/\/cuernavaca.gob.mx\/?attachment_id=44653'><img width=\"150\" height=\"150\" src=\"https:\/\/cuernavaca.gob.mx\/wp-content\/uploads\/2024\/09\/JOSE\u0301-LUIS-URIO\u0301STEGUI-PONE-EN-MARCHA-REHABILITACIO\u0301N-DE-LINEA-DE-AGUA-EN-CALLE-MORELOS-DE-ACAPANTZINGO-CON-INVERSIO\u0301N-DE-RECURSOS-MUNICIPALES-6-150x150.jpg\" class=\"attachment-thumbnail size-thumbnail\" alt=\"\" loading=\"lazy\" \/><\/a>\n\t\t\t<\/dt><\/dl><br style=\"clear: both\" \/>\n\t\t<\/div>\n\n","protected":false},"excerpt":{"rendered":"<p>Para seguir garantizando el derecho humano al agua potable, el presidente municipal de Cuernavaca, Jos\u00e9 Luis Uri\u00f3stegui Salgado e integrantes del Cabildo, dieron el banderazo de arranque de la obra de rehabilitaci\u00f3n de la l\u00ednea de agua potable de tres pulgadas en calle Morelos de la colonia Acapantzingo que con monto de inversi\u00f3n de un [&hellip;]<\/p>\n","protected":false},"author":1,"featured_media":44651,"comment_status":"closed","ping_status":"open","sticky":false,"template":"","format":"standard","meta":[],"categories":[18],"tags":[395,615,916,121,120,206,1075,213,127,138],"aioseo_notices":[],"_links":{"self":[{"href":"https:\/\/cuernavaca.gob.mx\/index.php?rest_route=\/wp\/v2\/posts\/44647"}],"collection":[{"href":"https:\/\/cuernavaca.gob.mx\/index.php?rest_route=\/wp\/v2\/posts"}],"about":[{"href":"https:\/\/cuernavaca.gob.mx\/index.php?rest_route=\/wp\/v2\/types\/post"}],"author":[{"embeddable":true,"href":"https:\/\/cuernavaca.gob.mx\/index.php?rest_route=\/wp\/v2\/users\/1"}],"replies":[{"embeddable":true,"href":"https:\/\/cuernavaca.gob.mx\/index.php?rest_route=%2Fwp%2Fv2%2Fcomments&post=44647"}],"version-history":[{"count":1,"href":"https:\/\/cuernavaca.gob.mx\/index.php?rest_route=\/wp\/v2\/posts\/44647\/revisions"}],"predecessor-version":[{"id":44654,"href":"https:\/\/cuernavaca.gob.mx\/index.php?rest_route=\/wp\/v2\/posts\/44647\/revisions\/44654"}],"wp:featuredmedia":[{"embeddable":true,"href":"https:\/\/cuernavaca.gob.mx\/index.php?rest_route=\/wp\/v2\/media\/44651"}],"wp:attachment":[{"href":"https:\/\/cuernavaca.gob.mx\/index.php?rest_route=%2Fwp%2Fv2%2Fmedia&parent=44647"}],"wp:term":[{"taxonomy":"category","embeddable":true,"href":"https:\/\/cuernavaca.gob.mx\/index.php?rest_route=%2Fwp%2Fv2%2Fcategories&post=44647"},{"taxonomy":"post_tag","embeddable":true,"href":"https:\/\/cuernavaca.gob.mx\/index.php?rest_route=%2Fwp%2Fv2%2Ftags&post=44647"}],"curies":[{"name":"wp","href":"https:\/\/api.w.org\/{rel}","templated":true}]}}