{"id":44655,"date":"2024-09-30T13:30:46","date_gmt":"2024-09-30T19:30:46","guid":{"rendered":"https:\/\/cuernavaca.gob.mx\/?p=44655"},"modified":"2024-09-30T14:01:34","modified_gmt":"2024-09-30T20:01:34","slug":"f918-30-09-24-ayuntamiento-de-cuernavaca-atiende-hundimiento-formado-por-el-cauce-de-un-rio-en-calle-pino-de-la-colonia-rancho-cortes","status":"publish","type":"post","link":"https:\/\/cuernavaca.gob.mx\/?p=44655","title":{"rendered":"F918 30\/09\/24 AYUNTAMIENTO DE CUERNAVACA ATIENDE HUNDIMIENTO FORMADO POR EL CAUCE DE UN R\u00cdO EN CALLE PINO DE LA COLONIA RANCHO CORT\u00c9S"},"content":{"rendered":"<p>Por instrucciones del presidente municipal de Cuernavaca, Jos\u00e9 Luis Uri\u00f3stegui Salgado, la Secretar\u00eda de Desarrollo Urbano y Obras P\u00fablica atiende un socav\u00f3n formado durante las \u00faltimas horas de constantes lluvias en calle Pino de la colonia Rancho Cort\u00e9s, donde el cauce de un r\u00edo que pasa por debajo de la vialidad se desvi\u00f3.<\/p>\n<p>El secretario de Desarrollo Urbano y Obras P\u00fablica, Demetrio Chavira de la Torre, inform\u00f3 que la cantidad de agua que pasa por debajo de calle Pino ha socavado y fracturado la parte izquierda de la infraestructura de un puente que tiene varios a\u00f1os de antig\u00fcedad, por lo cual en un periodo estimado de un mes estar\u00e1n recuperando el cauce al inicio del r\u00edo.<\/p>\n<p>Se\u00f1al\u00f3 que, si bien hasta el momento solo han acordonado la zona afectada, si Protecci\u00f3n Civil define que el riesgo es para los veh\u00edculos tendr\u00e1n que restringir el acceso a la vialidad.<\/p>\n\n\t\t<style type=\"text\/css\">\n\t\t\t#gallery-1 {\n\t\t\t\tmargin: auto;\n\t\t\t}\n\t\t\t#gallery-1 .gallery-item {\n\t\t\t\tfloat: left;\n\t\t\t\tmargin-top: 10px;\n\t\t\t\ttext-align: center;\n\t\t\t\twidth: 33%;\n\t\t\t}\n\t\t\t#gallery-1 img {\n\t\t\t\tborder: 2px solid #cfcfcf;\n\t\t\t}\n\t\t\t#gallery-1 .gallery-caption {\n\t\t\t\tmargin-left: 0;\n\t\t\t}\n\t\t\t\/* see gallery_shortcode() in wp-includes\/media.php *\/\n\t\t<\/style>\n\t\t<div id='gallery-1' class='gallery galleryid-44655 gallery-columns-3 gallery-size-thumbnail'><dl class='gallery-item'>\n\t\t\t<dt class='gallery-icon landscape'>\n\t\t\t\t<a href='https:\/\/cuernavaca.gob.mx\/?attachment_id=44660'><img width=\"150\" height=\"150\" src=\"https:\/\/cuernavaca.gob.mx\/wp-content\/uploads\/2024\/09\/AYUNTAMIENTO-DE-CUERNAVACA-ATIENDE-HUNDIMIENTO-FORMADO-POR-EL-CAUCE-DE-UN-RI\u0301O-EN-CALLE-PINO-DE-LA-COLONIA-RANCHO-CORTE\u0301S-1-150x150.jpg\" class=\"attachment-thumbnail size-thumbnail\" alt=\"\" loading=\"lazy\" \/><\/a>\n\t\t\t<\/dt><\/dl><dl class='gallery-item'>\n\t\t\t<dt class='gallery-icon landscape'>\n\t\t\t\t<a href='https:\/\/cuernavaca.gob.mx\/?attachment_id=44661'><img width=\"150\" height=\"150\" src=\"https:\/\/cuernavaca.gob.mx\/wp-content\/uploads\/2024\/09\/AYUNTAMIENTO-DE-CUERNAVACA-ATIENDE-HUNDIMIENTO-FORMADO-POR-EL-CAUCE-DE-UN-RI\u0301O-EN-CALLE-PINO-DE-LA-COLONIA-RANCHO-CORTE\u0301S-2-150x150.jpg\" class=\"attachment-thumbnail size-thumbnail\" alt=\"\" loading=\"lazy\" \/><\/a>\n\t\t\t<\/dt><\/dl><dl class='gallery-item'>\n\t\t\t<dt class='gallery-icon landscape'>\n\t\t\t\t<a href='https:\/\/cuernavaca.gob.mx\/?attachment_id=44662'><img width=\"150\" height=\"150\" src=\"https:\/\/cuernavaca.gob.mx\/wp-content\/uploads\/2024\/09\/AYUNTAMIENTO-DE-CUERNAVACA-ATIENDE-HUNDIMIENTO-FORMADO-POR-EL-CAUCE-DE-UN-RI\u0301O-EN-CALLE-PINO-DE-LA-COLONIA-RANCHO-CORTE\u0301S-3-150x150.jpg\" class=\"attachment-thumbnail size-thumbnail\" alt=\"\" loading=\"lazy\" \/><\/a>\n\t\t\t<\/dt><\/dl><br style=\"clear: both\" \/><dl class='gallery-item'>\n\t\t\t<dt class='gallery-icon landscape'>\n\t\t\t\t<a href='https:\/\/cuernavaca.gob.mx\/?attachment_id=44663'><img width=\"150\" height=\"150\" src=\"https:\/\/cuernavaca.gob.mx\/wp-content\/uploads\/2024\/09\/AYUNTAMIENTO-DE-CUERNAVACA-ATIENDE-HUNDIMIENTO-FORMADO-POR-EL-CAUCE-DE-UN-RI\u0301O-EN-CALLE-PINO-DE-LA-COLONIA-RANCHO-CORTE\u0301S-4-150x150.jpg\" class=\"attachment-thumbnail size-thumbnail\" alt=\"\" loading=\"lazy\" \/><\/a>\n\t\t\t<\/dt><\/dl>\n\t\t\t<br style='clear: both' \/>\n\t\t<\/div>\n\n","protected":false},"excerpt":{"rendered":"<p>Por instrucciones del presidente municipal de Cuernavaca, Jos\u00e9 Luis Uri\u00f3stegui Salgado, la Secretar\u00eda de Desarrollo Urbano y Obras P\u00fablica atiende un socav\u00f3n formado durante las \u00faltimas horas de constantes lluvias en calle Pino de la colonia Rancho Cort\u00e9s, donde el cauce de un r\u00edo que pasa por debajo de la vialidad se desvi\u00f3. El secretario [&hellip;]<\/p>\n","protected":false},"author":1,"featured_media":44661,"comment_status":"closed","ping_status":"open","sticky":false,"template":"","format":"standard","meta":[],"categories":[18],"tags":[121,120,206,356,232,127,1167],"aioseo_notices":[],"_links":{"self":[{"href":"https:\/\/cuernavaca.gob.mx\/index.php?rest_route=\/wp\/v2\/posts\/44655"}],"collection":[{"href":"https:\/\/cuernavaca.gob.mx\/index.php?rest_route=\/wp\/v2\/posts"}],"about":[{"href":"https:\/\/cuernavaca.gob.mx\/index.php?rest_route=\/wp\/v2\/types\/post"}],"author":[{"embeddable":true,"href":"https:\/\/cuernavaca.gob.mx\/index.php?rest_route=\/wp\/v2\/users\/1"}],"replies":[{"embeddable":true,"href":"https:\/\/cuernavaca.gob.mx\/index.php?rest_route=%2Fwp%2Fv2%2Fcomments&post=44655"}],"version-history":[{"count":1,"href":"https:\/\/cuernavaca.gob.mx\/index.php?rest_route=\/wp\/v2\/posts\/44655\/revisions"}],"predecessor-version":[{"id":44664,"href":"https:\/\/cuernavaca.gob.mx\/index.php?rest_route=\/wp\/v2\/posts\/44655\/revisions\/44664"}],"wp:featuredmedia":[{"embeddable":true,"href":"https:\/\/cuernavaca.gob.mx\/index.php?rest_route=\/wp\/v2\/media\/44661"}],"wp:attachment":[{"href":"https:\/\/cuernavaca.gob.mx\/index.php?rest_route=%2Fwp%2Fv2%2Fmedia&parent=44655"}],"wp:term":[{"taxonomy":"category","embeddable":true,"href":"https:\/\/cuernavaca.gob.mx\/index.php?rest_route=%2Fwp%2Fv2%2Fcategories&post=44655"},{"taxonomy":"post_tag","embeddable":true,"href":"https:\/\/cuernavaca.gob.mx\/index.php?rest_route=%2Fwp%2Fv2%2Ftags&post=44655"}],"curies":[{"name":"wp","href":"https:\/\/api.w.org\/{rel}","templated":true}]}}