{"id":44973,"date":"2024-10-12T13:15:19","date_gmt":"2024-10-12T19:15:19","guid":{"rendered":"https:\/\/cuernavaca.gob.mx\/?p=44973"},"modified":"2024-10-12T13:59:28","modified_gmt":"2024-10-12T19:59:28","slug":"c-seprac-12-10-24-del-30-de-septiembre-al-06-de-octubre-seprac-detuvo-a-un-total-de-71-personas","status":"publish","type":"post","link":"https:\/\/cuernavaca.gob.mx\/?p=44973","title":{"rendered":"C SEPRAC 12\/10\/24 DEL 30 DE SEPTIEMBRE AL 06 DE OCTUBRE, SEPRAC DETUVO A UN TOTAL DE 71 PERSONAS"},"content":{"rendered":"<p><strong>\u2022 La Unidad de Prevenci\u00f3n al Robo de Veh\u00edculo (UPRV) ha recuperado en lo que va del a\u00f1o 163 unidades automotoras, privilegiando el cuidado del patrimonio de los ciudadanos<\/strong><\/p>\n<p>La Secretar\u00eda de Protecci\u00f3n y Auxilio Ciudadano de Cuernavaca inform\u00f3 que del 30 de septiembre al 06 de octubre se detuvo a 71 personas, de las cuales cinco fueron puestas a disposici\u00f3n del Ministerio P\u00fablico y 66 al Juez C\u00edvico por diversos delitos y faltas administrativas, recuperando la Unidad de Prevenci\u00f3n al Robo de Veh\u00edculo (UPRV) un total de 163 unidades automotoras del 01 de enero al 06 de octubre.<\/p>\n<p>En conferencia de prensa, el subsecretario de la Polic\u00eda Preventiva, Christian M\u00e9ndez Quintana, inform\u00f3 que como parte de las detenciones registradas la semana pasada se ubica el aseguramiento de Roberto \u201cN\u201d el 30 de septiembre en la colonia Ricardo Flores Mag\u00f3n por su probable participaci\u00f3n en el delito de abuso de confianza en perjuicio de un establecimiento \u201cOxxo\u201d, quien fue puesto a disposici\u00f3n del Ministerio P\u00fablico.<\/p>\n<p>El 02 de octubre en el poblado de Chamilpa se detuvo y puso a disposici\u00f3n del Ministerio P\u00fablico a Francisco \u201cN\u201d, por su probable participaci\u00f3n en el delito de amenazas en agravio de una persona del sexo femenino, la cual contaba con medidas de protecci\u00f3n.<\/p>\n<p>De igual forma, el 03 de octubre en la colonia Rancho Alegre del poblado de Ahuatepec se detuvo y puso a disposici\u00f3n del Ministerio P\u00fablico al adolescente de nombre Yahel \u201cN\u201d por su probable participaci\u00f3n en la conducta antisocial de abuso sexual en agravio de una persona del sexo femenino. Ese mismo d\u00eda, pero en la colonia Tulipanes detuvieron y pusieron a disposici\u00f3n del Ministerio P\u00fablico a \u00d3scar \u201cN\u201d por poseer una motocicleta marca Italika, tipo FT150 de color gris, n\u00famero de serie 3SCK2AEN5M1019307, con reporte de robo vigente.<\/p>\n<p>Cabe mencionar que \u00d3scar \u201cN\u201d ha sido puesto a disposici\u00f3n del Ministerio Publico en dos ocasiones, en 2019 y 2023, por posesi\u00f3n de veh\u00edculo de procedencia il\u00edcita.<\/p>\n<p>Finalmente, el 04 de octubre en la colonia Adolfo L\u00f3pez Mateos elementos de SEPRAC detuvieron y pusieron a disposici\u00f3n del Ministerio P\u00fablico a Daniela \u201cN\u201d por poseer un veh\u00edculo con alteraciones en sus medios identificativos. Se le asegur\u00f3 un veh\u00edculo marca Honda, submarca CRV, color negro, a\u00f1o 2016, serie 3HGRM3872GG007859 y placas de circulaci\u00f3n PVB126E del estado de Morelos.<\/p>\n\n\t\t<style type=\"text\/css\">\n\t\t\t#gallery-1 {\n\t\t\t\tmargin: auto;\n\t\t\t}\n\t\t\t#gallery-1 .gallery-item {\n\t\t\t\tfloat: left;\n\t\t\t\tmargin-top: 10px;\n\t\t\t\ttext-align: center;\n\t\t\t\twidth: 33%;\n\t\t\t}\n\t\t\t#gallery-1 img {\n\t\t\t\tborder: 2px solid #cfcfcf;\n\t\t\t}\n\t\t\t#gallery-1 .gallery-caption {\n\t\t\t\tmargin-left: 0;\n\t\t\t}\n\t\t\t\/* see gallery_shortcode() in wp-includes\/media.php *\/\n\t\t<\/style>\n\t\t<div id='gallery-1' class='gallery galleryid-44973 gallery-columns-3 gallery-size-thumbnail'><dl class='gallery-item'>\n\t\t\t<dt class='gallery-icon landscape'>\n\t\t\t\t<a href='https:\/\/cuernavaca.gob.mx\/?attachment_id=44974'><img width=\"150\" height=\"150\" src=\"https:\/\/cuernavaca.gob.mx\/wp-content\/uploads\/2024\/10\/DEL-30-DE-SEPTIEMBRE-AL-06-DE-OCTUBRE-SEPRAC-DETUVO-A-UN-TOTAL-DE-71-PERSONAS-1-150x150.jpg\" class=\"attachment-thumbnail size-thumbnail\" alt=\"\" loading=\"lazy\" \/><\/a>\n\t\t\t<\/dt><\/dl><dl class='gallery-item'>\n\t\t\t<dt class='gallery-icon landscape'>\n\t\t\t\t<a href='https:\/\/cuernavaca.gob.mx\/?attachment_id=44975'><img width=\"150\" height=\"150\" src=\"https:\/\/cuernavaca.gob.mx\/wp-content\/uploads\/2024\/10\/DEL-30-DE-SEPTIEMBRE-AL-06-DE-OCTUBRE-SEPRAC-DETUVO-A-UN-TOTAL-DE-71-PERSONAS-2-150x150.jpg\" class=\"attachment-thumbnail size-thumbnail\" alt=\"\" loading=\"lazy\" \/><\/a>\n\t\t\t<\/dt><\/dl><dl class='gallery-item'>\n\t\t\t<dt class='gallery-icon landscape'>\n\t\t\t\t<a href='https:\/\/cuernavaca.gob.mx\/?attachment_id=44976'><img width=\"150\" height=\"150\" src=\"https:\/\/cuernavaca.gob.mx\/wp-content\/uploads\/2024\/10\/DEL-30-DE-SEPTIEMBRE-AL-06-DE-OCTUBRE-SEPRAC-DETUVO-A-UN-TOTAL-DE-71-PERSONAS-3-150x150.jpg\" class=\"attachment-thumbnail size-thumbnail\" alt=\"\" loading=\"lazy\" srcset=\"https:\/\/cuernavaca.gob.mx\/wp-content\/uploads\/2024\/10\/DEL-30-DE-SEPTIEMBRE-AL-06-DE-OCTUBRE-SEPRAC-DETUVO-A-UN-TOTAL-DE-71-PERSONAS-3-150x150.jpg 150w, https:\/\/cuernavaca.gob.mx\/wp-content\/uploads\/2024\/10\/DEL-30-DE-SEPTIEMBRE-AL-06-DE-OCTUBRE-SEPRAC-DETUVO-A-UN-TOTAL-DE-71-PERSONAS-3-300x300.jpg 300w, https:\/\/cuernavaca.gob.mx\/wp-content\/uploads\/2024\/10\/DEL-30-DE-SEPTIEMBRE-AL-06-DE-OCTUBRE-SEPRAC-DETUVO-A-UN-TOTAL-DE-71-PERSONAS-3-1024x1024.jpg 1024w, https:\/\/cuernavaca.gob.mx\/wp-content\/uploads\/2024\/10\/DEL-30-DE-SEPTIEMBRE-AL-06-DE-OCTUBRE-SEPRAC-DETUVO-A-UN-TOTAL-DE-71-PERSONAS-3-768x768.jpg 768w, https:\/\/cuernavaca.gob.mx\/wp-content\/uploads\/2024\/10\/DEL-30-DE-SEPTIEMBRE-AL-06-DE-OCTUBRE-SEPRAC-DETUVO-A-UN-TOTAL-DE-71-PERSONAS-3-1536x1536.jpg 1536w, https:\/\/cuernavaca.gob.mx\/wp-content\/uploads\/2024\/10\/DEL-30-DE-SEPTIEMBRE-AL-06-DE-OCTUBRE-SEPRAC-DETUVO-A-UN-TOTAL-DE-71-PERSONAS-3-600x600.jpg 600w, https:\/\/cuernavaca.gob.mx\/wp-content\/uploads\/2024\/10\/DEL-30-DE-SEPTIEMBRE-AL-06-DE-OCTUBRE-SEPRAC-DETUVO-A-UN-TOTAL-DE-71-PERSONAS-3-560x560.jpg 560w, https:\/\/cuernavaca.gob.mx\/wp-content\/uploads\/2024\/10\/DEL-30-DE-SEPTIEMBRE-AL-06-DE-OCTUBRE-SEPRAC-DETUVO-A-UN-TOTAL-DE-71-PERSONAS-3.jpg 1600w\" sizes=\"(max-width: 150px) 100vw, 150px\" \/><\/a>\n\t\t\t<\/dt><\/dl><br style=\"clear: both\" \/><dl class='gallery-item'>\n\t\t\t<dt class='gallery-icon landscape'>\n\t\t\t\t<a href='https:\/\/cuernavaca.gob.mx\/?attachment_id=44977'><img width=\"150\" height=\"150\" src=\"https:\/\/cuernavaca.gob.mx\/wp-content\/uploads\/2024\/10\/DEL-30-DE-SEPTIEMBRE-AL-06-DE-OCTUBRE-SEPRAC-DETUVO-A-UN-TOTAL-DE-71-PERSONAS-4-150x150.jpg\" class=\"attachment-thumbnail size-thumbnail\" alt=\"\" loading=\"lazy\" srcset=\"https:\/\/cuernavaca.gob.mx\/wp-content\/uploads\/2024\/10\/DEL-30-DE-SEPTIEMBRE-AL-06-DE-OCTUBRE-SEPRAC-DETUVO-A-UN-TOTAL-DE-71-PERSONAS-4-150x150.jpg 150w, https:\/\/cuernavaca.gob.mx\/wp-content\/uploads\/2024\/10\/DEL-30-DE-SEPTIEMBRE-AL-06-DE-OCTUBRE-SEPRAC-DETUVO-A-UN-TOTAL-DE-71-PERSONAS-4-300x300.jpg 300w, https:\/\/cuernavaca.gob.mx\/wp-content\/uploads\/2024\/10\/DEL-30-DE-SEPTIEMBRE-AL-06-DE-OCTUBRE-SEPRAC-DETUVO-A-UN-TOTAL-DE-71-PERSONAS-4-1024x1024.jpg 1024w, https:\/\/cuernavaca.gob.mx\/wp-content\/uploads\/2024\/10\/DEL-30-DE-SEPTIEMBRE-AL-06-DE-OCTUBRE-SEPRAC-DETUVO-A-UN-TOTAL-DE-71-PERSONAS-4-768x768.jpg 768w, https:\/\/cuernavaca.gob.mx\/wp-content\/uploads\/2024\/10\/DEL-30-DE-SEPTIEMBRE-AL-06-DE-OCTUBRE-SEPRAC-DETUVO-A-UN-TOTAL-DE-71-PERSONAS-4-1536x1536.jpg 1536w, https:\/\/cuernavaca.gob.mx\/wp-content\/uploads\/2024\/10\/DEL-30-DE-SEPTIEMBRE-AL-06-DE-OCTUBRE-SEPRAC-DETUVO-A-UN-TOTAL-DE-71-PERSONAS-4-600x600.jpg 600w, https:\/\/cuernavaca.gob.mx\/wp-content\/uploads\/2024\/10\/DEL-30-DE-SEPTIEMBRE-AL-06-DE-OCTUBRE-SEPRAC-DETUVO-A-UN-TOTAL-DE-71-PERSONAS-4-560x560.jpg 560w, https:\/\/cuernavaca.gob.mx\/wp-content\/uploads\/2024\/10\/DEL-30-DE-SEPTIEMBRE-AL-06-DE-OCTUBRE-SEPRAC-DETUVO-A-UN-TOTAL-DE-71-PERSONAS-4.jpg 1600w\" sizes=\"(max-width: 150px) 100vw, 150px\" \/><\/a>\n\t\t\t<\/dt><\/dl><dl class='gallery-item'>\n\t\t\t<dt class='gallery-icon landscape'>\n\t\t\t\t<a href='https:\/\/cuernavaca.gob.mx\/?attachment_id=44978'><img width=\"150\" height=\"150\" src=\"https:\/\/cuernavaca.gob.mx\/wp-content\/uploads\/2024\/10\/DEL-30-DE-SEPTIEMBRE-AL-06-DE-OCTUBRE-SEPRAC-DETUVO-A-UN-TOTAL-DE-71-PERSONAS-5-150x150.jpg\" class=\"attachment-thumbnail size-thumbnail\" alt=\"\" loading=\"lazy\" \/><\/a>\n\t\t\t<\/dt><\/dl><dl class='gallery-item'>\n\t\t\t<dt class='gallery-icon landscape'>\n\t\t\t\t<a href='https:\/\/cuernavaca.gob.mx\/?attachment_id=44979'><img width=\"150\" height=\"150\" src=\"https:\/\/cuernavaca.gob.mx\/wp-content\/uploads\/2024\/10\/DEL-30-DE-SEPTIEMBRE-AL-06-DE-OCTUBRE-SEPRAC-DETUVO-A-UN-TOTAL-DE-71-PERSONAS-6-150x150.jpg\" class=\"attachment-thumbnail size-thumbnail\" alt=\"\" loading=\"lazy\" \/><\/a>\n\t\t\t<\/dt><\/dl><br style=\"clear: both\" \/><dl class='gallery-item'>\n\t\t\t<dt class='gallery-icon landscape'>\n\t\t\t\t<a href='https:\/\/cuernavaca.gob.mx\/?attachment_id=44980'><img width=\"150\" height=\"150\" src=\"https:\/\/cuernavaca.gob.mx\/wp-content\/uploads\/2024\/10\/DEL-30-DE-SEPTIEMBRE-AL-06-DE-OCTUBRE-SEPRAC-DETUVO-A-UN-TOTAL-DE-71-PERSONAS-7-150x150.jpg\" class=\"attachment-thumbnail size-thumbnail\" alt=\"\" loading=\"lazy\" \/><\/a>\n\t\t\t<\/dt><\/dl><dl class='gallery-item'>\n\t\t\t<dt class='gallery-icon landscape'>\n\t\t\t\t<a href='https:\/\/cuernavaca.gob.mx\/?attachment_id=44981'><img width=\"150\" height=\"150\" src=\"https:\/\/cuernavaca.gob.mx\/wp-content\/uploads\/2024\/10\/DEL-30-DE-SEPTIEMBRE-AL-06-DE-OCTUBRE-SEPRAC-DETUVO-A-UN-TOTAL-DE-71-PERSONAS-8-150x150.jpg\" class=\"attachment-thumbnail size-thumbnail\" alt=\"\" loading=\"lazy\" \/><\/a>\n\t\t\t<\/dt><\/dl><dl class='gallery-item'>\n\t\t\t<dt class='gallery-icon landscape'>\n\t\t\t\t<a href='https:\/\/cuernavaca.gob.mx\/?attachment_id=44982'><img width=\"150\" height=\"150\" src=\"https:\/\/cuernavaca.gob.mx\/wp-content\/uploads\/2024\/10\/DEL-30-DE-SEPTIEMBRE-AL-06-DE-OCTUBRE-SEPRAC-DETUVO-A-UN-TOTAL-DE-71-PERSONAS-9-150x150.jpg\" class=\"attachment-thumbnail size-thumbnail\" alt=\"\" loading=\"lazy\" \/><\/a>\n\t\t\t<\/dt><\/dl><br style=\"clear: both\" \/>\n\t\t<\/div>\n\n","protected":false},"excerpt":{"rendered":"<p>\u2022 La Unidad de Prevenci\u00f3n al Robo de Veh\u00edculo (UPRV) ha recuperado en lo que va del a\u00f1o 163 unidades automotoras, privilegiando el cuidado del patrimonio de los ciudadanos La Secretar\u00eda de Protecci\u00f3n y Auxilio Ciudadano de Cuernavaca inform\u00f3 que del 30 de septiembre al 06 de octubre se detuvo a 71 personas, de las [&hellip;]<\/p>\n","protected":false},"author":1,"featured_media":44982,"comment_status":"closed","ping_status":"open","sticky":false,"template":"","format":"standard","meta":[],"categories":[17],"tags":[2582,121,3026,120,206,141,3235,127,414,125],"aioseo_notices":[],"_links":{"self":[{"href":"https:\/\/cuernavaca.gob.mx\/index.php?rest_route=\/wp\/v2\/posts\/44973"}],"collection":[{"href":"https:\/\/cuernavaca.gob.mx\/index.php?rest_route=\/wp\/v2\/posts"}],"about":[{"href":"https:\/\/cuernavaca.gob.mx\/index.php?rest_route=\/wp\/v2\/types\/post"}],"author":[{"embeddable":true,"href":"https:\/\/cuernavaca.gob.mx\/index.php?rest_route=\/wp\/v2\/users\/1"}],"replies":[{"embeddable":true,"href":"https:\/\/cuernavaca.gob.mx\/index.php?rest_route=%2Fwp%2Fv2%2Fcomments&post=44973"}],"version-history":[{"count":1,"href":"https:\/\/cuernavaca.gob.mx\/index.php?rest_route=\/wp\/v2\/posts\/44973\/revisions"}],"predecessor-version":[{"id":44983,"href":"https:\/\/cuernavaca.gob.mx\/index.php?rest_route=\/wp\/v2\/posts\/44973\/revisions\/44983"}],"wp:featuredmedia":[{"embeddable":true,"href":"https:\/\/cuernavaca.gob.mx\/index.php?rest_route=\/wp\/v2\/media\/44982"}],"wp:attachment":[{"href":"https:\/\/cuernavaca.gob.mx\/index.php?rest_route=%2Fwp%2Fv2%2Fmedia&parent=44973"}],"wp:term":[{"taxonomy":"category","embeddable":true,"href":"https:\/\/cuernavaca.gob.mx\/index.php?rest_route=%2Fwp%2Fv2%2Fcategories&post=44973"},{"taxonomy":"post_tag","embeddable":true,"href":"https:\/\/cuernavaca.gob.mx\/index.php?rest_route=%2Fwp%2Fv2%2Ftags&post=44973"}],"curies":[{"name":"wp","href":"https:\/\/api.w.org\/{rel}","templated":true}]}}