{"id":45814,"date":"2024-11-07T13:15:17","date_gmt":"2024-11-07T19:15:17","guid":{"rendered":"https:\/\/cuernavaca.gob.mx\/?p=45814"},"modified":"2024-11-07T17:28:51","modified_gmt":"2024-11-07T23:28:51","slug":"b2050-07-11-24-continua-ayuntamiento-de-cuernavaca-con-su-labor-para-seguir-construyendo-una-ciudad-socialmente-inclusiva","status":"publish","type":"post","link":"https:\/\/cuernavaca.gob.mx\/?p=45814","title":{"rendered":"B2050 07\/11\/24 CONTINUA AYUNTAMIENTO DE CUERNAVACA CON SU LABOR PARA SEGUIR CONSTRUYENDO UNA CIUDAD SOCIALMENTE INCLUSIVA"},"content":{"rendered":"<p><strong>\u2022 A trav\u00e9s de la Direcci\u00f3n de Diversidad Sexual se han impartido diversas capacitaciones, cursos y talleres para el sector p\u00fablico, privado y educativo con el objetivo de prevenir la discriminaci\u00f3n<\/strong><\/p>\n<p><strong>\u2022 Desde el a\u00f1o 2023 se han capacitado a polic\u00edas municipales de la SEPRAC, sobre el protocolo de actuaci\u00f3n en casos donde se involucren a personas de la diversidad sexual<\/strong><\/p>\n<p>El Ayuntamiento de Cuernavaca continua su labor a favor de la igualdad y la no discriminaci\u00f3n a trav\u00e9s de capacitaciones, cursos y talleres a cargo de la Direcci\u00f3n de Diversidad Sexual, que no solo est\u00e1n dirigidas al sector p\u00fablico, sino tambi\u00e9n privado y educativo con el fin de construir una ciudad socialmente inclusiva tal y como lo establece el Plan Municipal de Desarrollo 2022- 2024, incluso hoy d\u00eda, Cuernavaca puede declarase como una ciudad libre de todo acto de discriminaci\u00f3n contra personas sea por su orientaci\u00f3n sexual o g\u00e9nero.<\/p>\n<p>El director de Diversidad Sexual, Isidro A\u00f1orve S\u00e1nchez, se\u00f1al\u00f3 que como parte de este trabajo desde el a\u00f1o 2023 han capacitado de manera total a los polic\u00edas municipales, tanto preventivos como viales de la Secretar\u00eda de Protecci\u00f3n y Auxilio Ciudadano (SEPRAC), sobre el protocolo de actuaci\u00f3n en casos donde se involucren a personas de la diversidad sexual, aunque tambi\u00e9n en materia de lenguaje incluyente y no sexista con la finalidad de que cuando el polic\u00eda tenga acciones de proximidad social con la ciudadan\u00eda, pueda hacerlo de manera respetuosa sin seguir legitimando o perpetuando estereotipos a la hora interactuar.<\/p>\n<p>Indic\u00f3 que en estas capacitaciones se considera al personal administrativo de SEPRAC y de las Oficial\u00edas del Registro Civil 01 y 03, a quienes les han brindado los elementos e incorporando una perspectiva antidiscriminatoria en sus funciones y servicios, particularmente en las Oficial\u00edas al ser espacios donde las personas trans acuden para obtener el acta primigenia o la copia fiel del libro que requieren para el cambio de identidad de g\u00e9nero y para ejercer el derecho al matrimonio entre personas del mismo sexo.<\/p>\n<p>A\u00f1orve S\u00e1nchez confirm\u00f3 que Cuernavaca puede declarase como una ciudad libre de todo acto de discriminaci\u00f3n contra personas sea por su orientaci\u00f3n sexual o g\u00e9nero, toda vez que estas capacitaciones han generado que hasta el momento no se haya presentado ninguna queja por violencia o por discriminaci\u00f3n de parte de los oficiales viales y preventivos hacia la diversidad sexual.<\/p>\n<p>De la misma forma, la Direcci\u00f3n de Diversidad Sexual ha sensibilizado, capacitado y difundido informaci\u00f3n sobre el derecho a la igualdad y la no discriminaci\u00f3n en instituciones educativas como la Universidad Aut\u00f3noma del Estado de Morelos (UAEM), donde como \u00faltimo evento se llevaron a cabo las Jornadas contra la Discriminaci\u00f3n en el marco del D\u00eda Estatal contra la Discriminaci\u00f3n organizadas en conjunto con la Federaci\u00f3n de Estudiantes Universitarios de Morelos (FEUM) y los colectivos Afroparacas, M\u00e9xico Negro y Afro- Lab.<\/p>\n<p>El evento consisti\u00f3 en un conversatorio sobre la \u201cLGBT- Fobia en espacios universitarios\u201d donde con la participaci\u00f3n de estudiantes de distintas facultades se habl\u00f3 sobre c\u00f3mo impacta la discriminaci\u00f3n hacia las personas de la diversidad sexual en el desarrollo de los espacios universitarios y en el acceso a la educaci\u00f3n como la homofobia, bifobia y transfobia que se traduce en actos de discriminaci\u00f3n y de violencia hacia personas LGBT+, afectando principalmente a los j\u00f3venes.<\/p>\n<p>Tambi\u00e9n se realiz\u00f3 el conversatorio \u201cEl racismo como un obst\u00e1culo en el ejercicio del derecho a la discriminaci\u00f3n\u201d y se llev\u00f3 a cabo un cine debate con la proyecci\u00f3n del documental \u201cNegra\u201d, mediante el cual cuestionaron la discriminaci\u00f3n hacia las personas de la diversidad sexual con la interseccionalidad del color de piel y la raza, en especial al considerar que en Cuernavaca se cuenta con una comunidad grande de personas afromexicanas.<\/p>\n\n\t\t<style type=\"text\/css\">\n\t\t\t#gallery-1 {\n\t\t\t\tmargin: auto;\n\t\t\t}\n\t\t\t#gallery-1 .gallery-item {\n\t\t\t\tfloat: left;\n\t\t\t\tmargin-top: 10px;\n\t\t\t\ttext-align: center;\n\t\t\t\twidth: 33%;\n\t\t\t}\n\t\t\t#gallery-1 img {\n\t\t\t\tborder: 2px solid #cfcfcf;\n\t\t\t}\n\t\t\t#gallery-1 .gallery-caption {\n\t\t\t\tmargin-left: 0;\n\t\t\t}\n\t\t\t\/* see gallery_shortcode() in wp-includes\/media.php *\/\n\t\t<\/style>\n\t\t<div id='gallery-1' class='gallery galleryid-45814 gallery-columns-3 gallery-size-thumbnail'><dl class='gallery-item'>\n\t\t\t<dt class='gallery-icon landscape'>\n\t\t\t\t<a href='https:\/\/cuernavaca.gob.mx\/?attachment_id=45815'><img width=\"150\" height=\"150\" src=\"https:\/\/cuernavaca.gob.mx\/wp-content\/uploads\/2024\/11\/CONTINUA-AYUNTAMIENTO-DE-CUERNAVACA-CON-SU-LABOR-PARA-SEGUIR-CONSTRUYENDO-UNA-CIUDAD-SOCIALMENTE-INCLUSIVA-1-150x150.jpg\" class=\"attachment-thumbnail size-thumbnail\" alt=\"\" loading=\"lazy\" \/><\/a>\n\t\t\t<\/dt><\/dl><dl class='gallery-item'>\n\t\t\t<dt class='gallery-icon landscape'>\n\t\t\t\t<a href='https:\/\/cuernavaca.gob.mx\/?attachment_id=45816'><img width=\"150\" height=\"150\" src=\"https:\/\/cuernavaca.gob.mx\/wp-content\/uploads\/2024\/11\/CONTINUA-AYUNTAMIENTO-DE-CUERNAVACA-CON-SU-LABOR-PARA-SEGUIR-CONSTRUYENDO-UNA-CIUDAD-SOCIALMENTE-INCLUSIVA-2-150x150.jpg\" class=\"attachment-thumbnail size-thumbnail\" alt=\"\" loading=\"lazy\" \/><\/a>\n\t\t\t<\/dt><\/dl><dl class='gallery-item'>\n\t\t\t<dt class='gallery-icon portrait'>\n\t\t\t\t<a href='https:\/\/cuernavaca.gob.mx\/?attachment_id=45817'><img width=\"150\" height=\"150\" src=\"https:\/\/cuernavaca.gob.mx\/wp-content\/uploads\/2024\/11\/CONTINUA-AYUNTAMIENTO-DE-CUERNAVACA-CON-SU-LABOR-PARA-SEGUIR-CONSTRUYENDO-UNA-CIUDAD-SOCIALMENTE-INCLUSIVA-3-150x150.jpg\" class=\"attachment-thumbnail size-thumbnail\" alt=\"\" loading=\"lazy\" \/><\/a>\n\t\t\t<\/dt><\/dl><br style=\"clear: both\" \/><dl class='gallery-item'>\n\t\t\t<dt class='gallery-icon landscape'>\n\t\t\t\t<a href='https:\/\/cuernavaca.gob.mx\/?attachment_id=45818'><img width=\"150\" height=\"150\" src=\"https:\/\/cuernavaca.gob.mx\/wp-content\/uploads\/2024\/11\/CONTINUA-AYUNTAMIENTO-DE-CUERNAVACA-CON-SU-LABOR-PARA-SEGUIR-CONSTRUYENDO-UNA-CIUDAD-SOCIALMENTE-INCLUSIVA-4-150x150.jpg\" class=\"attachment-thumbnail size-thumbnail\" alt=\"\" loading=\"lazy\" \/><\/a>\n\t\t\t<\/dt><\/dl><dl class='gallery-item'>\n\t\t\t<dt class='gallery-icon landscape'>\n\t\t\t\t<a href='https:\/\/cuernavaca.gob.mx\/?attachment_id=45819'><img width=\"150\" height=\"150\" src=\"https:\/\/cuernavaca.gob.mx\/wp-content\/uploads\/2024\/11\/CONTINUA-AYUNTAMIENTO-DE-CUERNAVACA-CON-SU-LABOR-PARA-SEGUIR-CONSTRUYENDO-UNA-CIUDAD-SOCIALMENTE-INCLUSIVA-5-150x150.jpg\" class=\"attachment-thumbnail size-thumbnail\" alt=\"\" loading=\"lazy\" \/><\/a>\n\t\t\t<\/dt><\/dl>\n\t\t\t<br style='clear: both' \/>\n\t\t<\/div>\n\n","protected":false},"excerpt":{"rendered":"<p>\u2022 A trav\u00e9s de la Direcci\u00f3n de Diversidad Sexual se han impartido diversas capacitaciones, cursos y talleres para el sector p\u00fablico, privado y educativo con el objetivo de prevenir la discriminaci\u00f3n \u2022 Desde el a\u00f1o 2023 se han capacitado a polic\u00edas municipales de la SEPRAC, sobre el protocolo de actuaci\u00f3n en casos donde se involucren [&hellip;]<\/p>\n","protected":false},"author":1,"featured_media":45816,"comment_status":"closed","ping_status":"open","sticky":false,"template":"","format":"standard","meta":[],"categories":[862],"tags":[681,121,1405,684,1107,2485,120,206,127,2487],"aioseo_notices":[],"_links":{"self":[{"href":"https:\/\/cuernavaca.gob.mx\/index.php?rest_route=\/wp\/v2\/posts\/45814"}],"collection":[{"href":"https:\/\/cuernavaca.gob.mx\/index.php?rest_route=\/wp\/v2\/posts"}],"about":[{"href":"https:\/\/cuernavaca.gob.mx\/index.php?rest_route=\/wp\/v2\/types\/post"}],"author":[{"embeddable":true,"href":"https:\/\/cuernavaca.gob.mx\/index.php?rest_route=\/wp\/v2\/users\/1"}],"replies":[{"embeddable":true,"href":"https:\/\/cuernavaca.gob.mx\/index.php?rest_route=%2Fwp%2Fv2%2Fcomments&post=45814"}],"version-history":[{"count":3,"href":"https:\/\/cuernavaca.gob.mx\/index.php?rest_route=\/wp\/v2\/posts\/45814\/revisions"}],"predecessor-version":[{"id":45830,"href":"https:\/\/cuernavaca.gob.mx\/index.php?rest_route=\/wp\/v2\/posts\/45814\/revisions\/45830"}],"wp:featuredmedia":[{"embeddable":true,"href":"https:\/\/cuernavaca.gob.mx\/index.php?rest_route=\/wp\/v2\/media\/45816"}],"wp:attachment":[{"href":"https:\/\/cuernavaca.gob.mx\/index.php?rest_route=%2Fwp%2Fv2%2Fmedia&parent=45814"}],"wp:term":[{"taxonomy":"category","embeddable":true,"href":"https:\/\/cuernavaca.gob.mx\/index.php?rest_route=%2Fwp%2Fv2%2Fcategories&post=45814"},{"taxonomy":"post_tag","embeddable":true,"href":"https:\/\/cuernavaca.gob.mx\/index.php?rest_route=%2Fwp%2Fv2%2Ftags&post=45814"}],"curies":[{"name":"wp","href":"https:\/\/api.w.org\/{rel}","templated":true}]}}