{"id":45821,"date":"2024-11-07T16:14:10","date_gmt":"2024-11-07T22:14:10","guid":{"rendered":"https:\/\/cuernavaca.gob.mx\/?p=45821"},"modified":"2024-11-07T16:14:10","modified_gmt":"2024-11-07T22:14:10","slug":"b2051-07-11-24-se-suma-alcalde-de-cuernavaca-al-reconocimiento-al-empresario-jose-salgado-patino-por-su-trayectoria-y-trabajo-a-favor-del-comercio-en-pequeno","status":"publish","type":"post","link":"https:\/\/cuernavaca.gob.mx\/?p=45821","title":{"rendered":"B2051 07\/11\/24 SE SUMA ALCALDE DE CUERNAVACA AL RECONOCIMIENTO AL EMPRESARIO JOS\u00c9 SALGADO PATI\u00d1O POR SU TRAYECTORIA Y TRABAJO A FAVOR DEL COMERCIO EN PEQUE\u00d1O"},"content":{"rendered":"<p><strong>\u2022 Jos\u00e9 Luis Uri\u00f3stegui fue el encargado de entregar este reconocimiento al presidente vitalicio de Canacope- Servytur en Cuernavaca convocado por el Consejo Coordinador Empresarial<\/strong><\/p>\n<p><strong>\u2022 Aqu\u00ed resalt\u00f3 el papel tan importante que ha representado el comercio en peque\u00f1o para que muchas familias cuernavaquenses puedan salir adelante, incidiendo favorablemente en el fortalecimiento de la econom\u00eda en el estado<\/strong><\/p>\n<p>El presidente municipal de Cuernavaca, Jos\u00e9 Luis Uri\u00f3stegui Salgado, reconoci\u00f3 la entrega y vocaci\u00f3n de servicio de Jos\u00e9 Salgado Pati\u00f1o, quien, como presidente vitalicio y miembro distinguido de la C\u00e1mara Nacional de Comercio en Peque\u00f1o, Servicios y Turismo (Canacope- Servytur) en Cuernavaca ha contribuido desde hace 40 a\u00f1os al crecimiento econ\u00f3mico del estado de Morelos, d\u00e1ndole voz a personas de este importante sector que no han tenido la oportunidad de ser escuchadas.<\/p>\n<p>A invitaci\u00f3n del Consejo Coordinador Empresarial (CCE) de Morelos, Jos\u00e9 Luis Uri\u00f3stegui junto con el secretario de Desarrollo Econ\u00f3mico del estado, V\u00edctor S\u00e1nchez Trujillo hizo entrega de un reconocimiento al presidente vitalicio de CANACOPE en un acto donde estuvieron presentes representantes de la iniciativa privada como Antonio S\u00e1nchez Pur\u00f3n, presidente del CCE; de Humberto Bahena Rodr\u00edguez, presidente de Canacope- Servytur y de Griselda Hurtado Calder\u00f3n, directora general del Festival \u201cSabor es Morelos\u201d y ex presidenta de la C\u00e1mara Nacional de la Industria Restaurantera y de Alimentos Condimentados (Canirac).<\/p>\n<p>El alcalde de Cuernavaca, expres\u00f3 el orgullo que le representa reconocer en Jos\u00e9 Salgado Pati\u00f1o a una persona sencilla, trabajadora y honesta, que ha impulsado el crecimiento del comercio en peque\u00f1o, pieza fundamental para que muchas familias puedan salir adelante, manifestando el honor que le representa contar con su amistad desde hace varias d\u00e9cadas.<\/p>\n<p>En su mensaje, el presidente del Consejo Coordinador Empresarial (CCE), Antonio S\u00e1nchez Pur\u00f3n, se\u00f1al\u00f3 que a trav\u00e9s de esta distinci\u00f3n reconocen la gran contribuci\u00f3n que ha brindado Salgado Pati\u00f1o al sector empresarial en Morelos, siendo importante que el mismo gremio reconozca el trabajo que realizan, el cual es de manera honorifica y les da como beneficio la satisfacci\u00f3n de fortalecer a la iniciativa privada.<\/p>\n<p>Al evento acudieron tambi\u00e9n la secretaria del Consejo Coordinador Empresarial de Morelos, Alejandra Salcido Ru\u00edz; el ex presidente de Coparmex Morelos, V\u00edctor Manuel Mendoza Moreno; el secretario de Desarrollo Econ\u00f3mico y Turismo de Cuernavaca, Humberto Paladino Valdovinos, agremiados de Canacope- Servytur en Cuernavaca, entre otros invitados.<\/p>\n\n\t\t<style type=\"text\/css\">\n\t\t\t#gallery-1 {\n\t\t\t\tmargin: auto;\n\t\t\t}\n\t\t\t#gallery-1 .gallery-item {\n\t\t\t\tfloat: left;\n\t\t\t\tmargin-top: 10px;\n\t\t\t\ttext-align: center;\n\t\t\t\twidth: 33%;\n\t\t\t}\n\t\t\t#gallery-1 img {\n\t\t\t\tborder: 2px solid #cfcfcf;\n\t\t\t}\n\t\t\t#gallery-1 .gallery-caption {\n\t\t\t\tmargin-left: 0;\n\t\t\t}\n\t\t\t\/* see gallery_shortcode() in wp-includes\/media.php *\/\n\t\t<\/style>\n\t\t<div id='gallery-1' class='gallery galleryid-45821 gallery-columns-3 gallery-size-thumbnail'><dl class='gallery-item'>\n\t\t\t<dt class='gallery-icon landscape'>\n\t\t\t\t<a href='https:\/\/cuernavaca.gob.mx\/?attachment_id=45822'><img width=\"150\" height=\"150\" src=\"https:\/\/cuernavaca.gob.mx\/wp-content\/uploads\/2024\/11\/SE-SUMA-ALCALDE-DE-CUERNAVACA-AL-RECONOCIMIENTO-AL-EMPRESARIO-JOSE\u0301-SALGADO-PATIN\u0303O-POR-SU-TRAYECTORIA-Y-TRABAJO-A-FAVOR-DEL-COMERCIO-EN-PEQUEN\u0303O-1-150x150.jpg\" class=\"attachment-thumbnail size-thumbnail\" alt=\"\" loading=\"lazy\" \/><\/a>\n\t\t\t<\/dt><\/dl><dl class='gallery-item'>\n\t\t\t<dt class='gallery-icon landscape'>\n\t\t\t\t<a href='https:\/\/cuernavaca.gob.mx\/?attachment_id=45823'><img width=\"150\" height=\"150\" src=\"https:\/\/cuernavaca.gob.mx\/wp-content\/uploads\/2024\/11\/SE-SUMA-ALCALDE-DE-CUERNAVACA-AL-RECONOCIMIENTO-AL-EMPRESARIO-JOSE\u0301-SALGADO-PATIN\u0303O-POR-SU-TRAYECTORIA-Y-TRABAJO-A-FAVOR-DEL-COMERCIO-EN-PEQUEN\u0303O-2-150x150.jpg\" class=\"attachment-thumbnail size-thumbnail\" alt=\"\" loading=\"lazy\" \/><\/a>\n\t\t\t<\/dt><\/dl><dl class='gallery-item'>\n\t\t\t<dt class='gallery-icon landscape'>\n\t\t\t\t<a href='https:\/\/cuernavaca.gob.mx\/?attachment_id=45824'><img width=\"150\" height=\"150\" src=\"https:\/\/cuernavaca.gob.mx\/wp-content\/uploads\/2024\/11\/SE-SUMA-ALCALDE-DE-CUERNAVACA-AL-RECONOCIMIENTO-AL-EMPRESARIO-JOSE\u0301-SALGADO-PATIN\u0303O-POR-SU-TRAYECTORIA-Y-TRABAJO-A-FAVOR-DEL-COMERCIO-EN-PEQUEN\u0303O-3-150x150.jpg\" class=\"attachment-thumbnail size-thumbnail\" alt=\"\" loading=\"lazy\" \/><\/a>\n\t\t\t<\/dt><\/dl><br style=\"clear: both\" \/><dl class='gallery-item'>\n\t\t\t<dt class='gallery-icon landscape'>\n\t\t\t\t<a href='https:\/\/cuernavaca.gob.mx\/?attachment_id=45825'><img width=\"150\" height=\"150\" src=\"https:\/\/cuernavaca.gob.mx\/wp-content\/uploads\/2024\/11\/SE-SUMA-ALCALDE-DE-CUERNAVACA-AL-RECONOCIMIENTO-AL-EMPRESARIO-JOSE\u0301-SALGADO-PATIN\u0303O-POR-SU-TRAYECTORIA-Y-TRABAJO-A-FAVOR-DEL-COMERCIO-EN-PEQUEN\u0303O-4-150x150.jpg\" class=\"attachment-thumbnail size-thumbnail\" alt=\"\" loading=\"lazy\" \/><\/a>\n\t\t\t<\/dt><\/dl><dl class='gallery-item'>\n\t\t\t<dt class='gallery-icon landscape'>\n\t\t\t\t<a href='https:\/\/cuernavaca.gob.mx\/?attachment_id=45826'><img width=\"150\" height=\"150\" src=\"https:\/\/cuernavaca.gob.mx\/wp-content\/uploads\/2024\/11\/SE-SUMA-ALCALDE-DE-CUERNAVACA-AL-RECONOCIMIENTO-AL-EMPRESARIO-JOSE\u0301-SALGADO-PATIN\u0303O-POR-SU-TRAYECTORIA-Y-TRABAJO-A-FAVOR-DEL-COMERCIO-EN-PEQUEN\u0303O-5-150x150.jpg\" class=\"attachment-thumbnail size-thumbnail\" alt=\"\" loading=\"lazy\" \/><\/a>\n\t\t\t<\/dt><\/dl><dl class='gallery-item'>\n\t\t\t<dt class='gallery-icon landscape'>\n\t\t\t\t<a href='https:\/\/cuernavaca.gob.mx\/?attachment_id=45827'><img width=\"150\" height=\"150\" src=\"https:\/\/cuernavaca.gob.mx\/wp-content\/uploads\/2024\/11\/SE-SUMA-ALCALDE-DE-CUERNAVACA-AL-RECONOCIMIENTO-AL-EMPRESARIO-JOSE\u0301-SALGADO-PATIN\u0303O-POR-SU-TRAYECTORIA-Y-TRABAJO-A-FAVOR-DEL-COMERCIO-EN-PEQUEN\u0303O-6-150x150.jpg\" class=\"attachment-thumbnail size-thumbnail\" alt=\"\" loading=\"lazy\" \/><\/a>\n\t\t\t<\/dt><\/dl><br style=\"clear: both\" \/>\n\t\t<\/div>\n\n","protected":false},"excerpt":{"rendered":"<p>\u2022 Jos\u00e9 Luis Uri\u00f3stegui fue el encargado de entregar este reconocimiento al presidente vitalicio de Canacope- Servytur en Cuernavaca convocado por el Consejo Coordinador Empresarial \u2022 Aqu\u00ed resalt\u00f3 el papel tan importante que ha representado el comercio en peque\u00f1o para que muchas familias cuernavaquenses puedan salir adelante, incidiendo favorablemente en el fortalecimiento de la econom\u00eda [&hellip;]<\/p>\n","protected":false},"author":1,"featured_media":45827,"comment_status":"closed","ping_status":"open","sticky":false,"template":"","format":"standard","meta":[],"categories":[20],"tags":[121,3887,1570,120,206,127,712],"aioseo_notices":[],"_links":{"self":[{"href":"https:\/\/cuernavaca.gob.mx\/index.php?rest_route=\/wp\/v2\/posts\/45821"}],"collection":[{"href":"https:\/\/cuernavaca.gob.mx\/index.php?rest_route=\/wp\/v2\/posts"}],"about":[{"href":"https:\/\/cuernavaca.gob.mx\/index.php?rest_route=\/wp\/v2\/types\/post"}],"author":[{"embeddable":true,"href":"https:\/\/cuernavaca.gob.mx\/index.php?rest_route=\/wp\/v2\/users\/1"}],"replies":[{"embeddable":true,"href":"https:\/\/cuernavaca.gob.mx\/index.php?rest_route=%2Fwp%2Fv2%2Fcomments&post=45821"}],"version-history":[{"count":1,"href":"https:\/\/cuernavaca.gob.mx\/index.php?rest_route=\/wp\/v2\/posts\/45821\/revisions"}],"predecessor-version":[{"id":45828,"href":"https:\/\/cuernavaca.gob.mx\/index.php?rest_route=\/wp\/v2\/posts\/45821\/revisions\/45828"}],"wp:featuredmedia":[{"embeddable":true,"href":"https:\/\/cuernavaca.gob.mx\/index.php?rest_route=\/wp\/v2\/media\/45827"}],"wp:attachment":[{"href":"https:\/\/cuernavaca.gob.mx\/index.php?rest_route=%2Fwp%2Fv2%2Fmedia&parent=45821"}],"wp:term":[{"taxonomy":"category","embeddable":true,"href":"https:\/\/cuernavaca.gob.mx\/index.php?rest_route=%2Fwp%2Fv2%2Fcategories&post=45821"},{"taxonomy":"post_tag","embeddable":true,"href":"https:\/\/cuernavaca.gob.mx\/index.php?rest_route=%2Fwp%2Fv2%2Ftags&post=45821"}],"curies":[{"name":"wp","href":"https:\/\/api.w.org\/{rel}","templated":true}]}}