{"id":46172,"date":"2024-11-18T14:00:04","date_gmt":"2024-11-18T20:00:04","guid":{"rendered":"https:\/\/cuernavaca.gob.mx\/?p=46172"},"modified":"2024-11-18T15:32:04","modified_gmt":"2024-11-18T21:32:04","slug":"b2073-18-11-24-encabeza-el-alcalde-jose-luis-uriostegui-homenaje-por-el-79-aniversario-del-retorno-del-escuadron-201-al-termino-de-la-segunda-guerra-mundial","status":"publish","type":"post","link":"https:\/\/cuernavaca.gob.mx\/?p=46172","title":{"rendered":"B2073 18\/11\/24 ENCABEZA EL ALCALDE JOS\u00c9 LUIS URI\u00d3STEGUI HOMENAJE POR EL 79 ANIVERSARIO DEL RETORNO DEL ESCUADR\u00d3N 201 AL T\u00c9RMINO DE LA SEGUNDA GUERRA MUNDIAL"},"content":{"rendered":"<p><strong>\u2022 Esta ceremonia fue convocada como cada a\u00f1o por Roberto Ya\u00f1ez V\u00e1zquez, presidente de Familiares y Amigos del Escuadr\u00f3n 201 de la F.A.E.M e hijo del Sargento 1ro. Armero, Juan Bautista Y\u00e1\u00f1ez Camarena<\/strong><\/p>\n<p><strong>\u2022 Tambi\u00e9n se cont\u00f3 con la participaci\u00f3n de familiares de los ex combatientes del Escuadr\u00f3n 201, representantes y agregados de la Embajada de Filipinas y de Estados Unidos de Norteam\u00e9rica en M\u00e9xico.<\/strong><\/p>\n<p>El presidente municipal de Cuernavaca, Jos\u00e9 Luis Uri\u00f3stegui Salgado, particip\u00f3 este lunes en la guardia de honor por el 79 aniversario del retorno glorioso del Escuadr\u00f3n 201 de la Fuerza A\u00e9rea Expedicionaria Mexicana (F.A.E.M) tras su incursi\u00f3n en la Segunda Guerra Mundial en 1945, donde conmin\u00f3 a la poblaci\u00f3n a trasladar verbalmente la acci\u00f3n hist\u00f3rica de esta agrupaci\u00f3n que en 1945 llev\u00f3 a cabo acciones en defensa de la patria y la paz en el planeta.<\/p>\n<p>El evento que tuvo como sede el parque Alameda Solidaridad fue convocado por Roberto Ya\u00f1ez V\u00e1zquez, presidente de Familiares y Amigos del Escuadr\u00f3n 201 de la F.A.E.M e hijo del Sargento 1ro. Armero, Juan Bautista Y\u00e1\u00f1ez Camarena, integrante del escuadr\u00f3n que combati\u00f3 en la Segunda Guerra Mundial y que un 18 de noviembre de 1945 regres\u00f3 al pa\u00eds victorioso.<\/p>\n<p>La ceremonia tuvo como invitados especiales a familiares de los ex combatientes del Escuadr\u00f3n 201, de representantes y agregados de la Embajada de Filipinas en M\u00e9xico, pa\u00eds al que arribaron los ex combatientes mexicanos para ayudar a las tropas norteamericana a combatir el Eje Alemania, Jap\u00f3n e Italia, y en particular al imperialismo japon\u00e9s en Luz\u00f3n y Formosa.<\/p>\n<p>Tambi\u00e9n estuvieron presentes agregados de la Embajada de Estados Unidos de Norteam\u00e9rica a trav\u00e9s de la Fuerza A\u00e9rea, que hicieron un amplio reconocimiento al Escuadr\u00f3n Mexicano por su aguerrido apoyo desde su arribo a Manila, Filipinas, donde respaldaron a las tropas en tierra, logrando acabar con objetivos japoneses con pilotos a bordo de los aviones bombarderos P-47 Thunderbolt.<\/p>\n<p>En presencia de la diputada presidenta de la Mesa Directiva del Congreso de Morelos, Jazm\u00edn Solano L\u00f3pez; de la representaci\u00f3n de la gobernadora Margarita Gonz\u00e1lez Saravia y de la 24\/a. Zona Militar, Jos\u00e9 Luis Uri\u00f3stegui record\u00f3 un poco de la historia del Escuadr\u00f3n 201, cuya gesta heroica debe ser considerada un ejemplo para mantener una luz encendida que conduzca permanentemente a la paz que hoy de nueva cuenta est\u00e1 siendo trastocada.<\/p>\n<p>Ante j\u00f3venes de la Escuela Militarizada Crist\u00f3bal Col\u00f3n, del Pentatl\u00f3n Moderno, de equipos deportivos e representantes de la sociedad civil, las autoridades civiles y militares de M\u00e9xico, Estados Unidos y Filipinas montaron una guardia de honor donde se coloc\u00f3 una ofrenda para rendir un minuto de silencio en memoria de los integrantes del Escuadr\u00f3n 201 ca\u00eddos; ellos fueron Capit\u00e1n 2\/o. Piloto Aviador Pablo Rivas Mart\u00ednez, Teniente Piloto Aviador Jos\u00e9 Espinosa Fuentes, Subteniente Piloto Aviador Fausto Vega Santander, Teniente Piloto Aviador H\u00e9ctor Espinosa Galv\u00e1n y el Subteniente Piloto Aviador Mario L\u00f3pez Portillo.<\/p>\n\n\t\t<style type=\"text\/css\">\n\t\t\t#gallery-1 {\n\t\t\t\tmargin: auto;\n\t\t\t}\n\t\t\t#gallery-1 .gallery-item {\n\t\t\t\tfloat: left;\n\t\t\t\tmargin-top: 10px;\n\t\t\t\ttext-align: center;\n\t\t\t\twidth: 33%;\n\t\t\t}\n\t\t\t#gallery-1 img {\n\t\t\t\tborder: 2px solid #cfcfcf;\n\t\t\t}\n\t\t\t#gallery-1 .gallery-caption {\n\t\t\t\tmargin-left: 0;\n\t\t\t}\n\t\t\t\/* see gallery_shortcode() in wp-includes\/media.php *\/\n\t\t<\/style>\n\t\t<div id='gallery-1' class='gallery galleryid-46172 gallery-columns-3 gallery-size-thumbnail'><dl class='gallery-item'>\n\t\t\t<dt class='gallery-icon landscape'>\n\t\t\t\t<a href='https:\/\/cuernavaca.gob.mx\/?attachment_id=46173'><img width=\"150\" height=\"150\" src=\"https:\/\/cuernavaca.gob.mx\/wp-content\/uploads\/2024\/11\/ENCABEZA-EL-ALCALDE-JOSE\u0301-LUIS-URIO\u0301STEGUI-HOMENAJE-POR-EL-79-ANIVERSARIO-DEL-RETORNO-DEL-ESCUADRO\u0301N-201-AL-TE\u0301RMINO-DE-LA-SEGUNDA-GUERRA-MUNDIAL-1-150x150.jpg\" class=\"attachment-thumbnail size-thumbnail\" alt=\"\" loading=\"lazy\" \/><\/a>\n\t\t\t<\/dt><\/dl><dl class='gallery-item'>\n\t\t\t<dt class='gallery-icon landscape'>\n\t\t\t\t<a href='https:\/\/cuernavaca.gob.mx\/?attachment_id=46174'><img width=\"150\" height=\"150\" src=\"https:\/\/cuernavaca.gob.mx\/wp-content\/uploads\/2024\/11\/ENCABEZA-EL-ALCALDE-JOSE\u0301-LUIS-URIO\u0301STEGUI-HOMENAJE-POR-EL-79-ANIVERSARIO-DEL-RETORNO-DEL-ESCUADRO\u0301N-201-AL-TE\u0301RMINO-DE-LA-SEGUNDA-GUERRA-MUNDIAL-2-150x150.jpg\" class=\"attachment-thumbnail size-thumbnail\" alt=\"\" loading=\"lazy\" \/><\/a>\n\t\t\t<\/dt><\/dl><dl class='gallery-item'>\n\t\t\t<dt class='gallery-icon landscape'>\n\t\t\t\t<a href='https:\/\/cuernavaca.gob.mx\/?attachment_id=46175'><img width=\"150\" height=\"150\" src=\"https:\/\/cuernavaca.gob.mx\/wp-content\/uploads\/2024\/11\/ENCABEZA-EL-ALCALDE-JOSE\u0301-LUIS-URIO\u0301STEGUI-HOMENAJE-POR-EL-79-ANIVERSARIO-DEL-RETORNO-DEL-ESCUADRO\u0301N-201-AL-TE\u0301RMINO-DE-LA-SEGUNDA-GUERRA-MUNDIAL-3-150x150.jpg\" class=\"attachment-thumbnail size-thumbnail\" alt=\"\" loading=\"lazy\" \/><\/a>\n\t\t\t<\/dt><\/dl><br style=\"clear: both\" \/><dl class='gallery-item'>\n\t\t\t<dt class='gallery-icon landscape'>\n\t\t\t\t<a href='https:\/\/cuernavaca.gob.mx\/?attachment_id=46176'><img width=\"150\" height=\"150\" src=\"https:\/\/cuernavaca.gob.mx\/wp-content\/uploads\/2024\/11\/ENCABEZA-EL-ALCALDE-JOSE\u0301-LUIS-URIO\u0301STEGUI-HOMENAJE-POR-EL-79-ANIVERSARIO-DEL-RETORNO-DEL-ESCUADRO\u0301N-201-AL-TE\u0301RMINO-DE-LA-SEGUNDA-GUERRA-MUNDIAL-4-150x150.jpg\" class=\"attachment-thumbnail size-thumbnail\" alt=\"\" loading=\"lazy\" \/><\/a>\n\t\t\t<\/dt><\/dl><dl class='gallery-item'>\n\t\t\t<dt class='gallery-icon landscape'>\n\t\t\t\t<a href='https:\/\/cuernavaca.gob.mx\/?attachment_id=46177'><img width=\"150\" height=\"150\" src=\"https:\/\/cuernavaca.gob.mx\/wp-content\/uploads\/2024\/11\/ENCABEZA-EL-ALCALDE-JOSE\u0301-LUIS-URIO\u0301STEGUI-HOMENAJE-POR-EL-79-ANIVERSARIO-DEL-RETORNO-DEL-ESCUADRO\u0301N-201-AL-TE\u0301RMINO-DE-LA-SEGUNDA-GUERRA-MUNDIAL-5-150x150.jpg\" class=\"attachment-thumbnail size-thumbnail\" alt=\"\" loading=\"lazy\" \/><\/a>\n\t\t\t<\/dt><\/dl><dl class='gallery-item'>\n\t\t\t<dt class='gallery-icon landscape'>\n\t\t\t\t<a href='https:\/\/cuernavaca.gob.mx\/?attachment_id=46178'><img width=\"150\" height=\"150\" src=\"https:\/\/cuernavaca.gob.mx\/wp-content\/uploads\/2024\/11\/ENCABEZA-EL-ALCALDE-JOSE\u0301-LUIS-URIO\u0301STEGUI-HOMENAJE-POR-EL-79-ANIVERSARIO-DEL-RETORNO-DEL-ESCUADRO\u0301N-201-AL-TE\u0301RMINO-DE-LA-SEGUNDA-GUERRA-MUNDIAL-6-150x150.jpg\" class=\"attachment-thumbnail size-thumbnail\" alt=\"\" loading=\"lazy\" \/><\/a>\n\t\t\t<\/dt><\/dl><br style=\"clear: both\" \/><dl class='gallery-item'>\n\t\t\t<dt class='gallery-icon landscape'>\n\t\t\t\t<a href='https:\/\/cuernavaca.gob.mx\/?attachment_id=46179'><img width=\"150\" height=\"150\" src=\"https:\/\/cuernavaca.gob.mx\/wp-content\/uploads\/2024\/11\/ENCABEZA-EL-ALCALDE-JOSE\u0301-LUIS-URIO\u0301STEGUI-HOMENAJE-POR-EL-79-ANIVERSARIO-DEL-RETORNO-DEL-ESCUADRO\u0301N-201-AL-TE\u0301RMINO-DE-LA-SEGUNDA-GUERRA-MUNDIAL-7-150x150.jpg\" class=\"attachment-thumbnail size-thumbnail\" alt=\"\" loading=\"lazy\" \/><\/a>\n\t\t\t<\/dt><\/dl><dl class='gallery-item'>\n\t\t\t<dt class='gallery-icon landscape'>\n\t\t\t\t<a href='https:\/\/cuernavaca.gob.mx\/?attachment_id=46180'><img width=\"150\" height=\"150\" src=\"https:\/\/cuernavaca.gob.mx\/wp-content\/uploads\/2024\/11\/ENCABEZA-EL-ALCALDE-JOSE\u0301-LUIS-URIO\u0301STEGUI-HOMENAJE-POR-EL-79-ANIVERSARIO-DEL-RETORNO-DEL-ESCUADRO\u0301N-201-AL-TE\u0301RMINO-DE-LA-SEGUNDA-GUERRA-MUNDIAL-8-150x150.jpg\" class=\"attachment-thumbnail size-thumbnail\" alt=\"\" loading=\"lazy\" \/><\/a>\n\t\t\t<\/dt><\/dl><dl class='gallery-item'>\n\t\t\t<dt class='gallery-icon landscape'>\n\t\t\t\t<a href='https:\/\/cuernavaca.gob.mx\/?attachment_id=46181'><img width=\"150\" height=\"150\" src=\"https:\/\/cuernavaca.gob.mx\/wp-content\/uploads\/2024\/11\/ENCABEZA-EL-ALCALDE-JOSE\u0301-LUIS-URIO\u0301STEGUI-HOMENAJE-POR-EL-79-ANIVERSARIO-DEL-RETORNO-DEL-ESCUADRO\u0301N-201-AL-TE\u0301RMINO-DE-LA-SEGUNDA-GUERRA-MUNDIAL-9-150x150.jpg\" class=\"attachment-thumbnail size-thumbnail\" alt=\"\" loading=\"lazy\" \/><\/a>\n\t\t\t<\/dt><\/dl><br style=\"clear: both\" \/><dl class='gallery-item'>\n\t\t\t<dt class='gallery-icon landscape'>\n\t\t\t\t<a href='https:\/\/cuernavaca.gob.mx\/?attachment_id=46182'><img width=\"150\" height=\"150\" src=\"https:\/\/cuernavaca.gob.mx\/wp-content\/uploads\/2024\/11\/ENCABEZA-EL-ALCALDE-JOSE\u0301-LUIS-URIO\u0301STEGUI-HOMENAJE-POR-EL-79-ANIVERSARIO-DEL-RETORNO-DEL-ESCUADRO\u0301N-201-AL-TE\u0301RMINO-DE-LA-SEGUNDA-GUERRA-MUNDIAL-10-150x150.jpg\" class=\"attachment-thumbnail size-thumbnail\" alt=\"\" loading=\"lazy\" \/><\/a>\n\t\t\t<\/dt><\/dl><dl class='gallery-item'>\n\t\t\t<dt class='gallery-icon landscape'>\n\t\t\t\t<a href='https:\/\/cuernavaca.gob.mx\/?attachment_id=46183'><img width=\"150\" height=\"150\" src=\"https:\/\/cuernavaca.gob.mx\/wp-content\/uploads\/2024\/11\/ENCABEZA-EL-ALCALDE-JOSE\u0301-LUIS-URIO\u0301STEGUI-HOMENAJE-POR-EL-79-ANIVERSARIO-DEL-RETORNO-DEL-ESCUADRO\u0301N-201-AL-TE\u0301RMINO-DE-LA-SEGUNDA-GUERRA-MUNDIAL-11-150x150.jpg\" class=\"attachment-thumbnail size-thumbnail\" alt=\"\" loading=\"lazy\" \/><\/a>\n\t\t\t<\/dt><\/dl><dl class='gallery-item'>\n\t\t\t<dt class='gallery-icon landscape'>\n\t\t\t\t<a href='https:\/\/cuernavaca.gob.mx\/?attachment_id=46184'><img width=\"150\" height=\"150\" src=\"https:\/\/cuernavaca.gob.mx\/wp-content\/uploads\/2024\/11\/ENCABEZA-EL-ALCALDE-JOSE\u0301-LUIS-URIO\u0301STEGUI-HOMENAJE-POR-EL-79-ANIVERSARIO-DEL-RETORNO-DEL-ESCUADRO\u0301N-201-AL-TE\u0301RMINO-DE-LA-SEGUNDA-GUERRA-MUNDIAL-12-150x150.jpg\" class=\"attachment-thumbnail size-thumbnail\" alt=\"\" loading=\"lazy\" \/><\/a>\n\t\t\t<\/dt><\/dl><br style=\"clear: both\" \/><dl class='gallery-item'>\n\t\t\t<dt class='gallery-icon landscape'>\n\t\t\t\t<a href='https:\/\/cuernavaca.gob.mx\/?attachment_id=46185'><img width=\"150\" height=\"150\" src=\"https:\/\/cuernavaca.gob.mx\/wp-content\/uploads\/2024\/11\/ENCABEZA-EL-ALCALDE-JOSE\u0301-LUIS-URIO\u0301STEGUI-HOMENAJE-POR-EL-79-ANIVERSARIO-DEL-RETORNO-DEL-ESCUADRO\u0301N-201-AL-TE\u0301RMINO-DE-LA-SEGUNDA-GUERRA-MUNDIAL-13-150x150.jpg\" class=\"attachment-thumbnail size-thumbnail\" alt=\"\" loading=\"lazy\" \/><\/a>\n\t\t\t<\/dt><\/dl><dl class='gallery-item'>\n\t\t\t<dt class='gallery-icon landscape'>\n\t\t\t\t<a href='https:\/\/cuernavaca.gob.mx\/?attachment_id=46186'><img width=\"150\" height=\"150\" src=\"https:\/\/cuernavaca.gob.mx\/wp-content\/uploads\/2024\/11\/ENCABEZA-EL-ALCALDE-JOSE\u0301-LUIS-URIO\u0301STEGUI-HOMENAJE-POR-EL-79-ANIVERSARIO-DEL-RETORNO-DEL-ESCUADRO\u0301N-201-AL-TE\u0301RMINO-DE-LA-SEGUNDA-GUERRA-MUNDIAL-14-150x150.jpg\" class=\"attachment-thumbnail size-thumbnail\" alt=\"\" loading=\"lazy\" \/><\/a>\n\t\t\t<\/dt><\/dl>\n\t\t\t<br style='clear: both' \/>\n\t\t<\/div>\n\n","protected":false},"excerpt":{"rendered":"<p>\u2022 Esta ceremonia fue convocada como cada a\u00f1o por Roberto Ya\u00f1ez V\u00e1zquez, presidente de Familiares y Amigos del Escuadr\u00f3n 201 de la F.A.E.M e hijo del Sargento 1ro. Armero, Juan Bautista Y\u00e1\u00f1ez Camarena \u2022 Tambi\u00e9n se cont\u00f3 con la participaci\u00f3n de familiares de los ex combatientes del Escuadr\u00f3n 201, representantes y agregados de la Embajada [&hellip;]<\/p>\n","protected":false},"author":1,"featured_media":46186,"comment_status":"closed","ping_status":"open","sticky":false,"template":"","format":"standard","meta":[],"categories":[20],"tags":[121,1023,3906,1071,120,2267,2644,206,127,2639,3242],"aioseo_notices":[],"_links":{"self":[{"href":"https:\/\/cuernavaca.gob.mx\/index.php?rest_route=\/wp\/v2\/posts\/46172"}],"collection":[{"href":"https:\/\/cuernavaca.gob.mx\/index.php?rest_route=\/wp\/v2\/posts"}],"about":[{"href":"https:\/\/cuernavaca.gob.mx\/index.php?rest_route=\/wp\/v2\/types\/post"}],"author":[{"embeddable":true,"href":"https:\/\/cuernavaca.gob.mx\/index.php?rest_route=\/wp\/v2\/users\/1"}],"replies":[{"embeddable":true,"href":"https:\/\/cuernavaca.gob.mx\/index.php?rest_route=%2Fwp%2Fv2%2Fcomments&post=46172"}],"version-history":[{"count":1,"href":"https:\/\/cuernavaca.gob.mx\/index.php?rest_route=\/wp\/v2\/posts\/46172\/revisions"}],"predecessor-version":[{"id":46187,"href":"https:\/\/cuernavaca.gob.mx\/index.php?rest_route=\/wp\/v2\/posts\/46172\/revisions\/46187"}],"wp:featuredmedia":[{"embeddable":true,"href":"https:\/\/cuernavaca.gob.mx\/index.php?rest_route=\/wp\/v2\/media\/46186"}],"wp:attachment":[{"href":"https:\/\/cuernavaca.gob.mx\/index.php?rest_route=%2Fwp%2Fv2%2Fmedia&parent=46172"}],"wp:term":[{"taxonomy":"category","embeddable":true,"href":"https:\/\/cuernavaca.gob.mx\/index.php?rest_route=%2Fwp%2Fv2%2Fcategories&post=46172"},{"taxonomy":"post_tag","embeddable":true,"href":"https:\/\/cuernavaca.gob.mx\/index.php?rest_route=%2Fwp%2Fv2%2Ftags&post=46172"}],"curies":[{"name":"wp","href":"https:\/\/api.w.org\/{rel}","templated":true}]}}