{"id":46194,"date":"2024-11-19T14:35:33","date_gmt":"2024-11-19T20:35:33","guid":{"rendered":"https:\/\/cuernavaca.gob.mx\/?p=46194"},"modified":"2024-11-19T15:36:14","modified_gmt":"2024-11-19T21:36:14","slug":"b2074-19-11-24-en-solo-tres-anos-el-ayuntamiento-de-cuernavaca-cumple-con-la-aplicacion-de-inversion-sin-precedentes-en-obra-publica-de-la-ciudad","status":"publish","type":"post","link":"https:\/\/cuernavaca.gob.mx\/?p=46194","title":{"rendered":"B2074 19\/11\/24 EN SOLO TRES A\u00d1OS, EL AYUNTAMIENTO DE CUERNAVACA CUMPLE CON LA APLICACI\u00d3N DE INVERSI\u00d3N SIN PRECEDENTES EN OBRA P\u00daBLICA DE LA CIUDAD"},"content":{"rendered":"<p><strong>\u2022 El presidente municipal Jos\u00e9 Luis Uri\u00f3stegui, encabez\u00f3 la entrega de la obra de rehabilitaci\u00f3n de la l\u00ednea de agua potable de cuatro pulgadas en calle Pedro de Alvarado de la colonia Recursos Hidr\u00e1ulicos<\/strong><\/p>\n<p><strong>\u2022 Resalt\u00f3 el trabajo hecho en materia de obra p\u00fablica, destinando solo en el 2024 m\u00e1s de 130 obras con una inversi\u00f3n superior a 300 millones de pesos, la mayor\u00eda relacionadas a servicios de agua potable<\/strong><\/p>\n<p>La ciudad de Cuernavaca es ejemplo a nivel estatal en materia de inversi\u00f3n hist\u00f3rica y continua en materia de obra p\u00fablica, transformando el Gobierno Municipal en tres a\u00f1os no solo la infraestructura para la movilidad en la ciudad, sino tambi\u00e9n de infraestructura h\u00eddrica con la introducci\u00f3n de tecnolog\u00edas innovadoras que mejoran la distribuci\u00f3n y abastecimiento del agua potable para las familias cuernavaquenses.<\/p>\n<p>Esto fue refrendado en el marco del corte de list\u00f3n de la obra de rehabilitaci\u00f3n de la l\u00ednea de agua potable de cuatro pulgadas en calle Pedro de Alvarado de la colonia Recursos Hidr\u00e1ulicos, en la cual colocaron un tubo PEAD liso hidr\u00e1ulico RD- 11 de seis pulgadas en 345 metros lineales, explic\u00f3 el secretario de Desarrollo Urbano y Obras P\u00fablicas, Demetrio Chavira de la Torre, quien refiri\u00f3 que repararon 12 tomas domiciliarias de \u00bd pulgada.<\/p>\n<p>Como parte de los trabajos, se instalaron ocho cajas para operaci\u00f3n de v\u00e1lvulas con medidas interiores tipo 2 de 1.00 x 0.90 metros para finalmente reponer el pavimento de 15 cent\u00edmetros de espesor a base de concreto premezclado en 141 metros cuadrados y el empedrado r\u00fastico con piedra de la regi\u00f3n en 112.50 metros cuadrados.<\/p>\n<p>Ante vecinas y vecinos presentes, el presidente municipal Jos\u00e9 Luis Uri\u00f3stegui, resalt\u00f3 que solo en este 2024 han realizado m\u00e1s de 130 obras con una inversi\u00f3n superior a 300 millones de pesos, la mayor\u00eda relacionadas a fortalecer e incrementar la cobertura de los servicios de agua potable a trav\u00e9s del cambio de tuber\u00eda para evitar fugas, de la rehabilitaci\u00f3n de pozos del Sistema de Agua Potable y Alcantarillado de Cuernavaca (SAPAC), entre otras acciones, que si bien no son visibles en las propias vialidades, si se notar\u00e1 el cambio al interior de las viviendas cuando tengan la cantidad suficiente para su uso cotidiano.<\/p>\n<p>Por su lado, la s\u00edndica municipal, Catalina Ver\u00f3nica Atenco P\u00e9rez, destac\u00f3 el trabajo hecho a lo largo de la administraci\u00f3n para garantizar la eficiencia y eficacia de las obras p\u00fablicas que est\u00e1n haciendo y que beneficien a la poblaci\u00f3n en donde se encuentre con recursos no solo destinados del Fondo de Aportaciones para la Infraestructura Social Municipal (FAISMUN), sino tambi\u00e9n del Congreso de Morelos por medio del Fondo de Infraestructura Regional Municipal y propios que emanan de las contribuciones hechas por la ciudadan\u00eda como fue el caso de esta obra que tuvo una inversi\u00f3n de un mill\u00f3n 999 mil 909.29 pesos<\/p>\n<p>Finalmente, el director t\u00e9cnico de SAPAC, H\u00e9ctor Polanco Ch\u00e1vez, confirm\u00f3 que con esta obra se erradicar\u00e1 la presencia de fugas en la zona inferior de la calle Pedro de Alvarado donde sumado a la obra de rehabilitaci\u00f3n integral de la zona norte de la vialidad y a la rehabilitaci\u00f3n hecha el a\u00f1o pasado en el pozo Pedro de Alvarado, se tendr\u00e1 un mayor caudal cambiando la tuber\u00eda de asbesto cemento que ya hab\u00eda cumplido su vida \u00fatil.<\/p>\n<p>A la entrega de obra asistieron el director de Saneamiento y Calidad del Agua de SAPAC, Gonzalo \u00c1vila Rojas y la delegada de Emiliano Zapata Salazar, Mar\u00eda Salom\u00e9 Salgado Mart\u00ednez.<\/p>\n\n\t\t<style type=\"text\/css\">\n\t\t\t#gallery-1 {\n\t\t\t\tmargin: auto;\n\t\t\t}\n\t\t\t#gallery-1 .gallery-item {\n\t\t\t\tfloat: left;\n\t\t\t\tmargin-top: 10px;\n\t\t\t\ttext-align: center;\n\t\t\t\twidth: 33%;\n\t\t\t}\n\t\t\t#gallery-1 img {\n\t\t\t\tborder: 2px solid #cfcfcf;\n\t\t\t}\n\t\t\t#gallery-1 .gallery-caption {\n\t\t\t\tmargin-left: 0;\n\t\t\t}\n\t\t\t\/* see gallery_shortcode() in wp-includes\/media.php *\/\n\t\t<\/style>\n\t\t<div id='gallery-1' class='gallery galleryid-46194 gallery-columns-3 gallery-size-thumbnail'><dl class='gallery-item'>\n\t\t\t<dt class='gallery-icon landscape'>\n\t\t\t\t<a href='https:\/\/cuernavaca.gob.mx\/?attachment_id=46195'><img width=\"150\" height=\"150\" src=\"https:\/\/cuernavaca.gob.mx\/wp-content\/uploads\/2024\/11\/EN-SOLO-TRES-AN\u0303OS-EL-AYUNTAMIENTO-DE-CUERNAVACA-CUMPLE-CON-LA-APLICACIO\u0301N-DE-INVERSIO\u0301N-SIN-PRECEDENTES-EN-OBRA-PU\u0301BLICA-DE-LA-CIUDAD-1-150x150.jpg\" class=\"attachment-thumbnail size-thumbnail\" alt=\"\" loading=\"lazy\" \/><\/a>\n\t\t\t<\/dt><\/dl><dl class='gallery-item'>\n\t\t\t<dt class='gallery-icon landscape'>\n\t\t\t\t<a href='https:\/\/cuernavaca.gob.mx\/?attachment_id=46196'><img width=\"150\" height=\"150\" src=\"https:\/\/cuernavaca.gob.mx\/wp-content\/uploads\/2024\/11\/EN-SOLO-TRES-AN\u0303OS-EL-AYUNTAMIENTO-DE-CUERNAVACA-CUMPLE-CON-LA-APLICACIO\u0301N-DE-INVERSIO\u0301N-SIN-PRECEDENTES-EN-OBRA-PU\u0301BLICA-DE-LA-CIUDAD-2-150x150.jpg\" class=\"attachment-thumbnail size-thumbnail\" alt=\"\" loading=\"lazy\" \/><\/a>\n\t\t\t<\/dt><\/dl><dl class='gallery-item'>\n\t\t\t<dt class='gallery-icon landscape'>\n\t\t\t\t<a href='https:\/\/cuernavaca.gob.mx\/?attachment_id=46197'><img width=\"150\" height=\"150\" src=\"https:\/\/cuernavaca.gob.mx\/wp-content\/uploads\/2024\/11\/EN-SOLO-TRES-AN\u0303OS-EL-AYUNTAMIENTO-DE-CUERNAVACA-CUMPLE-CON-LA-APLICACIO\u0301N-DE-INVERSIO\u0301N-SIN-PRECEDENTES-EN-OBRA-PU\u0301BLICA-DE-LA-CIUDAD-3-150x150.jpg\" class=\"attachment-thumbnail size-thumbnail\" alt=\"\" loading=\"lazy\" \/><\/a>\n\t\t\t<\/dt><\/dl><br style=\"clear: both\" \/><dl class='gallery-item'>\n\t\t\t<dt class='gallery-icon landscape'>\n\t\t\t\t<a href='https:\/\/cuernavaca.gob.mx\/?attachment_id=46198'><img width=\"150\" height=\"150\" src=\"https:\/\/cuernavaca.gob.mx\/wp-content\/uploads\/2024\/11\/EN-SOLO-TRES-AN\u0303OS-EL-AYUNTAMIENTO-DE-CUERNAVACA-CUMPLE-CON-LA-APLICACIO\u0301N-DE-INVERSIO\u0301N-SIN-PRECEDENTES-EN-OBRA-PU\u0301BLICA-DE-LA-CIUDAD-4-150x150.jpg\" class=\"attachment-thumbnail size-thumbnail\" alt=\"\" loading=\"lazy\" \/><\/a>\n\t\t\t<\/dt><\/dl><dl class='gallery-item'>\n\t\t\t<dt class='gallery-icon landscape'>\n\t\t\t\t<a href='https:\/\/cuernavaca.gob.mx\/?attachment_id=46199'><img width=\"150\" height=\"150\" src=\"https:\/\/cuernavaca.gob.mx\/wp-content\/uploads\/2024\/11\/EN-SOLO-TRES-AN\u0303OS-EL-AYUNTAMIENTO-DE-CUERNAVACA-CUMPLE-CON-LA-APLICACIO\u0301N-DE-INVERSIO\u0301N-SIN-PRECEDENTES-EN-OBRA-PU\u0301BLICA-DE-LA-CIUDAD-5-150x150.jpg\" class=\"attachment-thumbnail size-thumbnail\" alt=\"\" loading=\"lazy\" \/><\/a>\n\t\t\t<\/dt><\/dl><dl class='gallery-item'>\n\t\t\t<dt class='gallery-icon landscape'>\n\t\t\t\t<a href='https:\/\/cuernavaca.gob.mx\/?attachment_id=46200'><img width=\"150\" height=\"150\" src=\"https:\/\/cuernavaca.gob.mx\/wp-content\/uploads\/2024\/11\/EN-SOLO-TRES-AN\u0303OS-EL-AYUNTAMIENTO-DE-CUERNAVACA-CUMPLE-CON-LA-APLICACIO\u0301N-DE-INVERSIO\u0301N-SIN-PRECEDENTES-EN-OBRA-PU\u0301BLICA-DE-LA-CIUDAD-6-150x150.jpg\" class=\"attachment-thumbnail size-thumbnail\" alt=\"\" loading=\"lazy\" \/><\/a>\n\t\t\t<\/dt><\/dl><br style=\"clear: both\" \/><dl class='gallery-item'>\n\t\t\t<dt class='gallery-icon landscape'>\n\t\t\t\t<a href='https:\/\/cuernavaca.gob.mx\/?attachment_id=46201'><img width=\"150\" height=\"150\" src=\"https:\/\/cuernavaca.gob.mx\/wp-content\/uploads\/2024\/11\/EN-SOLO-TRES-AN\u0303OS-EL-AYUNTAMIENTO-DE-CUERNAVACA-CUMPLE-CON-LA-APLICACIO\u0301N-DE-INVERSIO\u0301N-SIN-PRECEDENTES-EN-OBRA-PU\u0301BLICA-DE-LA-CIUDAD-7-150x150.jpg\" class=\"attachment-thumbnail size-thumbnail\" alt=\"\" loading=\"lazy\" \/><\/a>\n\t\t\t<\/dt><\/dl>\n\t\t\t<br style='clear: both' \/>\n\t\t<\/div>\n\n","protected":false},"excerpt":{"rendered":"<p>\u2022 El presidente municipal Jos\u00e9 Luis Uri\u00f3stegui, encabez\u00f3 la entrega de la obra de rehabilitaci\u00f3n de la l\u00ednea de agua potable de cuatro pulgadas en calle Pedro de Alvarado de la colonia Recursos Hidr\u00e1ulicos \u2022 Resalt\u00f3 el trabajo hecho en materia de obra p\u00fablica, destinando solo en el 2024 m\u00e1s de 130 obras con una [&hellip;]<\/p>\n","protected":false},"author":1,"featured_media":46198,"comment_status":"closed","ping_status":"open","sticky":false,"template":"","format":"standard","meta":[],"categories":[18],"tags":[395,615,916,121,515,120,206,1075,213,127],"aioseo_notices":[],"_links":{"self":[{"href":"https:\/\/cuernavaca.gob.mx\/index.php?rest_route=\/wp\/v2\/posts\/46194"}],"collection":[{"href":"https:\/\/cuernavaca.gob.mx\/index.php?rest_route=\/wp\/v2\/posts"}],"about":[{"href":"https:\/\/cuernavaca.gob.mx\/index.php?rest_route=\/wp\/v2\/types\/post"}],"author":[{"embeddable":true,"href":"https:\/\/cuernavaca.gob.mx\/index.php?rest_route=\/wp\/v2\/users\/1"}],"replies":[{"embeddable":true,"href":"https:\/\/cuernavaca.gob.mx\/index.php?rest_route=%2Fwp%2Fv2%2Fcomments&post=46194"}],"version-history":[{"count":1,"href":"https:\/\/cuernavaca.gob.mx\/index.php?rest_route=\/wp\/v2\/posts\/46194\/revisions"}],"predecessor-version":[{"id":46202,"href":"https:\/\/cuernavaca.gob.mx\/index.php?rest_route=\/wp\/v2\/posts\/46194\/revisions\/46202"}],"wp:featuredmedia":[{"embeddable":true,"href":"https:\/\/cuernavaca.gob.mx\/index.php?rest_route=\/wp\/v2\/media\/46198"}],"wp:attachment":[{"href":"https:\/\/cuernavaca.gob.mx\/index.php?rest_route=%2Fwp%2Fv2%2Fmedia&parent=46194"}],"wp:term":[{"taxonomy":"category","embeddable":true,"href":"https:\/\/cuernavaca.gob.mx\/index.php?rest_route=%2Fwp%2Fv2%2Fcategories&post=46194"},{"taxonomy":"post_tag","embeddable":true,"href":"https:\/\/cuernavaca.gob.mx\/index.php?rest_route=%2Fwp%2Fv2%2Ftags&post=46194"}],"curies":[{"name":"wp","href":"https:\/\/api.w.org\/{rel}","templated":true}]}}