{"id":46241,"date":"2024-11-20T17:00:48","date_gmt":"2024-11-20T23:00:48","guid":{"rendered":"https:\/\/cuernavaca.gob.mx\/?p=46241"},"modified":"2024-11-20T18:01:35","modified_gmt":"2024-11-21T00:01:35","slug":"f968-20-11-24-invita-el-alcalde-jose-luis-uriostegui-a-tener-presente-la-lucha-y-objetivos-de-la-revolucion-mexicana","status":"publish","type":"post","link":"https:\/\/cuernavaca.gob.mx\/?p=46241","title":{"rendered":"F968 20\/11\/24 INVITA EL ALCALDE JOS\u00c9 LUIS URI\u00d3STEGUI A TENER PRESENTE LA LUCHA Y OBJETIVOS DE LA REVOLUCI\u00d3N MEXICANA"},"content":{"rendered":"<p>En el marco del CXIV aniversario del inicio de la Revoluci\u00f3n Mexicana, el presidente municipal de Cuernavaca, Jos\u00e9 Luis Uri\u00f3stegui Salgado, resalt\u00f3 la importancia de esta gesta hist\u00f3rica que ha distinguido al pa\u00eds, as\u00ed como a los personajes que formaron parte de ella y que es necesario que se mantengan vigentes y en el conocimiento de las nuevas generaciones como el primer gran movimiento social del Siglo XX.<\/p>\n<p>En el marco de la sesi\u00f3n ordinaria de Cabildo, el alcalde de Cuernavaca record\u00f3 que antes de que la Revoluci\u00f3n Rusa iniciara, M\u00e9xico ya estaba primero en una confrontaci\u00f3n democr\u00e1tica para evitar la reelecci\u00f3n y despu\u00e9s en una lucha armada que involucr\u00f3 los derechos de los trabajadores y de quienes se dedicaban al campo, en este \u00faltimo caso resaltando el gran contenido social que le da la Revoluci\u00f3n del Sur a trav\u00e9s del general Emiliano Zapata Salazar que se plasma incluso en el art\u00edculo 27 constitucional, pero tambi\u00e9n de los hermanos Flores Mag\u00f3n con los derechos de los trabajadores que le da contenido al art\u00edculo 123 de la Carta Magna.<\/p>\n<p>Se\u00f1al\u00f3 que, si bien hoy se vive en un pa\u00eds de libertades, de democracia y de igualdades, todav\u00eda se tienen resquicios porque no se han alcanzado en plenitud, pero que se trabajan para lograrlo.<\/p>\n<p>La regidora Wendi Salinas Ruiz se sum\u00f3 a este reconocimiento a un movimiento tan importante en la historia del pa\u00eds que no solo transformo el rumbo de M\u00e9xico, sino que tambi\u00e9n defendi\u00f3 ideales de justicia, igualdad y libertad.<\/p>\n\n\t\t<style type=\"text\/css\">\n\t\t\t#gallery-1 {\n\t\t\t\tmargin: auto;\n\t\t\t}\n\t\t\t#gallery-1 .gallery-item {\n\t\t\t\tfloat: left;\n\t\t\t\tmargin-top: 10px;\n\t\t\t\ttext-align: center;\n\t\t\t\twidth: 33%;\n\t\t\t}\n\t\t\t#gallery-1 img {\n\t\t\t\tborder: 2px solid #cfcfcf;\n\t\t\t}\n\t\t\t#gallery-1 .gallery-caption {\n\t\t\t\tmargin-left: 0;\n\t\t\t}\n\t\t\t\/* see gallery_shortcode() in wp-includes\/media.php *\/\n\t\t<\/style>\n\t\t<div id='gallery-1' class='gallery galleryid-46241 gallery-columns-3 gallery-size-thumbnail'><dl class='gallery-item'>\n\t\t\t<dt class='gallery-icon landscape'>\n\t\t\t\t<a href='https:\/\/cuernavaca.gob.mx\/?attachment_id=46242'><img width=\"150\" height=\"150\" src=\"https:\/\/cuernavaca.gob.mx\/wp-content\/uploads\/2024\/11\/INVITA-EL-ALCALDE-JOSE\u0301-LUIS-URIO\u0301STEGUI-A-TENER-PRESENTE-LA-LUCHA-Y-OBJETIVOS-DE-LA-REVOLUCIO\u0301N-MEXICANA-1-150x150.jpg\" class=\"attachment-thumbnail size-thumbnail\" alt=\"\" loading=\"lazy\" \/><\/a>\n\t\t\t<\/dt><\/dl><dl class='gallery-item'>\n\t\t\t<dt class='gallery-icon landscape'>\n\t\t\t\t<a href='https:\/\/cuernavaca.gob.mx\/?attachment_id=46243'><img width=\"150\" height=\"150\" src=\"https:\/\/cuernavaca.gob.mx\/wp-content\/uploads\/2024\/11\/INVITA-EL-ALCALDE-JOSE\u0301-LUIS-URIO\u0301STEGUI-A-TENER-PRESENTE-LA-LUCHA-Y-OBJETIVOS-DE-LA-REVOLUCIO\u0301N-MEXICANA-2-150x150.jpg\" class=\"attachment-thumbnail size-thumbnail\" alt=\"\" loading=\"lazy\" \/><\/a>\n\t\t\t<\/dt><\/dl><dl class='gallery-item'>\n\t\t\t<dt class='gallery-icon landscape'>\n\t\t\t\t<a href='https:\/\/cuernavaca.gob.mx\/?attachment_id=46244'><img width=\"150\" height=\"150\" src=\"https:\/\/cuernavaca.gob.mx\/wp-content\/uploads\/2024\/11\/INVITA-EL-ALCALDE-JOSE\u0301-LUIS-URIO\u0301STEGUI-A-TENER-PRESENTE-LA-LUCHA-Y-OBJETIVOS-DE-LA-REVOLUCIO\u0301N-MEXICANA-3-150x150.jpg\" class=\"attachment-thumbnail size-thumbnail\" alt=\"\" loading=\"lazy\" \/><\/a>\n\t\t\t<\/dt><\/dl><br style=\"clear: both\" \/>\n\t\t<\/div>\n\n","protected":false},"excerpt":{"rendered":"<p>En el marco del CXIV aniversario del inicio de la Revoluci\u00f3n Mexicana, el presidente municipal de Cuernavaca, Jos\u00e9 Luis Uri\u00f3stegui Salgado, resalt\u00f3 la importancia de esta gesta hist\u00f3rica que ha distinguido al pa\u00eds, as\u00ed como a los personajes que formaron parte de ella y que es necesario que se mantengan vigentes y en el conocimiento [&hellip;]<\/p>\n","protected":false},"author":1,"featured_media":46244,"comment_status":"closed","ping_status":"open","sticky":false,"template":"","format":"standard","meta":[],"categories":[1],"tags":[158,121,3910,120,3781,2267,206,127,2652],"aioseo_notices":[],"_links":{"self":[{"href":"https:\/\/cuernavaca.gob.mx\/index.php?rest_route=\/wp\/v2\/posts\/46241"}],"collection":[{"href":"https:\/\/cuernavaca.gob.mx\/index.php?rest_route=\/wp\/v2\/posts"}],"about":[{"href":"https:\/\/cuernavaca.gob.mx\/index.php?rest_route=\/wp\/v2\/types\/post"}],"author":[{"embeddable":true,"href":"https:\/\/cuernavaca.gob.mx\/index.php?rest_route=\/wp\/v2\/users\/1"}],"replies":[{"embeddable":true,"href":"https:\/\/cuernavaca.gob.mx\/index.php?rest_route=%2Fwp%2Fv2%2Fcomments&post=46241"}],"version-history":[{"count":1,"href":"https:\/\/cuernavaca.gob.mx\/index.php?rest_route=\/wp\/v2\/posts\/46241\/revisions"}],"predecessor-version":[{"id":46245,"href":"https:\/\/cuernavaca.gob.mx\/index.php?rest_route=\/wp\/v2\/posts\/46241\/revisions\/46245"}],"wp:featuredmedia":[{"embeddable":true,"href":"https:\/\/cuernavaca.gob.mx\/index.php?rest_route=\/wp\/v2\/media\/46244"}],"wp:attachment":[{"href":"https:\/\/cuernavaca.gob.mx\/index.php?rest_route=%2Fwp%2Fv2%2Fmedia&parent=46241"}],"wp:term":[{"taxonomy":"category","embeddable":true,"href":"https:\/\/cuernavaca.gob.mx\/index.php?rest_route=%2Fwp%2Fv2%2Fcategories&post=46241"},{"taxonomy":"post_tag","embeddable":true,"href":"https:\/\/cuernavaca.gob.mx\/index.php?rest_route=%2Fwp%2Fv2%2Ftags&post=46241"}],"curies":[{"name":"wp","href":"https:\/\/api.w.org\/{rel}","templated":true}]}}