{"id":46246,"date":"2024-11-21T13:00:03","date_gmt":"2024-11-21T19:00:03","guid":{"rendered":"https:\/\/cuernavaca.gob.mx\/?p=46246"},"modified":"2024-11-21T14:03:41","modified_gmt":"2024-11-21T20:03:41","slug":"f969-21-11-24-cuernavaca-sera-sede-del-xxi-congreso-internacional-en-derecho-familiar-la-familia-es-para-siempre","status":"publish","type":"post","link":"https:\/\/cuernavaca.gob.mx\/?p=46246","title":{"rendered":"F969  21\/11\/24  CUERNAVACA SER\u00c1 SEDE DEL XXI CONGRESO INTERNACIONAL EN DERECHO FAMILIAR \u201cLA FAMILIA ES PARA SIEMPRE\u201d"},"content":{"rendered":"<p>El presidente municipal de Cuernavaca, Jos\u00e9 Luis Uri\u00f3stegui Salgado sostuvo una reuni\u00f3n con el Dr. Juli\u00e1n G\u00fcitr\u00f3n Fuentevilla, presidente del Centro Internacional de Estudios en Derecho Familiar y Civil y el rector de la Universidad Interamericana de Morelos, Jos\u00e9 Alberto P\u00e9rez Apa\u00e9z, quienes lo convocaron a inaugurar el XXI Congreso Internacional en Derecho Familiar \u201cLa familia es para siempre\u201d que tendr\u00e1 como sede la capital morelense y contar\u00e1 con la participaci\u00f3n de 35 conferencistas de Italia, Espa\u00f1a, Colombia, Rep\u00fablica Dominicana, Argentina y M\u00e9xico.<\/p>\n<p>Este Congreso, que se llevar\u00e1 a cabo del 25 al 29 de noviembre en las instalaciones de la Universidad Interamericana de Morelos ubicadas en Cerrada del Sol #5, colonia Chapultepec en coordinaci\u00f3n con la Facultad de Derecho y Ciencias Sociales de la UAEM y el Centro Internacional de Estudios en Derecho Familiar y Civil, ser\u00e1 el marco para que el alcalde Jos\u00e9 Luis Uri\u00f3stegui, sea reconocido con el Doctorado Honoris Causa, titulo con el que formar\u00e1 parte del Claustro Doctoral de la Universidad Interamericana, en reconocimiento a sus aportaciones a la reconstrucci\u00f3n de una mejor sociedad y su labor a favor de la comunidad en sus distintas responsabilidades.<\/p>\n<p>En esta reuni\u00f3n en la que tambi\u00e9n particip\u00f3 el Maestro Jorge Mario Garc\u00eda \u00c1vila, director de Extensi\u00f3n Universitaria y Relaciones P\u00fablicas de la Universidad Interamericana, el Dr. Juli\u00e1n G\u00fcitr\u00f3n Fuentevilla, dio contexto a la relevancia del Congreso Internacional en Derecho Familiar a realizarse en Cuernavaca, de la participaci\u00f3n de estudiosos en el tema.<\/p>\n<p>El rector de la Universidad Interamericana de Morelos, Jos\u00e9 Alberto P\u00e9rez, se\u00f1al\u00f3 que el Congreso Internacional en Derecho Familiar es abierto al p\u00fablico en general, por lo que las y los interesados puede solicitar informes al 777 512 6182, al 777 315 8001 o al correo derechofamiliar.net<\/p>\n\n\t\t<style type=\"text\/css\">\n\t\t\t#gallery-1 {\n\t\t\t\tmargin: auto;\n\t\t\t}\n\t\t\t#gallery-1 .gallery-item {\n\t\t\t\tfloat: left;\n\t\t\t\tmargin-top: 10px;\n\t\t\t\ttext-align: center;\n\t\t\t\twidth: 33%;\n\t\t\t}\n\t\t\t#gallery-1 img {\n\t\t\t\tborder: 2px solid #cfcfcf;\n\t\t\t}\n\t\t\t#gallery-1 .gallery-caption {\n\t\t\t\tmargin-left: 0;\n\t\t\t}\n\t\t\t\/* see gallery_shortcode() in wp-includes\/media.php *\/\n\t\t<\/style>\n\t\t<div id='gallery-1' class='gallery galleryid-46246 gallery-columns-3 gallery-size-thumbnail'><dl class='gallery-item'>\n\t\t\t<dt class='gallery-icon landscape'>\n\t\t\t\t<a href='https:\/\/cuernavaca.gob.mx\/?attachment_id=46247'><img width=\"150\" height=\"150\" src=\"https:\/\/cuernavaca.gob.mx\/wp-content\/uploads\/2024\/11\/CUERNAVACA-SERA\u0301-SEDE-DEL-XXI-CONGRESO-INTERNACIONAL-EN-DERECHO-FAMILIAR-LA-FAMILIA-ES-PARA-SIEMPRE-2-150x150.jpg\" class=\"attachment-thumbnail size-thumbnail\" alt=\"\" loading=\"lazy\" \/><\/a>\n\t\t\t<\/dt><\/dl><dl class='gallery-item'>\n\t\t\t<dt class='gallery-icon landscape'>\n\t\t\t\t<a href='https:\/\/cuernavaca.gob.mx\/?attachment_id=46248'><img width=\"150\" height=\"150\" src=\"https:\/\/cuernavaca.gob.mx\/wp-content\/uploads\/2024\/11\/CUERNAVACA-SERA\u0301-SEDE-DEL-XXI-CONGRESO-INTERNACIONAL-EN-DERECHO-FAMILIAR-LA-FAMILIA-ES-PARA-SIEMPRE-1-150x150.jpg\" class=\"attachment-thumbnail size-thumbnail\" alt=\"\" loading=\"lazy\" srcset=\"https:\/\/cuernavaca.gob.mx\/wp-content\/uploads\/2024\/11\/CUERNAVACA-SERA\u0301-SEDE-DEL-XXI-CONGRESO-INTERNACIONAL-EN-DERECHO-FAMILIAR-LA-FAMILIA-ES-PARA-SIEMPRE-1-150x150.jpg 150w, https:\/\/cuernavaca.gob.mx\/wp-content\/uploads\/2024\/11\/CUERNAVACA-SERA\u0301-SEDE-DEL-XXI-CONGRESO-INTERNACIONAL-EN-DERECHO-FAMILIAR-LA-FAMILIA-ES-PARA-SIEMPRE-1-300x300.jpg 300w, https:\/\/cuernavaca.gob.mx\/wp-content\/uploads\/2024\/11\/CUERNAVACA-SERA\u0301-SEDE-DEL-XXI-CONGRESO-INTERNACIONAL-EN-DERECHO-FAMILIAR-LA-FAMILIA-ES-PARA-SIEMPRE-1-1024x1024.jpg 1024w, https:\/\/cuernavaca.gob.mx\/wp-content\/uploads\/2024\/11\/CUERNAVACA-SERA\u0301-SEDE-DEL-XXI-CONGRESO-INTERNACIONAL-EN-DERECHO-FAMILIAR-LA-FAMILIA-ES-PARA-SIEMPRE-1-768x768.jpg 768w, https:\/\/cuernavaca.gob.mx\/wp-content\/uploads\/2024\/11\/CUERNAVACA-SERA\u0301-SEDE-DEL-XXI-CONGRESO-INTERNACIONAL-EN-DERECHO-FAMILIAR-LA-FAMILIA-ES-PARA-SIEMPRE-1-600x600.jpg 600w, https:\/\/cuernavaca.gob.mx\/wp-content\/uploads\/2024\/11\/CUERNAVACA-SERA\u0301-SEDE-DEL-XXI-CONGRESO-INTERNACIONAL-EN-DERECHO-FAMILIAR-LA-FAMILIA-ES-PARA-SIEMPRE-1-560x560.jpg 560w, https:\/\/cuernavaca.gob.mx\/wp-content\/uploads\/2024\/11\/CUERNAVACA-SERA\u0301-SEDE-DEL-XXI-CONGRESO-INTERNACIONAL-EN-DERECHO-FAMILIAR-LA-FAMILIA-ES-PARA-SIEMPRE-1.jpg 1280w\" sizes=\"(max-width: 150px) 100vw, 150px\" \/><\/a>\n\t\t\t<\/dt><\/dl><dl class='gallery-item'>\n\t\t\t<dt class='gallery-icon landscape'>\n\t\t\t\t<a href='https:\/\/cuernavaca.gob.mx\/?attachment_id=46249'><img width=\"150\" height=\"150\" src=\"https:\/\/cuernavaca.gob.mx\/wp-content\/uploads\/2024\/11\/CUERNAVACA-SERA\u0301-SEDE-DEL-XXI-CONGRESO-INTERNACIONAL-EN-DERECHO-FAMILIAR-LA-FAMILIA-ES-PARA-SIEMPRE-3-150x150.jpg\" class=\"attachment-thumbnail size-thumbnail\" alt=\"\" loading=\"lazy\" \/><\/a>\n\t\t\t<\/dt><\/dl><br style=\"clear: both\" \/><dl class='gallery-item'>\n\t\t\t<dt class='gallery-icon landscape'>\n\t\t\t\t<a href='https:\/\/cuernavaca.gob.mx\/?attachment_id=46250'><img width=\"150\" height=\"150\" src=\"https:\/\/cuernavaca.gob.mx\/wp-content\/uploads\/2024\/11\/CUERNAVACA-SERA\u0301-SEDE-DEL-XXI-CONGRESO-INTERNACIONAL-EN-DERECHO-FAMILIAR-LA-FAMILIA-ES-PARA-SIEMPRE-4-150x150.jpg\" class=\"attachment-thumbnail size-thumbnail\" alt=\"\" loading=\"lazy\" \/><\/a>\n\t\t\t<\/dt><\/dl><dl class='gallery-item'>\n\t\t\t<dt class='gallery-icon landscape'>\n\t\t\t\t<a href='https:\/\/cuernavaca.gob.mx\/?attachment_id=46251'><img width=\"150\" height=\"150\" src=\"https:\/\/cuernavaca.gob.mx\/wp-content\/uploads\/2024\/11\/CUERNAVACA-SERA\u0301-SEDE-DEL-XXI-CONGRESO-INTERNACIONAL-EN-DERECHO-FAMILIAR-LA-FAMILIA-ES-PARA-SIEMPRE-5-150x150.jpg\" class=\"attachment-thumbnail size-thumbnail\" alt=\"\" loading=\"lazy\" \/><\/a>\n\t\t\t<\/dt><\/dl><dl class='gallery-item'>\n\t\t\t<dt class='gallery-icon landscape'>\n\t\t\t\t<a href='https:\/\/cuernavaca.gob.mx\/?attachment_id=46252'><img width=\"150\" height=\"150\" src=\"https:\/\/cuernavaca.gob.mx\/wp-content\/uploads\/2024\/11\/CUERNAVACA-SERA\u0301-SEDE-DEL-XXI-CONGRESO-INTERNACIONAL-EN-DERECHO-FAMILIAR-LA-FAMILIA-ES-PARA-SIEMPRE-6-150x150.jpg\" class=\"attachment-thumbnail size-thumbnail\" alt=\"\" loading=\"lazy\" \/><\/a>\n\t\t\t<\/dt><\/dl><br style=\"clear: both\" \/><dl class='gallery-item'>\n\t\t\t<dt class='gallery-icon landscape'>\n\t\t\t\t<a href='https:\/\/cuernavaca.gob.mx\/?attachment_id=46253'><img width=\"150\" height=\"150\" src=\"https:\/\/cuernavaca.gob.mx\/wp-content\/uploads\/2024\/11\/CUERNAVACA-SERA\u0301-SEDE-DEL-XXI-CONGRESO-INTERNACIONAL-EN-DERECHO-FAMILIAR-LA-FAMILIA-ES-PARA-SIEMPRE-7-150x150.jpg\" class=\"attachment-thumbnail size-thumbnail\" alt=\"\" loading=\"lazy\" \/><\/a>\n\t\t\t<\/dt><\/dl><dl class='gallery-item'>\n\t\t\t<dt class='gallery-icon landscape'>\n\t\t\t\t<a href='https:\/\/cuernavaca.gob.mx\/?attachment_id=46254'><img width=\"150\" height=\"150\" src=\"https:\/\/cuernavaca.gob.mx\/wp-content\/uploads\/2024\/11\/CUERNAVACA-SERA\u0301-SEDE-DEL-XXI-CONGRESO-INTERNACIONAL-EN-DERECHO-FAMILIAR-LA-FAMILIA-ES-PARA-SIEMPRE-8-150x150.jpg\" class=\"attachment-thumbnail size-thumbnail\" alt=\"\" loading=\"lazy\" \/><\/a>\n\t\t\t<\/dt><\/dl>\n\t\t\t<br style='clear: both' \/>\n\t\t<\/div>\n\n","protected":false},"excerpt":{"rendered":"<p>El presidente municipal de Cuernavaca, Jos\u00e9 Luis Uri\u00f3stegui Salgado sostuvo una reuni\u00f3n con el Dr. Juli\u00e1n G\u00fcitr\u00f3n Fuentevilla, presidente del Centro Internacional de Estudios en Derecho Familiar y Civil y el rector de la Universidad Interamericana de Morelos, Jos\u00e9 Alberto P\u00e9rez Apa\u00e9z, quienes lo convocaron a inaugurar el XXI Congreso Internacional en Derecho Familiar \u201cLa [&hellip;]<\/p>\n","protected":false},"author":1,"featured_media":46249,"comment_status":"closed","ping_status":"open","sticky":false,"template":"","format":"standard","meta":[],"categories":[20],"tags":[1024,306,121,2337,120,206,3399,470],"aioseo_notices":[],"_links":{"self":[{"href":"https:\/\/cuernavaca.gob.mx\/index.php?rest_route=\/wp\/v2\/posts\/46246"}],"collection":[{"href":"https:\/\/cuernavaca.gob.mx\/index.php?rest_route=\/wp\/v2\/posts"}],"about":[{"href":"https:\/\/cuernavaca.gob.mx\/index.php?rest_route=\/wp\/v2\/types\/post"}],"author":[{"embeddable":true,"href":"https:\/\/cuernavaca.gob.mx\/index.php?rest_route=\/wp\/v2\/users\/1"}],"replies":[{"embeddable":true,"href":"https:\/\/cuernavaca.gob.mx\/index.php?rest_route=%2Fwp%2Fv2%2Fcomments&post=46246"}],"version-history":[{"count":1,"href":"https:\/\/cuernavaca.gob.mx\/index.php?rest_route=\/wp\/v2\/posts\/46246\/revisions"}],"predecessor-version":[{"id":46255,"href":"https:\/\/cuernavaca.gob.mx\/index.php?rest_route=\/wp\/v2\/posts\/46246\/revisions\/46255"}],"wp:featuredmedia":[{"embeddable":true,"href":"https:\/\/cuernavaca.gob.mx\/index.php?rest_route=\/wp\/v2\/media\/46249"}],"wp:attachment":[{"href":"https:\/\/cuernavaca.gob.mx\/index.php?rest_route=%2Fwp%2Fv2%2Fmedia&parent=46246"}],"wp:term":[{"taxonomy":"category","embeddable":true,"href":"https:\/\/cuernavaca.gob.mx\/index.php?rest_route=%2Fwp%2Fv2%2Fcategories&post=46246"},{"taxonomy":"post_tag","embeddable":true,"href":"https:\/\/cuernavaca.gob.mx\/index.php?rest_route=%2Fwp%2Fv2%2Ftags&post=46246"}],"curies":[{"name":"wp","href":"https:\/\/api.w.org\/{rel}","templated":true}]}}