{"id":46448,"date":"2024-11-28T16:15:37","date_gmt":"2024-11-28T22:15:37","guid":{"rendered":"https:\/\/cuernavaca.gob.mx\/?p=46448"},"modified":"2024-11-28T16:51:30","modified_gmt":"2024-11-28T22:51:30","slug":"b2091-28-11-24-sapac-crea-red-de-escuelas-autosuficientes-para-la-preservacion-de-los-recursos-naturales-en-cuernavaca","status":"publish","type":"post","link":"https:\/\/cuernavaca.gob.mx\/?p=46448","title":{"rendered":"B2091 28\/11\/24 SAPAC CREA RED DE ESCUELAS AUTOSUFICIENTES PARA LA PRESERVACI\u00d3N DE LOS RECURSOS NATURALES EN CUERNAVACA"},"content":{"rendered":"<p><strong>\u2022 A trav\u00e9s del programa \u201cEscuelas Amigas del Planeta\u201d, 10 instituciones p\u00fablicas y privadas de nivel b\u00e1sico y medio superior fueron capacitadas en materia de educaci\u00f3n ambiental<\/strong><\/p>\n<p><strong>\u2022 Se cont\u00f3 con la participaci\u00f3n no solo del alumnado, sino tambi\u00e9n de directivos, docentes y madres y padres de familia<\/strong><\/p>\n<p>El Sistema de Agua Potable y Alcantarillado de Cuernavaca (SAPAC) ha constituido una red de escuelas p\u00fablicas y privadas autosuficientes para la preservaci\u00f3n de los recursos naturales a trav\u00e9s del programa \u201cEscuelas Amigas del Planeta\u201d, donde en una primera etapa 10 instituciones educativas se sumaron al compromiso de seguir impulsando la educaci\u00f3n ambiental en la comunidad educativa.<\/p>\n<p>En el marco de entrega de reconocimientos a las instituciones educativas participantes, la directora general de SAPAC, Evelia Flores Hern\u00e1ndez, agradeci\u00f3 el esfuerzo de las cuatro escuelas primarias federales, un jard\u00edn de ni\u00f1os, secundaria y preparatoria federal, as\u00ed como tres colegios particulares que fueron capacitados por personal de la Casa Ecol\u00f3gica y del Espacio de Cultura del Agua (ECA) en materia de ahorro de energ\u00eda, ahorro de agua y separaci\u00f3n de residuos contando con la participaci\u00f3n integral de alumnos, padres, directivos y maestros, quienes podr\u00e1n ser replicadores de los conocimientos adquiridos sobre el cuidado del medio ambiente.<\/p>\n<p>En representaci\u00f3n del presidente municipal de Cuernavaca, Jos\u00e9 Luis Uri\u00f3stegui Salgado, el regidor V\u00edctor Hugo Manzo God\u00ednez, reconoci\u00f3 la iniciativa del organismo descentralizado por transmitir a los futuros ciudadanos, padres de familia y maestros un elemento tan esencial en la comunicaci\u00f3n p\u00fablica como es el cuidado del medio ambiente, particularmente en un punto tan cr\u00edtico donde es fundamental la corresponsabilidad ciudadana en la protecci\u00f3n del planeta.<\/p>\n<p>Las escuelas participantes en esta primera etapa fueron el Colegio Crist\u00f3bal Col\u00f3n que abri\u00f3 sus puertas a la entrega de reconocimientos, la escuela primaria federal \u201c17 de abril de 1869\u201d, la preparatoria \u201cAndr\u00e9s Quintana Roo\u201d, la secundaria \u201cLowry\u201d, la secundaria 14 \u201cProfesor Jos\u00e9 Vizca\u00edno P\u00e9rez\u201d, la escuela primaria federal \u201cTlacaelel\u201d, el colegio \u201cHamlet\u201d, la escuela primaria \u201cJos\u00e9 Vasconcelos\u201d, el jard\u00edn de ni\u00f1os \u201cFederico Froebel\u201d y la escuela primaria federal \u201c5 de mayo\u201d.<\/p>\n<p>Con el programa \u201cEscuelas Amigas del Planeta\u201d la comunidad educativa realiz\u00f3 diferentes acciones ecol\u00f3gicas, mediante la concientizaci\u00f3n en el consumo de energ\u00eda el\u00e9ctrica, el ahorro del agua potable, la creaci\u00f3n de botes separadores de residuos s\u00f3lidos, as\u00ed como la elaboraci\u00f3n de huertos verticales y zonas verdes que est\u00e1n en operaci\u00f3n dentro de las escuelas.<\/p>\n<p>En el evento estuvieron presentes directivos de SAPAC, de las escuelas participantes, de la Comisi\u00f3n Estatal del Agua y autoridades educativas.<\/p>\n\n\t\t<style type=\"text\/css\">\n\t\t\t#gallery-1 {\n\t\t\t\tmargin: auto;\n\t\t\t}\n\t\t\t#gallery-1 .gallery-item {\n\t\t\t\tfloat: left;\n\t\t\t\tmargin-top: 10px;\n\t\t\t\ttext-align: center;\n\t\t\t\twidth: 33%;\n\t\t\t}\n\t\t\t#gallery-1 img {\n\t\t\t\tborder: 2px solid #cfcfcf;\n\t\t\t}\n\t\t\t#gallery-1 .gallery-caption {\n\t\t\t\tmargin-left: 0;\n\t\t\t}\n\t\t\t\/* see gallery_shortcode() in wp-includes\/media.php *\/\n\t\t<\/style>\n\t\t<div id='gallery-1' class='gallery galleryid-46448 gallery-columns-3 gallery-size-thumbnail'><dl class='gallery-item'>\n\t\t\t<dt class='gallery-icon landscape'>\n\t\t\t\t<a href='https:\/\/cuernavaca.gob.mx\/?attachment_id=46449'><img width=\"150\" height=\"150\" src=\"https:\/\/cuernavaca.gob.mx\/wp-content\/uploads\/2024\/11\/SAPAC-CREA-RED-DE-ESCUELAS-AUTOSUFICIENTES-PARA-LA-PRESERVACIO\u0301N-DE-LOS-RECURSOS-NATURALES-EN-CUERNAVACA-1-150x150.jpg\" class=\"attachment-thumbnail size-thumbnail\" alt=\"\" loading=\"lazy\" \/><\/a>\n\t\t\t<\/dt><\/dl><dl class='gallery-item'>\n\t\t\t<dt class='gallery-icon landscape'>\n\t\t\t\t<a href='https:\/\/cuernavaca.gob.mx\/?attachment_id=46450'><img width=\"150\" height=\"150\" src=\"https:\/\/cuernavaca.gob.mx\/wp-content\/uploads\/2024\/11\/SAPAC-CREA-RED-DE-ESCUELAS-AUTOSUFICIENTES-PARA-LA-PRESERVACIO\u0301N-DE-LOS-RECURSOS-NATURALES-EN-CUERNAVACA-2-150x150.jpg\" class=\"attachment-thumbnail size-thumbnail\" alt=\"\" loading=\"lazy\" \/><\/a>\n\t\t\t<\/dt><\/dl><dl class='gallery-item'>\n\t\t\t<dt class='gallery-icon landscape'>\n\t\t\t\t<a href='https:\/\/cuernavaca.gob.mx\/?attachment_id=46451'><img width=\"150\" height=\"150\" src=\"https:\/\/cuernavaca.gob.mx\/wp-content\/uploads\/2024\/11\/SAPAC-CREA-RED-DE-ESCUELAS-AUTOSUFICIENTES-PARA-LA-PRESERVACIO\u0301N-DE-LOS-RECURSOS-NATURALES-EN-CUERNAVACA-3-150x150.jpg\" class=\"attachment-thumbnail size-thumbnail\" alt=\"\" loading=\"lazy\" \/><\/a>\n\t\t\t<\/dt><\/dl><br style=\"clear: both\" \/><dl class='gallery-item'>\n\t\t\t<dt class='gallery-icon landscape'>\n\t\t\t\t<a href='https:\/\/cuernavaca.gob.mx\/?attachment_id=46452'><img width=\"150\" height=\"150\" src=\"https:\/\/cuernavaca.gob.mx\/wp-content\/uploads\/2024\/11\/SAPAC-CREA-RED-DE-ESCUELAS-AUTOSUFICIENTES-PARA-LA-PRESERVACIO\u0301N-DE-LOS-RECURSOS-NATURALES-EN-CUERNAVACA-4-150x150.jpg\" class=\"attachment-thumbnail size-thumbnail\" alt=\"\" loading=\"lazy\" \/><\/a>\n\t\t\t<\/dt><\/dl><dl class='gallery-item'>\n\t\t\t<dt class='gallery-icon landscape'>\n\t\t\t\t<a href='https:\/\/cuernavaca.gob.mx\/?attachment_id=46453'><img width=\"150\" height=\"150\" src=\"https:\/\/cuernavaca.gob.mx\/wp-content\/uploads\/2024\/11\/SAPAC-CREA-RED-DE-ESCUELAS-AUTOSUFICIENTES-PARA-LA-PRESERVACIO\u0301N-DE-LOS-RECURSOS-NATURALES-EN-CUERNAVACA-5-150x150.jpg\" class=\"attachment-thumbnail size-thumbnail\" alt=\"\" loading=\"lazy\" \/><\/a>\n\t\t\t<\/dt><\/dl><dl class='gallery-item'>\n\t\t\t<dt class='gallery-icon landscape'>\n\t\t\t\t<a href='https:\/\/cuernavaca.gob.mx\/?attachment_id=46454'><img width=\"150\" height=\"150\" src=\"https:\/\/cuernavaca.gob.mx\/wp-content\/uploads\/2024\/11\/SAPAC-CREA-RED-DE-ESCUELAS-AUTOSUFICIENTES-PARA-LA-PRESERVACIO\u0301N-DE-LOS-RECURSOS-NATURALES-EN-CUERNAVACA-7-150x150.jpg\" class=\"attachment-thumbnail size-thumbnail\" alt=\"\" loading=\"lazy\" \/><\/a>\n\t\t\t<\/dt><\/dl><br style=\"clear: both\" \/><dl class='gallery-item'>\n\t\t\t<dt class='gallery-icon landscape'>\n\t\t\t\t<a href='https:\/\/cuernavaca.gob.mx\/?attachment_id=46455'><img width=\"150\" height=\"150\" src=\"https:\/\/cuernavaca.gob.mx\/wp-content\/uploads\/2024\/11\/SAPAC-CREA-RED-DE-ESCUELAS-AUTOSUFICIENTES-PARA-LA-PRESERVACIO\u0301N-DE-LOS-RECURSOS-NATURALES-EN-CUERNAVACA-8-150x150.jpg\" class=\"attachment-thumbnail size-thumbnail\" alt=\"\" loading=\"lazy\" \/><\/a>\n\t\t\t<\/dt><\/dl><dl class='gallery-item'>\n\t\t\t<dt class='gallery-icon landscape'>\n\t\t\t\t<a href='https:\/\/cuernavaca.gob.mx\/?attachment_id=46456'><img width=\"150\" height=\"150\" src=\"https:\/\/cuernavaca.gob.mx\/wp-content\/uploads\/2024\/11\/SAPAC-CREA-RED-DE-ESCUELAS-AUTOSUFICIENTES-PARA-LA-PRESERVACIO\u0301N-DE-LOS-RECURSOS-NATURALES-EN-CUERNAVACA-9-150x150.jpg\" class=\"attachment-thumbnail size-thumbnail\" alt=\"\" loading=\"lazy\" \/><\/a>\n\t\t\t<\/dt><\/dl><dl class='gallery-item'>\n\t\t\t<dt class='gallery-icon landscape'>\n\t\t\t\t<a href='https:\/\/cuernavaca.gob.mx\/?attachment_id=46457'><img width=\"150\" height=\"150\" src=\"https:\/\/cuernavaca.gob.mx\/wp-content\/uploads\/2024\/11\/SAPAC-CREA-RED-DE-ESCUELAS-AUTOSUFICIENTES-PARA-LA-PRESERVACIO\u0301N-DE-LOS-RECURSOS-NATURALES-EN-CUERNAVACA-10-150x150.jpg\" class=\"attachment-thumbnail size-thumbnail\" alt=\"\" loading=\"lazy\" \/><\/a>\n\t\t\t<\/dt><\/dl><br style=\"clear: both\" \/>\n\t\t<\/div>\n\n","protected":false},"excerpt":{"rendered":"<p>\u2022 A trav\u00e9s del programa \u201cEscuelas Amigas del Planeta\u201d, 10 instituciones p\u00fablicas y privadas de nivel b\u00e1sico y medio superior fueron capacitadas en materia de educaci\u00f3n ambiental \u2022 Se cont\u00f3 con la participaci\u00f3n no solo del alumnado, sino tambi\u00e9n de directivos, docentes y madres y padres de familia El Sistema de Agua Potable y Alcantarillado [&hellip;]<\/p>\n","protected":false},"author":1,"featured_media":46457,"comment_status":"closed","ping_status":"open","sticky":false,"template":"","format":"standard","meta":[],"categories":[145],"tags":[121,745,576,120,422,206,127,124],"aioseo_notices":[],"_links":{"self":[{"href":"https:\/\/cuernavaca.gob.mx\/index.php?rest_route=\/wp\/v2\/posts\/46448"}],"collection":[{"href":"https:\/\/cuernavaca.gob.mx\/index.php?rest_route=\/wp\/v2\/posts"}],"about":[{"href":"https:\/\/cuernavaca.gob.mx\/index.php?rest_route=\/wp\/v2\/types\/post"}],"author":[{"embeddable":true,"href":"https:\/\/cuernavaca.gob.mx\/index.php?rest_route=\/wp\/v2\/users\/1"}],"replies":[{"embeddable":true,"href":"https:\/\/cuernavaca.gob.mx\/index.php?rest_route=%2Fwp%2Fv2%2Fcomments&post=46448"}],"version-history":[{"count":1,"href":"https:\/\/cuernavaca.gob.mx\/index.php?rest_route=\/wp\/v2\/posts\/46448\/revisions"}],"predecessor-version":[{"id":46458,"href":"https:\/\/cuernavaca.gob.mx\/index.php?rest_route=\/wp\/v2\/posts\/46448\/revisions\/46458"}],"wp:featuredmedia":[{"embeddable":true,"href":"https:\/\/cuernavaca.gob.mx\/index.php?rest_route=\/wp\/v2\/media\/46457"}],"wp:attachment":[{"href":"https:\/\/cuernavaca.gob.mx\/index.php?rest_route=%2Fwp%2Fv2%2Fmedia&parent=46448"}],"wp:term":[{"taxonomy":"category","embeddable":true,"href":"https:\/\/cuernavaca.gob.mx\/index.php?rest_route=%2Fwp%2Fv2%2Fcategories&post=46448"},{"taxonomy":"post_tag","embeddable":true,"href":"https:\/\/cuernavaca.gob.mx\/index.php?rest_route=%2Fwp%2Fv2%2Ftags&post=46448"}],"curies":[{"name":"wp","href":"https:\/\/api.w.org\/{rel}","templated":true}]}}