{"id":46462,"date":"2024-11-29T15:00:26","date_gmt":"2024-11-29T21:00:26","guid":{"rendered":"https:\/\/cuernavaca.gob.mx\/?p=46462"},"modified":"2024-11-29T17:22:01","modified_gmt":"2024-11-29T23:22:01","slug":"b2092-29-11-24-refrenda-ayuntamiento-de-cuernavaca-su-compromiso-con-la-autonomia-economica-de-las-mujeres-y-personas-con-discapacidad","status":"publish","type":"post","link":"https:\/\/cuernavaca.gob.mx\/?p=46462","title":{"rendered":"B2092 29\/11\/24 REFRENDA AYUNTAMIENTO DE CUERNAVACA SU COMPROMISO CON LA AUTONOM\u00cdA ECON\u00d3MICA DE LAS MUJERES Y PERSONAS CON DISCAPACIDAD"},"content":{"rendered":"<p><strong>\u2022 Al sumarse a los 16 d\u00edas de activismo para sensibilizar a la poblaci\u00f3n sobre la violencia de g\u00e9nero, se llev\u00f3 a cabo por segunda ocasi\u00f3n la Expo Emprendedores &#8220;Mujer y Salud 2024&#8221; <\/strong><\/p>\n<p>El Ayuntamiento de Cuernavaca encabezado por Jos\u00e9 Luis Uri\u00f3stegui Salgado tiene como prioridad el empoderamiento de las mujeres, impulsando su autonom\u00eda econ\u00f3mica a trav\u00e9s de eventos como la 2da. Expo Emprendedoras &#8220;Mujer y Salud 2024&#8221;, donde 140 expositoras y expositores de todas las edades, entre ellas personas con discapacidad y adultas mayores, ofrecieron sus productos, teniendo la oportunidad adem\u00e1s las participantes y asistentes de acceder a servicios de salud y belleza gratuitos.<\/p>\n<p>En el marco del D\u00eda Internacional de la Eliminaci\u00f3n de la Violencia contra las Mujeres, Jos\u00e9 Luis Uri\u00f3stegui reconoci\u00f3 el esfuerzo de la directora de Relaciones P\u00fablicas y Atenci\u00f3n Ciudadana, Mar\u00eda Eugenia Ba\u00f1os Saavedra por impulsar esta iniciativa que busca no solo fortalecer el emprendimiento para la generaci\u00f3n del autoempleo y de oportunidades laborales, sino tambi\u00e9n la inclusi\u00f3n en la ciudad.<\/p>\n<p>Destac\u00f3 la apertura que han tenido en estos casi tres a\u00f1os para generar espacios donde las y los emprendedores, artesanas y artesanos pueden ofrecer sus productos y obtener ingresos para sus familias, siendo uno de ellos la sede Papagayo del Gobierno Municipal.<\/p>\n<p>La directora de Relaciones P\u00fablicas y Atenci\u00f3n Ciudadana, Mar\u00eda Eugenia Ba\u00f1os, resalt\u00f3 que conscientes de la importancia del empeoramiento femenino, de la autonom\u00eda y de la generaci\u00f3n de oportunidades para acortar las brechas de desigualdad, decidieron realizar desde la Presidencia Municipal esta Expo como parte de la participaci\u00f3n de Cuernavaca en los 16 d\u00edas de activismo para sensibilizar a la poblaci\u00f3n sobre la violencia de g\u00e9nero como una administraci\u00f3n que se ha caracterizado por tener gran empat\u00eda ante las necesidades de la ciudadan\u00eda con acciones que buscan elevar su calidad de vida.<\/p>\n<p>En esta edici\u00f3n, las y los emprendedores ofrecieron a los asistentes productos de los giros de alimentos, decoraci\u00f3n, vestido, dise\u00f1o, joyer\u00eda, cuidado, higiene, obras de arte, entre otros; adem\u00e1s de ofrecer distintos servicios como mastograf\u00edas, stand de vacunas del virus de papiloma humano para ni\u00f1as de nueve a 15 a\u00f1os, para adultos mayores y de gripa estacional; atenci\u00f3n para la salud de la mujer, una Unidad de Citolog\u00eda por parte de los Servicios de Salud, servicios de belleza por Cetec y el Instituto Haramara, as\u00ed como del Fondo Morelos que les dio informaci\u00f3n para el crecimiento de sus negocios.<\/p>\n<p>En representaci\u00f3n de las y los emprendedores, Karina Tenorio Lemus y Jes\u00fas L\u00f3pez Villalpa, agradecieron la apertura permanente del Gobierno Municipal de Cuernavaca por abrirles estos espacios donde comercializar y exhibir de manera m\u00e1s f\u00e1cil y accesible sus productos y obras, mostrando sus habilidades y validando el esfuerzo y dedicaci\u00f3n que le ponen para elaborarlos.<\/p>\n\n\t\t<style type=\"text\/css\">\n\t\t\t#gallery-1 {\n\t\t\t\tmargin: auto;\n\t\t\t}\n\t\t\t#gallery-1 .gallery-item {\n\t\t\t\tfloat: left;\n\t\t\t\tmargin-top: 10px;\n\t\t\t\ttext-align: center;\n\t\t\t\twidth: 33%;\n\t\t\t}\n\t\t\t#gallery-1 img {\n\t\t\t\tborder: 2px solid #cfcfcf;\n\t\t\t}\n\t\t\t#gallery-1 .gallery-caption {\n\t\t\t\tmargin-left: 0;\n\t\t\t}\n\t\t\t\/* see gallery_shortcode() in wp-includes\/media.php *\/\n\t\t<\/style>\n\t\t<div id='gallery-1' class='gallery galleryid-46462 gallery-columns-3 gallery-size-thumbnail'><dl class='gallery-item'>\n\t\t\t<dt class='gallery-icon landscape'>\n\t\t\t\t<a href='https:\/\/cuernavaca.gob.mx\/?attachment_id=46463'><img width=\"150\" height=\"150\" src=\"https:\/\/cuernavaca.gob.mx\/wp-content\/uploads\/2024\/11\/REFRENDA-AYUNTAMIENTO-DE-CUERNAVACA-SU-COMPROMISO-CON-LA-AUTONOMI\u0301A-ECONO\u0301MICA-DE-LAS-MUJERES-Y-PERSONAS-CON-DISCAPACIDAD-1-150x150.jpg\" class=\"attachment-thumbnail size-thumbnail\" alt=\"\" loading=\"lazy\" \/><\/a>\n\t\t\t<\/dt><\/dl><dl class='gallery-item'>\n\t\t\t<dt class='gallery-icon landscape'>\n\t\t\t\t<a href='https:\/\/cuernavaca.gob.mx\/?attachment_id=46464'><img width=\"150\" height=\"150\" src=\"https:\/\/cuernavaca.gob.mx\/wp-content\/uploads\/2024\/11\/REFRENDA-AYUNTAMIENTO-DE-CUERNAVACA-SU-COMPROMISO-CON-LA-AUTONOMI\u0301A-ECONO\u0301MICA-DE-LAS-MUJERES-Y-PERSONAS-CON-DISCAPACIDAD-2-150x150.jpg\" class=\"attachment-thumbnail size-thumbnail\" alt=\"\" loading=\"lazy\" \/><\/a>\n\t\t\t<\/dt><\/dl><dl class='gallery-item'>\n\t\t\t<dt class='gallery-icon landscape'>\n\t\t\t\t<a href='https:\/\/cuernavaca.gob.mx\/?attachment_id=46465'><img width=\"150\" height=\"150\" src=\"https:\/\/cuernavaca.gob.mx\/wp-content\/uploads\/2024\/11\/REFRENDA-AYUNTAMIENTO-DE-CUERNAVACA-SU-COMPROMISO-CON-LA-AUTONOMI\u0301A-ECONO\u0301MICA-DE-LAS-MUJERES-Y-PERSONAS-CON-DISCAPACIDAD-3-150x150.jpg\" class=\"attachment-thumbnail size-thumbnail\" alt=\"\" loading=\"lazy\" \/><\/a>\n\t\t\t<\/dt><\/dl><br style=\"clear: both\" \/><dl class='gallery-item'>\n\t\t\t<dt class='gallery-icon landscape'>\n\t\t\t\t<a href='https:\/\/cuernavaca.gob.mx\/?attachment_id=46466'><img width=\"150\" height=\"150\" src=\"https:\/\/cuernavaca.gob.mx\/wp-content\/uploads\/2024\/11\/REFRENDA-AYUNTAMIENTO-DE-CUERNAVACA-SU-COMPROMISO-CON-LA-AUTONOMI\u0301A-ECONO\u0301MICA-DE-LAS-MUJERES-Y-PERSONAS-CON-DISCAPACIDAD-4-150x150.jpg\" class=\"attachment-thumbnail size-thumbnail\" alt=\"\" loading=\"lazy\" \/><\/a>\n\t\t\t<\/dt><\/dl><dl class='gallery-item'>\n\t\t\t<dt class='gallery-icon landscape'>\n\t\t\t\t<a href='https:\/\/cuernavaca.gob.mx\/?attachment_id=46467'><img width=\"150\" height=\"150\" src=\"https:\/\/cuernavaca.gob.mx\/wp-content\/uploads\/2024\/11\/REFRENDA-AYUNTAMIENTO-DE-CUERNAVACA-SU-COMPROMISO-CON-LA-AUTONOMI\u0301A-ECONO\u0301MICA-DE-LAS-MUJERES-Y-PERSONAS-CON-DISCAPACIDAD-5-150x150.jpg\" class=\"attachment-thumbnail size-thumbnail\" alt=\"\" loading=\"lazy\" \/><\/a>\n\t\t\t<\/dt><\/dl><dl class='gallery-item'>\n\t\t\t<dt class='gallery-icon landscape'>\n\t\t\t\t<a href='https:\/\/cuernavaca.gob.mx\/?attachment_id=46468'><img width=\"150\" height=\"150\" src=\"https:\/\/cuernavaca.gob.mx\/wp-content\/uploads\/2024\/11\/REFRENDA-AYUNTAMIENTO-DE-CUERNAVACA-SU-COMPROMISO-CON-LA-AUTONOMI\u0301A-ECONO\u0301MICA-DE-LAS-MUJERES-Y-PERSONAS-CON-DISCAPACIDAD-6-150x150.jpg\" class=\"attachment-thumbnail size-thumbnail\" alt=\"\" loading=\"lazy\" \/><\/a>\n\t\t\t<\/dt><\/dl><br style=\"clear: both\" \/><dl class='gallery-item'>\n\t\t\t<dt class='gallery-icon landscape'>\n\t\t\t\t<a href='https:\/\/cuernavaca.gob.mx\/?attachment_id=46469'><img width=\"150\" height=\"150\" src=\"https:\/\/cuernavaca.gob.mx\/wp-content\/uploads\/2024\/11\/REFRENDA-AYUNTAMIENTO-DE-CUERNAVACA-SU-COMPROMISO-CON-LA-AUTONOMI\u0301A-ECONO\u0301MICA-DE-LAS-MUJERES-Y-PERSONAS-CON-DISCAPACIDAD-7-150x150.jpg\" class=\"attachment-thumbnail size-thumbnail\" alt=\"\" loading=\"lazy\" \/><\/a>\n\t\t\t<\/dt><\/dl><dl class='gallery-item'>\n\t\t\t<dt class='gallery-icon landscape'>\n\t\t\t\t<a href='https:\/\/cuernavaca.gob.mx\/?attachment_id=46470'><img width=\"150\" height=\"150\" src=\"https:\/\/cuernavaca.gob.mx\/wp-content\/uploads\/2024\/11\/REFRENDA-AYUNTAMIENTO-DE-CUERNAVACA-SU-COMPROMISO-CON-LA-AUTONOMI\u0301A-ECONO\u0301MICA-DE-LAS-MUJERES-Y-PERSONAS-CON-DISCAPACIDAD-8-150x150.jpg\" class=\"attachment-thumbnail size-thumbnail\" alt=\"\" loading=\"lazy\" \/><\/a>\n\t\t\t<\/dt><\/dl><dl class='gallery-item'>\n\t\t\t<dt class='gallery-icon landscape'>\n\t\t\t\t<a href='https:\/\/cuernavaca.gob.mx\/?attachment_id=46471'><img width=\"150\" height=\"150\" src=\"https:\/\/cuernavaca.gob.mx\/wp-content\/uploads\/2024\/11\/REFRENDA-AYUNTAMIENTO-DE-CUERNAVACA-SU-COMPROMISO-CON-LA-AUTONOMI\u0301A-ECONO\u0301MICA-DE-LAS-MUJERES-Y-PERSONAS-CON-DISCAPACIDAD-9-150x150.jpg\" class=\"attachment-thumbnail size-thumbnail\" alt=\"\" loading=\"lazy\" \/><\/a>\n\t\t\t<\/dt><\/dl><br style=\"clear: both\" \/><dl class='gallery-item'>\n\t\t\t<dt class='gallery-icon portrait'>\n\t\t\t\t<a href='https:\/\/cuernavaca.gob.mx\/?attachment_id=46472'><img width=\"150\" height=\"150\" src=\"https:\/\/cuernavaca.gob.mx\/wp-content\/uploads\/2024\/11\/REFRENDA-AYUNTAMIENTO-DE-CUERNAVACA-SU-COMPROMISO-CON-LA-AUTONOMI\u0301A-ECONO\u0301MICA-DE-LAS-MUJERES-Y-PERSONAS-CON-DISCAPACIDAD-10-150x150.jpg\" class=\"attachment-thumbnail size-thumbnail\" alt=\"\" loading=\"lazy\" \/><\/a>\n\t\t\t<\/dt><\/dl><dl class='gallery-item'>\n\t\t\t<dt class='gallery-icon landscape'>\n\t\t\t\t<a href='https:\/\/cuernavaca.gob.mx\/?attachment_id=46473'><img width=\"150\" height=\"150\" src=\"https:\/\/cuernavaca.gob.mx\/wp-content\/uploads\/2024\/11\/REFRENDA-AYUNTAMIENTO-DE-CUERNAVACA-SU-COMPROMISO-CON-LA-AUTONOMI\u0301A-ECONO\u0301MICA-DE-LAS-MUJERES-Y-PERSONAS-CON-DISCAPACIDAD-11-150x150.jpg\" class=\"attachment-thumbnail size-thumbnail\" alt=\"\" loading=\"lazy\" \/><\/a>\n\t\t\t<\/dt><\/dl><dl class='gallery-item'>\n\t\t\t<dt class='gallery-icon landscape'>\n\t\t\t\t<a href='https:\/\/cuernavaca.gob.mx\/?attachment_id=46474'><img width=\"150\" height=\"150\" src=\"https:\/\/cuernavaca.gob.mx\/wp-content\/uploads\/2024\/11\/REFRENDA-AYUNTAMIENTO-DE-CUERNAVACA-SU-COMPROMISO-CON-LA-AUTONOMI\u0301A-ECONO\u0301MICA-DE-LAS-MUJERES-Y-PERSONAS-CON-DISCAPACIDAD-12-150x150.jpg\" class=\"attachment-thumbnail size-thumbnail\" alt=\"\" loading=\"lazy\" \/><\/a>\n\t\t\t<\/dt><\/dl><br style=\"clear: both\" \/><dl class='gallery-item'>\n\t\t\t<dt class='gallery-icon landscape'>\n\t\t\t\t<a href='https:\/\/cuernavaca.gob.mx\/?attachment_id=46475'><img width=\"150\" height=\"150\" src=\"https:\/\/cuernavaca.gob.mx\/wp-content\/uploads\/2024\/11\/REFRENDA-AYUNTAMIENTO-DE-CUERNAVACA-SU-COMPROMISO-CON-LA-AUTONOMI\u0301A-ECONO\u0301MICA-DE-LAS-MUJERES-Y-PERSONAS-CON-DISCAPACIDAD-13-150x150.jpg\" class=\"attachment-thumbnail size-thumbnail\" alt=\"\" loading=\"lazy\" \/><\/a>\n\t\t\t<\/dt><\/dl><dl class='gallery-item'>\n\t\t\t<dt class='gallery-icon landscape'>\n\t\t\t\t<a href='https:\/\/cuernavaca.gob.mx\/?attachment_id=46476'><img width=\"150\" height=\"150\" src=\"https:\/\/cuernavaca.gob.mx\/wp-content\/uploads\/2024\/11\/REFRENDA-AYUNTAMIENTO-DE-CUERNAVACA-SU-COMPROMISO-CON-LA-AUTONOMI\u0301A-ECONO\u0301MICA-DE-LAS-MUJERES-Y-PERSONAS-CON-DISCAPACIDAD-14-150x150.jpg\" class=\"attachment-thumbnail size-thumbnail\" alt=\"\" loading=\"lazy\" \/><\/a>\n\t\t\t<\/dt><\/dl><dl class='gallery-item'>\n\t\t\t<dt class='gallery-icon landscape'>\n\t\t\t\t<a href='https:\/\/cuernavaca.gob.mx\/?attachment_id=46477'><img width=\"150\" height=\"150\" src=\"https:\/\/cuernavaca.gob.mx\/wp-content\/uploads\/2024\/11\/REFRENDA-AYUNTAMIENTO-DE-CUERNAVACA-SU-COMPROMISO-CON-LA-AUTONOMI\u0301A-ECONO\u0301MICA-DE-LAS-MUJERES-Y-PERSONAS-CON-DISCAPACIDAD-15-150x150.jpg\" class=\"attachment-thumbnail size-thumbnail\" alt=\"\" loading=\"lazy\" \/><\/a>\n\t\t\t<\/dt><\/dl><br style=\"clear: both\" \/><dl class='gallery-item'>\n\t\t\t<dt class='gallery-icon landscape'>\n\t\t\t\t<a href='https:\/\/cuernavaca.gob.mx\/?attachment_id=46478'><img width=\"150\" height=\"150\" src=\"https:\/\/cuernavaca.gob.mx\/wp-content\/uploads\/2024\/11\/REFRENDA-AYUNTAMIENTO-DE-CUERNAVACA-SU-COMPROMISO-CON-LA-AUTONOMI\u0301A-ECONO\u0301MICA-DE-LAS-MUJERES-Y-PERSONAS-CON-DISCAPACIDAD-16-150x150.jpg\" class=\"attachment-thumbnail size-thumbnail\" alt=\"\" loading=\"lazy\" \/><\/a>\n\t\t\t<\/dt><\/dl>\n\t\t\t<br style='clear: both' \/>\n\t\t<\/div>\n\n","protected":false},"excerpt":{"rendered":"<p>\u2022 Al sumarse a los 16 d\u00edas de activismo para sensibilizar a la poblaci\u00f3n sobre la violencia de g\u00e9nero, se llev\u00f3 a cabo por segunda ocasi\u00f3n la Expo Emprendedores &#8220;Mujer y Salud 2024&#8221; El Ayuntamiento de Cuernavaca encabezado por Jos\u00e9 Luis Uri\u00f3stegui Salgado tiene como prioridad el empoderamiento de las mujeres, impulsando su autonom\u00eda econ\u00f3mica [&hellip;]<\/p>\n","protected":false},"author":1,"featured_media":46466,"comment_status":"closed","ping_status":"open","sticky":false,"template":"","format":"standard","meta":[],"categories":[2294],"tags":[491,121,2127,413,120,206,127],"aioseo_notices":[],"_links":{"self":[{"href":"https:\/\/cuernavaca.gob.mx\/index.php?rest_route=\/wp\/v2\/posts\/46462"}],"collection":[{"href":"https:\/\/cuernavaca.gob.mx\/index.php?rest_route=\/wp\/v2\/posts"}],"about":[{"href":"https:\/\/cuernavaca.gob.mx\/index.php?rest_route=\/wp\/v2\/types\/post"}],"author":[{"embeddable":true,"href":"https:\/\/cuernavaca.gob.mx\/index.php?rest_route=\/wp\/v2\/users\/1"}],"replies":[{"embeddable":true,"href":"https:\/\/cuernavaca.gob.mx\/index.php?rest_route=%2Fwp%2Fv2%2Fcomments&post=46462"}],"version-history":[{"count":1,"href":"https:\/\/cuernavaca.gob.mx\/index.php?rest_route=\/wp\/v2\/posts\/46462\/revisions"}],"predecessor-version":[{"id":46479,"href":"https:\/\/cuernavaca.gob.mx\/index.php?rest_route=\/wp\/v2\/posts\/46462\/revisions\/46479"}],"wp:featuredmedia":[{"embeddable":true,"href":"https:\/\/cuernavaca.gob.mx\/index.php?rest_route=\/wp\/v2\/media\/46466"}],"wp:attachment":[{"href":"https:\/\/cuernavaca.gob.mx\/index.php?rest_route=%2Fwp%2Fv2%2Fmedia&parent=46462"}],"wp:term":[{"taxonomy":"category","embeddable":true,"href":"https:\/\/cuernavaca.gob.mx\/index.php?rest_route=%2Fwp%2Fv2%2Fcategories&post=46462"},{"taxonomy":"post_tag","embeddable":true,"href":"https:\/\/cuernavaca.gob.mx\/index.php?rest_route=%2Fwp%2Fv2%2Ftags&post=46462"}],"curies":[{"name":"wp","href":"https:\/\/api.w.org\/{rel}","templated":true}]}}