{"id":46480,"date":"2024-11-29T17:30:03","date_gmt":"2024-11-29T23:30:03","guid":{"rendered":"https:\/\/cuernavaca.gob.mx\/?p=46480"},"modified":"2024-11-29T17:42:59","modified_gmt":"2024-11-29T23:42:59","slug":"b2093-29-11-24-jose-luis-uriostegui-recibe-doctorado-honoris-causa-en-el-marco-del-xxi-congreso-internacional-de-derecho-familiar","status":"publish","type":"post","link":"https:\/\/cuernavaca.gob.mx\/?p=46480","title":{"rendered":"B2093 29\/11\/24 JOS\u00c9 LUIS URI\u00d3STEGUI RECIBE DOCTORADO HONORIS CAUSA EN EL MARCO DEL XXI CONGRESO INTERNACIONAL DE DERECHO FAMILIAR"},"content":{"rendered":"<p><strong>\u2022 Fue en reconocimiento a su extensa trayectoria en la reconstrucci\u00f3n de una mejor sociedad y su labor a favor de la comunidad en sus distintas responsabilidades por parte de la Universidad Interamericana<\/strong><\/p>\n<p>El presidente municipal de Cuernavaca, Jos\u00e9 Luis Uri\u00f3stegui Salgado, recibi\u00f3 este viernes el Doctorado Honoris Causa como un reconocimiento a su extensa trayectoria en la reconstrucci\u00f3n de una mejor sociedad y su labor a favor de la comunidad en sus distintas responsabilidades otorgado en el marco del XXI Congreso Internacional de Derecho Familiar \u201cLa familia es para siempre\u201d 2024 que convocado por la Universidad Interamericana en coordinaci\u00f3n con la Facultad de Derecho y Ciencias Sociales de la UAEM y el Centro Internacional de Estudios en Derecho Familiar y Civil.<\/p>\n<p>Acompa\u00f1ado de su esposa, Luz Mar\u00eda Zagal Guzm\u00e1n, presidenta del Sistema Municipal DIF Cuernavaca, as\u00ed como de importantes profesionistas de talla nacional e internacional que tambi\u00e9n fueron reconocidos, Jos\u00e9 Luis Uri\u00f3stegui agradeci\u00f3 la entrega de este t\u00edtulo honor\u00edfico que representa una gran responsabilidad con la Universidad Interamericana para seguir sirviendo, pero tambi\u00e9n que reafirma el compromiso que los ha caracterizado en beneficio de la sociedad y que en esta ocasi\u00f3n fue destacado.<\/p>\n<p>En el acto acad\u00e9mico, el Dr. Juli\u00e1n G\u00fcitr\u00f3n Fuentevilla, presidente del Centro Internacional de Estudios en Derecho Familiar y Civil, explic\u00f3 que este grado fue otorgado a profesionistas de diversas disciplinas que cada d\u00eda han expresado sus conocimientos para mejorar en la medida de lo posible todo lo que se refiere a la familia y a las normas jur\u00eddicas desde un \u00e1mbito acad\u00e9mico hasta cient\u00edfico, cultural, profesional, social y pol\u00edtico, coadyuvando a generar grandes cambios en la sociedad.<\/p>\n<p>Jos\u00e9 Luis Uri\u00f3stegui celebr\u00f3 que Cuernavaca fuera sede este a\u00f1o del XXI Congreso Internacional de Derecho Familiar \u201cLa familia es para siempre\u201d 2024 que reuni\u00f3 a ponentes de distintos estados y pa\u00edses como Estados Unidos, Chile y Argentina, mismo que represent\u00f3 la oportunidad de debatir ideas, de hacer un an\u00e1lisis de como se ha transformado el derecho en esta materia y los retos que se siguen enfrentando para fortalecer el n\u00facleo b\u00e1sico de la sociedad que es la familia.<\/p>\n<p>Con el t\u00edtulo de Doctorado Honoris Causa, Jos\u00e9 Luis Uri\u00f3stegui formar\u00e1 parte del Claustro Doctoral de la Universidad Interamericana instalada en el municipio de Cuernavaca.<\/p>\n\n\t\t<style type=\"text\/css\">\n\t\t\t#gallery-1 {\n\t\t\t\tmargin: auto;\n\t\t\t}\n\t\t\t#gallery-1 .gallery-item {\n\t\t\t\tfloat: left;\n\t\t\t\tmargin-top: 10px;\n\t\t\t\ttext-align: center;\n\t\t\t\twidth: 33%;\n\t\t\t}\n\t\t\t#gallery-1 img {\n\t\t\t\tborder: 2px solid #cfcfcf;\n\t\t\t}\n\t\t\t#gallery-1 .gallery-caption {\n\t\t\t\tmargin-left: 0;\n\t\t\t}\n\t\t\t\/* see gallery_shortcode() in wp-includes\/media.php *\/\n\t\t<\/style>\n\t\t<div id='gallery-1' class='gallery galleryid-46480 gallery-columns-3 gallery-size-thumbnail'><dl class='gallery-item'>\n\t\t\t<dt class='gallery-icon landscape'>\n\t\t\t\t<a href='https:\/\/cuernavaca.gob.mx\/?attachment_id=46481'><img width=\"150\" height=\"150\" src=\"https:\/\/cuernavaca.gob.mx\/wp-content\/uploads\/2024\/11\/JOSE\u0301-LUIS-URIO\u0301STEGUI-RECIBE-DOCTORADO-HONORIS-CAUSA-EN-EL-MARCO-DEL-XXI-CONGRESO-INTERNACIONAL-DE-DERECHO-FAMILIAR-1-150x150.jpg\" class=\"attachment-thumbnail size-thumbnail\" alt=\"\" loading=\"lazy\" \/><\/a>\n\t\t\t<\/dt><\/dl><dl class='gallery-item'>\n\t\t\t<dt class='gallery-icon landscape'>\n\t\t\t\t<a href='https:\/\/cuernavaca.gob.mx\/?attachment_id=46482'><img width=\"150\" height=\"150\" src=\"https:\/\/cuernavaca.gob.mx\/wp-content\/uploads\/2024\/11\/JOSE\u0301-LUIS-URIO\u0301STEGUI-RECIBE-DOCTORADO-HONORIS-CAUSA-EN-EL-MARCO-DEL-XXI-CONGRESO-INTERNACIONAL-DE-DERECHO-FAMILIAR-2-150x150.jpg\" class=\"attachment-thumbnail size-thumbnail\" alt=\"\" loading=\"lazy\" \/><\/a>\n\t\t\t<\/dt><\/dl><dl class='gallery-item'>\n\t\t\t<dt class='gallery-icon landscape'>\n\t\t\t\t<a href='https:\/\/cuernavaca.gob.mx\/?attachment_id=46483'><img width=\"150\" height=\"150\" src=\"https:\/\/cuernavaca.gob.mx\/wp-content\/uploads\/2024\/11\/JOSE\u0301-LUIS-URIO\u0301STEGUI-RECIBE-DOCTORADO-HONORIS-CAUSA-EN-EL-MARCO-DEL-XXI-CONGRESO-INTERNACIONAL-DE-DERECHO-FAMILIAR-3-150x150.jpg\" class=\"attachment-thumbnail size-thumbnail\" alt=\"\" loading=\"lazy\" \/><\/a>\n\t\t\t<\/dt><\/dl><br style=\"clear: both\" \/><dl class='gallery-item'>\n\t\t\t<dt class='gallery-icon landscape'>\n\t\t\t\t<a href='https:\/\/cuernavaca.gob.mx\/?attachment_id=46484'><img width=\"150\" height=\"150\" src=\"https:\/\/cuernavaca.gob.mx\/wp-content\/uploads\/2024\/11\/JOSE\u0301-LUIS-URIO\u0301STEGUI-RECIBE-DOCTORADO-HONORIS-CAUSA-EN-EL-MARCO-DEL-XXI-CONGRESO-INTERNACIONAL-DE-DERECHO-FAMILIAR-4-150x150.jpg\" class=\"attachment-thumbnail size-thumbnail\" alt=\"\" loading=\"lazy\" \/><\/a>\n\t\t\t<\/dt><\/dl><dl class='gallery-item'>\n\t\t\t<dt class='gallery-icon landscape'>\n\t\t\t\t<a href='https:\/\/cuernavaca.gob.mx\/?attachment_id=46485'><img width=\"150\" height=\"150\" src=\"https:\/\/cuernavaca.gob.mx\/wp-content\/uploads\/2024\/11\/JOSE\u0301-LUIS-URIO\u0301STEGUI-RECIBE-DOCTORADO-HONORIS-CAUSA-EN-EL-MARCO-DEL-XXI-CONGRESO-INTERNACIONAL-DE-DERECHO-FAMILIAR-5-150x150.jpg\" class=\"attachment-thumbnail size-thumbnail\" alt=\"\" loading=\"lazy\" \/><\/a>\n\t\t\t<\/dt><\/dl><dl class='gallery-item'>\n\t\t\t<dt class='gallery-icon landscape'>\n\t\t\t\t<a href='https:\/\/cuernavaca.gob.mx\/?attachment_id=46486'><img width=\"150\" height=\"150\" src=\"https:\/\/cuernavaca.gob.mx\/wp-content\/uploads\/2024\/11\/JOSE\u0301-LUIS-URIO\u0301STEGUI-RECIBE-DOCTORADO-HONORIS-CAUSA-EN-EL-MARCO-DEL-XXI-CONGRESO-INTERNACIONAL-DE-DERECHO-FAMILIAR-6-150x150.jpg\" class=\"attachment-thumbnail size-thumbnail\" alt=\"\" loading=\"lazy\" \/><\/a>\n\t\t\t<\/dt><\/dl><br style=\"clear: both\" \/><dl class='gallery-item'>\n\t\t\t<dt class='gallery-icon landscape'>\n\t\t\t\t<a href='https:\/\/cuernavaca.gob.mx\/?attachment_id=46487'><img width=\"150\" height=\"150\" src=\"https:\/\/cuernavaca.gob.mx\/wp-content\/uploads\/2024\/11\/JOSE\u0301-LUIS-URIO\u0301STEGUI-RECIBE-DOCTORADO-HONORIS-CAUSA-EN-EL-MARCO-DEL-XXI-CONGRESO-INTERNACIONAL-DE-DERECHO-FAMILIAR-7-150x150.jpg\" class=\"attachment-thumbnail size-thumbnail\" alt=\"\" loading=\"lazy\" \/><\/a>\n\t\t\t<\/dt><\/dl>\n\t\t\t<br style='clear: both' \/>\n\t\t<\/div>\n\n","protected":false},"excerpt":{"rendered":"<p>\u2022 Fue en reconocimiento a su extensa trayectoria en la reconstrucci\u00f3n de una mejor sociedad y su labor a favor de la comunidad en sus distintas responsabilidades por parte de la Universidad Interamericana El presidente municipal de Cuernavaca, Jos\u00e9 Luis Uri\u00f3stegui Salgado, recibi\u00f3 este viernes el Doctorado Honoris Causa como un reconocimiento a su extensa [&hellip;]<\/p>\n","protected":false},"author":1,"featured_media":46481,"comment_status":"closed","ping_status":"open","sticky":false,"template":"","format":"standard","meta":[],"categories":[20],"tags":[121,3920,3921,576,3922,1570,3726,206,127,712],"aioseo_notices":[],"_links":{"self":[{"href":"https:\/\/cuernavaca.gob.mx\/index.php?rest_route=\/wp\/v2\/posts\/46480"}],"collection":[{"href":"https:\/\/cuernavaca.gob.mx\/index.php?rest_route=\/wp\/v2\/posts"}],"about":[{"href":"https:\/\/cuernavaca.gob.mx\/index.php?rest_route=\/wp\/v2\/types\/post"}],"author":[{"embeddable":true,"href":"https:\/\/cuernavaca.gob.mx\/index.php?rest_route=\/wp\/v2\/users\/1"}],"replies":[{"embeddable":true,"href":"https:\/\/cuernavaca.gob.mx\/index.php?rest_route=%2Fwp%2Fv2%2Fcomments&post=46480"}],"version-history":[{"count":1,"href":"https:\/\/cuernavaca.gob.mx\/index.php?rest_route=\/wp\/v2\/posts\/46480\/revisions"}],"predecessor-version":[{"id":46488,"href":"https:\/\/cuernavaca.gob.mx\/index.php?rest_route=\/wp\/v2\/posts\/46480\/revisions\/46488"}],"wp:featuredmedia":[{"embeddable":true,"href":"https:\/\/cuernavaca.gob.mx\/index.php?rest_route=\/wp\/v2\/media\/46481"}],"wp:attachment":[{"href":"https:\/\/cuernavaca.gob.mx\/index.php?rest_route=%2Fwp%2Fv2%2Fmedia&parent=46480"}],"wp:term":[{"taxonomy":"category","embeddable":true,"href":"https:\/\/cuernavaca.gob.mx\/index.php?rest_route=%2Fwp%2Fv2%2Fcategories&post=46480"},{"taxonomy":"post_tag","embeddable":true,"href":"https:\/\/cuernavaca.gob.mx\/index.php?rest_route=%2Fwp%2Fv2%2Ftags&post=46480"}],"curies":[{"name":"wp","href":"https:\/\/api.w.org\/{rel}","templated":true}]}}