{"id":46497,"date":"2024-11-30T14:00:50","date_gmt":"2024-11-30T20:00:50","guid":{"rendered":"https:\/\/cuernavaca.gob.mx\/?p=46497"},"modified":"2024-11-30T15:40:00","modified_gmt":"2024-11-30T21:40:00","slug":"b2095-30-11-24-cuernavaca-refrenda-su-hospitalidad-para-la-realizacion-de-la-xiii-edicion-de-sabor-es-morelos-el-mejor-festival-gastronomico-internacional","status":"publish","type":"post","link":"https:\/\/cuernavaca.gob.mx\/?p=46497","title":{"rendered":"B2095 30\/11\/24 CUERNAVACA REFRENDA SU HOSPITALIDAD PARA LA REALIZACI\u00d3N DE LA XIII EDICI\u00d3N DE &#8220;SABOR ES MORELOS&#8221;, EL MEJOR FESTIVAL GASTRON\u00d3MICO INTERNACIONAL"},"content":{"rendered":"<p><strong>\u2022 En representaci\u00f3n del presidente municipal Jos\u00e9 Luis Uri\u00f3stegui Salgado, el secretario del Ayuntamiento, Carlos de la Rosa Segura, dio la bienvenida a m\u00e1s de 300 expositores y 70 restaurantes que participan<\/strong><\/p>\n<p><strong>\u2022 Este a\u00f1o los invitados son Uruguay, Quer\u00e9taro y Tepoztl\u00e1n y los visitantes po0dran encontrar platillos para todos los gustos, artesan\u00edas y obras de arte, as\u00ed como espect\u00e1culos musicales y art\u00edsticos<\/strong><\/p>\n<p>La ciudad de Cuernavaca este fin de semana de nueva cuenta refrenda su hospitalidad al ser la sede de la XIII edici\u00f3n de uno de los mejores festivales gastron\u00f3micos internacionales &#8220;Sabor Es Morelos&#8221;, un esfuerzo coordinado entre prestadores de servicios, c\u00e1maras empresariales y autoridades estatales y municipales, que en esta ocasi\u00f3n logr\u00f3 convocar a m\u00e1s de 300 expositores y 70 restaurantes que mostrar\u00e1n un abanico culinario, cultural, y tur\u00edstica no solo del estado de Morelos, sino tambi\u00e9n de Uruguay y Quer\u00e9taro que est\u00e1n participando como pa\u00eds y estado invitados en esta edici\u00f3n que concluir\u00e1 hasta el domingo 01 de diciembre.<\/p>\n<p>En el corredor tur\u00edstico de calle Miguel Hidalgo que se ha vuelto escenario de esta fiesta del sabor, el secretario del Ayuntamiento, Carlos de la Rosa Segura en representaci\u00f3n del presidente municipal de Cuernavaca, Jos\u00e9 Luis Uri\u00f3stegui Salgado, dio la bienvenida a la capital morelense a los asistentes, expresando el honor que representa para la ciudad albergar este tradicional evento que como administraci\u00f3n apoyaron en su organizaci\u00f3n e instalaci\u00f3n para ofrecer un fin de semana seguro donde miles de familias puedan disfrutar de diversos platillos tradicionales y gourmet para todos los paladares.<\/p>\n<p>Al son de los chinelos, el presidente del Consejo Coordinador Empresarial en Morelos, Antonio S\u00e1nchez Pur\u00f3n, destac\u00f3 la relevancia que representa &#8220;Sabor es Morelos&#8221; para el sector empresarial en el estado al detonar el desarrollo econ\u00f3mico y generar el intercambio comercial, pero tambi\u00e9n impulsar el esparcimiento social mientras conocen parte de la oferta gastron\u00f3mica que tiene la entidad morelense y donde podr\u00e1n conocer la cultura y artesan\u00edas que enriquecen la gama de productos que ofrece de manera tur\u00edstica el estado.<\/p>\n<p>El Festival &#8220;Sabor es Morelos&#8221;, que coordina la empresaria Griselda Hurtado, est\u00e1 integrado por pabellones que recorren calle Miguel Hidalgo en el primer cuadro de la ciudad donde los visitantes podr\u00e1n disfrutar adem\u00e1s de productos del campo morelense como es la nochebuena; de la agroindustria, de peque\u00f1os empresarios y de j\u00f3venes emprendedores que ofrecen productos locales; por primera ocasi\u00f3n se cuenta con un pabell\u00f3n donde 12 artistas j\u00f3venes del estado de Morelos est\u00e1n exponiendo y comercializando sus obras de arte.<\/p>\n<p>Al ser un festival que combina la cultura y el arte, contempla espect\u00e1culos musicales y art\u00edsticos totalmente gratuitos para toda la familia, contando en todo el evento con el apoyo en vialidad y seguridad de la Secretar\u00eda de Protecci\u00f3n y Auxilio Ciudadano (SEPRAC) y otras \u00e1reas del Ayuntamiento de Cuernavaca.<\/p>\n<p>En el corte del listo de este importante festival gastronom\u00eda estuvieron presentes la directora de &#8220;Sabor es Morelos&#8221;, Griselda Hurtado Calder\u00f3n; el presidente de Canaco- Servytur Cuernavaca; David Ricardo L\u00f3pez Jim\u00e9nez; el secretario de Turismo del Gobierno del Estado, Daniel Altafi Valladares; el secretario de Desarrollo Econ\u00f3mico de Morelos, V\u00edctor S\u00e1nchez Trujillo, la secretaria de Desarrollo Agropecuario, Margarita Galeana Torres, as\u00ed como los representantes de Uruguay, Quer\u00e9taro y Tepoztl\u00e1n, que en esta edici\u00f3n es municipio invitado.<\/p>\n<p>El Festival \u201cSabor es Morelos\u201d se llevar\u00e1 a cabo hasta este domingo 01 de diciembre en un horario de 10:00 a 20:00 horas, la entrada al corredor gastron\u00f3mico es gratuito.<\/p>\n<p>Para conocer la cartelera completa de actividades pueden consultar las redes sociales y p\u00e1gina oficial de \u201cSabor es Morelos\u201d y del Municipio de Cuernavaca.<\/p>\n\n\t\t<style type=\"text\/css\">\n\t\t\t#gallery-1 {\n\t\t\t\tmargin: auto;\n\t\t\t}\n\t\t\t#gallery-1 .gallery-item {\n\t\t\t\tfloat: left;\n\t\t\t\tmargin-top: 10px;\n\t\t\t\ttext-align: center;\n\t\t\t\twidth: 33%;\n\t\t\t}\n\t\t\t#gallery-1 img {\n\t\t\t\tborder: 2px solid #cfcfcf;\n\t\t\t}\n\t\t\t#gallery-1 .gallery-caption {\n\t\t\t\tmargin-left: 0;\n\t\t\t}\n\t\t\t\/* see gallery_shortcode() in wp-includes\/media.php *\/\n\t\t<\/style>\n\t\t<div id='gallery-1' class='gallery galleryid-46497 gallery-columns-3 gallery-size-thumbnail'><dl class='gallery-item'>\n\t\t\t<dt class='gallery-icon landscape'>\n\t\t\t\t<a href='https:\/\/cuernavaca.gob.mx\/?attachment_id=46498'><img width=\"150\" height=\"150\" src=\"https:\/\/cuernavaca.gob.mx\/wp-content\/uploads\/2024\/11\/CUERNAVACA-REFRENDA-SU-HOSPITALIDAD-PARA-LA-REALIZACIO\u0301N-DE-LA-XIII-EDICIO\u0301N-DE-22SABOR-ES-MORELOS22-EL-MEJOR-FESTIVAL-GASTRONO\u0301MICO-INTERNACIONAL-1-150x150.jpg\" class=\"attachment-thumbnail size-thumbnail\" alt=\"\" loading=\"lazy\" \/><\/a>\n\t\t\t<\/dt><\/dl><dl class='gallery-item'>\n\t\t\t<dt class='gallery-icon landscape'>\n\t\t\t\t<a href='https:\/\/cuernavaca.gob.mx\/?attachment_id=46499'><img width=\"150\" height=\"150\" src=\"https:\/\/cuernavaca.gob.mx\/wp-content\/uploads\/2024\/11\/CUERNAVACA-REFRENDA-SU-HOSPITALIDAD-PARA-LA-REALIZACIO\u0301N-DE-LA-XIII-EDICIO\u0301N-DE-22SABOR-ES-MORELOS22-EL-MEJOR-FESTIVAL-GASTRONO\u0301MICO-INTERNACIONAL-2-150x150.jpg\" class=\"attachment-thumbnail size-thumbnail\" alt=\"\" loading=\"lazy\" \/><\/a>\n\t\t\t<\/dt><\/dl><dl class='gallery-item'>\n\t\t\t<dt class='gallery-icon landscape'>\n\t\t\t\t<a href='https:\/\/cuernavaca.gob.mx\/?attachment_id=46500'><img width=\"150\" height=\"150\" src=\"https:\/\/cuernavaca.gob.mx\/wp-content\/uploads\/2024\/11\/CUERNAVACA-REFRENDA-SU-HOSPITALIDAD-PARA-LA-REALIZACIO\u0301N-DE-LA-XIII-EDICIO\u0301N-DE-22SABOR-ES-MORELOS22-EL-MEJOR-FESTIVAL-GASTRONO\u0301MICO-INTERNACIONAL-3-150x150.jpg\" class=\"attachment-thumbnail size-thumbnail\" alt=\"\" loading=\"lazy\" \/><\/a>\n\t\t\t<\/dt><\/dl><br style=\"clear: both\" \/><dl class='gallery-item'>\n\t\t\t<dt class='gallery-icon landscape'>\n\t\t\t\t<a href='https:\/\/cuernavaca.gob.mx\/?attachment_id=46501'><img width=\"150\" height=\"150\" src=\"https:\/\/cuernavaca.gob.mx\/wp-content\/uploads\/2024\/11\/CUERNAVACA-REFRENDA-SU-HOSPITALIDAD-PARA-LA-REALIZACIO\u0301N-DE-LA-XIII-EDICIO\u0301N-DE-22SABOR-ES-MORELOS22-EL-MEJOR-FESTIVAL-GASTRONO\u0301MICO-INTERNACIONAL-4-150x150.jpg\" class=\"attachment-thumbnail size-thumbnail\" alt=\"\" loading=\"lazy\" \/><\/a>\n\t\t\t<\/dt><\/dl><dl class='gallery-item'>\n\t\t\t<dt class='gallery-icon landscape'>\n\t\t\t\t<a href='https:\/\/cuernavaca.gob.mx\/?attachment_id=46502'><img width=\"150\" height=\"150\" src=\"https:\/\/cuernavaca.gob.mx\/wp-content\/uploads\/2024\/11\/CUERNAVACA-REFRENDA-SU-HOSPITALIDAD-PARA-LA-REALIZACIO\u0301N-DE-LA-XIII-EDICIO\u0301N-DE-22SABOR-ES-MORELOS22-EL-MEJOR-FESTIVAL-GASTRONO\u0301MICO-INTERNACIONAL-5-150x150.jpg\" class=\"attachment-thumbnail size-thumbnail\" alt=\"\" loading=\"lazy\" \/><\/a>\n\t\t\t<\/dt><\/dl><dl class='gallery-item'>\n\t\t\t<dt class='gallery-icon landscape'>\n\t\t\t\t<a href='https:\/\/cuernavaca.gob.mx\/?attachment_id=46503'><img width=\"150\" height=\"150\" src=\"https:\/\/cuernavaca.gob.mx\/wp-content\/uploads\/2024\/11\/CUERNAVACA-REFRENDA-SU-HOSPITALIDAD-PARA-LA-REALIZACIO\u0301N-DE-LA-XIII-EDICIO\u0301N-DE-22SABOR-ES-MORELOS22-EL-MEJOR-FESTIVAL-GASTRONO\u0301MICO-INTERNACIONAL-6-150x150.jpg\" class=\"attachment-thumbnail size-thumbnail\" alt=\"\" loading=\"lazy\" \/><\/a>\n\t\t\t<\/dt><\/dl><br style=\"clear: both\" \/><dl class='gallery-item'>\n\t\t\t<dt class='gallery-icon landscape'>\n\t\t\t\t<a href='https:\/\/cuernavaca.gob.mx\/?attachment_id=46504'><img width=\"150\" height=\"150\" src=\"https:\/\/cuernavaca.gob.mx\/wp-content\/uploads\/2024\/11\/CUERNAVACA-REFRENDA-SU-HOSPITALIDAD-PARA-LA-REALIZACIO\u0301N-DE-LA-XIII-EDICIO\u0301N-DE-22SABOR-ES-MORELOS22-EL-MEJOR-FESTIVAL-GASTRONO\u0301MICO-INTERNACIONAL-7-150x150.jpg\" class=\"attachment-thumbnail size-thumbnail\" alt=\"\" loading=\"lazy\" \/><\/a>\n\t\t\t<\/dt><\/dl><dl class='gallery-item'>\n\t\t\t<dt class='gallery-icon landscape'>\n\t\t\t\t<a href='https:\/\/cuernavaca.gob.mx\/?attachment_id=46505'><img width=\"150\" height=\"150\" src=\"https:\/\/cuernavaca.gob.mx\/wp-content\/uploads\/2024\/11\/CUERNAVACA-REFRENDA-SU-HOSPITALIDAD-PARA-LA-REALIZACIO\u0301N-DE-LA-XIII-EDICIO\u0301N-DE-22SABOR-ES-MORELOS22-EL-MEJOR-FESTIVAL-GASTRONO\u0301MICO-INTERNACIONAL-8-150x150.jpg\" class=\"attachment-thumbnail size-thumbnail\" alt=\"\" loading=\"lazy\" \/><\/a>\n\t\t\t<\/dt><\/dl><dl class='gallery-item'>\n\t\t\t<dt class='gallery-icon landscape'>\n\t\t\t\t<a href='https:\/\/cuernavaca.gob.mx\/?attachment_id=46506'><img width=\"150\" height=\"150\" src=\"https:\/\/cuernavaca.gob.mx\/wp-content\/uploads\/2024\/11\/CUERNAVACA-REFRENDA-SU-HOSPITALIDAD-PARA-LA-REALIZACIO\u0301N-DE-LA-XIII-EDICIO\u0301N-DE-22SABOR-ES-MORELOS22-EL-MEJOR-FESTIVAL-GASTRONO\u0301MICO-INTERNACIONAL-9-150x150.jpg\" class=\"attachment-thumbnail size-thumbnail\" alt=\"\" loading=\"lazy\" \/><\/a>\n\t\t\t<\/dt><\/dl><br style=\"clear: both\" \/><dl class='gallery-item'>\n\t\t\t<dt class='gallery-icon landscape'>\n\t\t\t\t<a href='https:\/\/cuernavaca.gob.mx\/?attachment_id=46507'><img width=\"150\" height=\"150\" src=\"https:\/\/cuernavaca.gob.mx\/wp-content\/uploads\/2024\/11\/CUERNAVACA-REFRENDA-SU-HOSPITALIDAD-PARA-LA-REALIZACIO\u0301N-DE-LA-XIII-EDICIO\u0301N-DE-22SABOR-ES-MORELOS22-EL-MEJOR-FESTIVAL-GASTRONO\u0301MICO-INTERNACIONAL-10-150x150.jpg\" class=\"attachment-thumbnail size-thumbnail\" alt=\"\" loading=\"lazy\" \/><\/a>\n\t\t\t<\/dt><\/dl><dl class='gallery-item'>\n\t\t\t<dt class='gallery-icon landscape'>\n\t\t\t\t<a href='https:\/\/cuernavaca.gob.mx\/?attachment_id=46508'><img width=\"150\" height=\"150\" src=\"https:\/\/cuernavaca.gob.mx\/wp-content\/uploads\/2024\/11\/CUERNAVACA-REFRENDA-SU-HOSPITALIDAD-PARA-LA-REALIZACIO\u0301N-DE-LA-XIII-EDICIO\u0301N-DE-22SABOR-ES-MORELOS22-EL-MEJOR-FESTIVAL-GASTRONO\u0301MICO-INTERNACIONAL-11-150x150.jpg\" class=\"attachment-thumbnail size-thumbnail\" alt=\"\" loading=\"lazy\" \/><\/a>\n\t\t\t<\/dt><\/dl><dl class='gallery-item'>\n\t\t\t<dt class='gallery-icon landscape'>\n\t\t\t\t<a href='https:\/\/cuernavaca.gob.mx\/?attachment_id=46509'><img width=\"150\" height=\"150\" src=\"https:\/\/cuernavaca.gob.mx\/wp-content\/uploads\/2024\/11\/CUERNAVACA-REFRENDA-SU-HOSPITALIDAD-PARA-LA-REALIZACIO\u0301N-DE-LA-XIII-EDICIO\u0301N-DE-22SABOR-ES-MORELOS22-EL-MEJOR-FESTIVAL-GASTRONO\u0301MICO-INTERNACIONAL-12-150x150.jpg\" class=\"attachment-thumbnail size-thumbnail\" alt=\"\" loading=\"lazy\" \/><\/a>\n\t\t\t<\/dt><\/dl><br style=\"clear: both\" \/><dl class='gallery-item'>\n\t\t\t<dt class='gallery-icon landscape'>\n\t\t\t\t<a href='https:\/\/cuernavaca.gob.mx\/?attachment_id=46510'><img width=\"150\" height=\"150\" src=\"https:\/\/cuernavaca.gob.mx\/wp-content\/uploads\/2024\/11\/CUERNAVACA-REFRENDA-SU-HOSPITALIDAD-PARA-LA-REALIZACIO\u0301N-DE-LA-XIII-EDICIO\u0301N-DE-22SABOR-ES-MORELOS22-EL-MEJOR-FESTIVAL-GASTRONO\u0301MICO-INTERNACIONAL-13-150x150.jpg\" class=\"attachment-thumbnail size-thumbnail\" alt=\"\" loading=\"lazy\" \/><\/a>\n\t\t\t<\/dt><\/dl><dl class='gallery-item'>\n\t\t\t<dt class='gallery-icon landscape'>\n\t\t\t\t<a href='https:\/\/cuernavaca.gob.mx\/?attachment_id=46511'><img width=\"150\" height=\"150\" src=\"https:\/\/cuernavaca.gob.mx\/wp-content\/uploads\/2024\/11\/CUERNAVACA-REFRENDA-SU-HOSPITALIDAD-PARA-LA-REALIZACIO\u0301N-DE-LA-XIII-EDICIO\u0301N-DE-22SABOR-ES-MORELOS22-EL-MEJOR-FESTIVAL-GASTRONO\u0301MICO-INTERNACIONAL-14-150x150.jpg\" class=\"attachment-thumbnail size-thumbnail\" alt=\"\" loading=\"lazy\" \/><\/a>\n\t\t\t<\/dt><\/dl><dl class='gallery-item'>\n\t\t\t<dt class='gallery-icon landscape'>\n\t\t\t\t<a href='https:\/\/cuernavaca.gob.mx\/?attachment_id=46512'><img width=\"150\" height=\"150\" src=\"https:\/\/cuernavaca.gob.mx\/wp-content\/uploads\/2024\/11\/CUERNAVACA-REFRENDA-SU-HOSPITALIDAD-PARA-LA-REALIZACIO\u0301N-DE-LA-XIII-EDICIO\u0301N-DE-22SABOR-ES-MORELOS22-EL-MEJOR-FESTIVAL-GASTRONO\u0301MICO-INTERNACIONAL-15-150x150.jpg\" class=\"attachment-thumbnail size-thumbnail\" alt=\"\" loading=\"lazy\" \/><\/a>\n\t\t\t<\/dt><\/dl><br style=\"clear: both\" \/><dl class='gallery-item'>\n\t\t\t<dt class='gallery-icon landscape'>\n\t\t\t\t<a href='https:\/\/cuernavaca.gob.mx\/?attachment_id=46513'><img width=\"150\" height=\"150\" src=\"https:\/\/cuernavaca.gob.mx\/wp-content\/uploads\/2024\/11\/CUERNAVACA-REFRENDA-SU-HOSPITALIDAD-PARA-LA-REALIZACIO\u0301N-DE-LA-XIII-EDICIO\u0301N-DE-22SABOR-ES-MORELOS22-EL-MEJOR-FESTIVAL-GASTRONO\u0301MICO-INTERNACIONAL-16-150x150.jpg\" class=\"attachment-thumbnail size-thumbnail\" alt=\"\" loading=\"lazy\" \/><\/a>\n\t\t\t<\/dt><\/dl><dl class='gallery-item'>\n\t\t\t<dt class='gallery-icon landscape'>\n\t\t\t\t<a href='https:\/\/cuernavaca.gob.mx\/?attachment_id=46514'><img width=\"150\" height=\"150\" src=\"https:\/\/cuernavaca.gob.mx\/wp-content\/uploads\/2024\/11\/CUERNAVACA-REFRENDA-SU-HOSPITALIDAD-PARA-LA-REALIZACIO\u0301N-DE-LA-XIII-EDICIO\u0301N-DE-22SABOR-ES-MORELOS22-EL-MEJOR-FESTIVAL-GASTRONO\u0301MICO-INTERNACIONAL-17-150x150.jpg\" class=\"attachment-thumbnail size-thumbnail\" alt=\"\" loading=\"lazy\" \/><\/a>\n\t\t\t<\/dt><\/dl><dl class='gallery-item'>\n\t\t\t<dt class='gallery-icon landscape'>\n\t\t\t\t<a href='https:\/\/cuernavaca.gob.mx\/?attachment_id=46515'><img width=\"150\" height=\"150\" src=\"https:\/\/cuernavaca.gob.mx\/wp-content\/uploads\/2024\/11\/CUERNAVACA-REFRENDA-SU-HOSPITALIDAD-PARA-LA-REALIZACIO\u0301N-DE-LA-XIII-EDICIO\u0301N-DE-22SABOR-ES-MORELOS22-EL-MEJOR-FESTIVAL-GASTRONO\u0301MICO-INTERNACIONAL-18-150x150.jpg\" class=\"attachment-thumbnail size-thumbnail\" alt=\"\" loading=\"lazy\" \/><\/a>\n\t\t\t<\/dt><\/dl><br style=\"clear: both\" \/>\n\t\t<\/div>\n\n","protected":false},"excerpt":{"rendered":"<p>\u2022 En representaci\u00f3n del presidente municipal Jos\u00e9 Luis Uri\u00f3stegui Salgado, el secretario del Ayuntamiento, Carlos de la Rosa Segura, dio la bienvenida a m\u00e1s de 300 expositores y 70 restaurantes que participan \u2022 Este a\u00f1o los invitados son Uruguay, Quer\u00e9taro y Tepoztl\u00e1n y los visitantes po0dran encontrar platillos para todos los gustos, artesan\u00edas y obras [&hellip;]<\/p>\n","protected":false},"author":1,"featured_media":46500,"comment_status":"closed","ping_status":"open","sticky":false,"template":"","format":"standard","meta":[],"categories":[2294,21],"tags":[2142,121,190,375,2277,120,206,127,1514,3923,194],"aioseo_notices":[],"_links":{"self":[{"href":"https:\/\/cuernavaca.gob.mx\/index.php?rest_route=\/wp\/v2\/posts\/46497"}],"collection":[{"href":"https:\/\/cuernavaca.gob.mx\/index.php?rest_route=\/wp\/v2\/posts"}],"about":[{"href":"https:\/\/cuernavaca.gob.mx\/index.php?rest_route=\/wp\/v2\/types\/post"}],"author":[{"embeddable":true,"href":"https:\/\/cuernavaca.gob.mx\/index.php?rest_route=\/wp\/v2\/users\/1"}],"replies":[{"embeddable":true,"href":"https:\/\/cuernavaca.gob.mx\/index.php?rest_route=%2Fwp%2Fv2%2Fcomments&post=46497"}],"version-history":[{"count":1,"href":"https:\/\/cuernavaca.gob.mx\/index.php?rest_route=\/wp\/v2\/posts\/46497\/revisions"}],"predecessor-version":[{"id":46516,"href":"https:\/\/cuernavaca.gob.mx\/index.php?rest_route=\/wp\/v2\/posts\/46497\/revisions\/46516"}],"wp:featuredmedia":[{"embeddable":true,"href":"https:\/\/cuernavaca.gob.mx\/index.php?rest_route=\/wp\/v2\/media\/46500"}],"wp:attachment":[{"href":"https:\/\/cuernavaca.gob.mx\/index.php?rest_route=%2Fwp%2Fv2%2Fmedia&parent=46497"}],"wp:term":[{"taxonomy":"category","embeddable":true,"href":"https:\/\/cuernavaca.gob.mx\/index.php?rest_route=%2Fwp%2Fv2%2Fcategories&post=46497"},{"taxonomy":"post_tag","embeddable":true,"href":"https:\/\/cuernavaca.gob.mx\/index.php?rest_route=%2Fwp%2Fv2%2Ftags&post=46497"}],"curies":[{"name":"wp","href":"https:\/\/api.w.org\/{rel}","templated":true}]}}