{"id":46520,"date":"2024-11-30T12:45:34","date_gmt":"2024-11-30T18:45:34","guid":{"rendered":"https:\/\/cuernavaca.gob.mx\/?p=46520"},"modified":"2024-12-01T13:56:33","modified_gmt":"2024-12-01T19:56:33","slug":"b2094-20-11-24-alta-participacion-ciudadana-esencia-del-exito-de-los-cabildos-abiertos-del-ayuntamiento-de-cuernavaca","status":"publish","type":"post","link":"https:\/\/cuernavaca.gob.mx\/?p=46520","title":{"rendered":"B2094 20\/11\/24 ALTA PARTICIPACI\u00d3N CIUDADANA, ESENCIA DEL \u00c9XITO DE LOS CABILDOS ABIERTOS DEL AYUNTAMIENTO DE CUERNAVACA"},"content":{"rendered":"<p><strong>\u2022 El presidente municipal Jos\u00e9 Luis Uri\u00f3stegui destac\u00f3 el cumplimiento del cuerpo colegiado para realizar estos ejercicios democr\u00e1ticos en colonias y poblados de la ciudad<\/strong><\/p>\n<p><strong>\u2022 Se ha logrado una vinculaci\u00f3n directa con la gente, escuchando y atendiendo peticiones para avanzar en el desarrollo de la capital morelense<\/strong><\/p>\n<p>El Ayuntamiento de Cuernavaca encabezado por Jos\u00e9 Luis Uri\u00f3stegui Salgado se ha caracterizado a nivel estatal por impulsar el involucramiento ciudadano en la transformaci\u00f3n del territorio a trav\u00e9s de las sesiones de Cabildo Abierto que en la presente administraci\u00f3n se han llevado a cabo de manera peri\u00f3dica cumpliendo con la norma aplicable, generando un v\u00ednculo de trabajo coordinado y de comunicaci\u00f3n con la comunidad que ha concretado el renacer de la capital morelense.<\/p>\n<p>En la XXXIV sesi\u00f3n que tuvo como sede la escuela primaria Josefa Ortiz de Dom\u00ednguez en la colonia Jiquilpan, Jos\u00e9 Luis Uri\u00f3stegui destac\u00f3 el cumplimiento del Cabildo para realizar estos ejercicios democr\u00e1ticos que contempla la Ley Org\u00e1nica Municipal y donde han escuchado los planteamientos que se ha hecho por la ciudadan\u00eda, atendiendo muchos de ellos y si bien faltan algunos otros seguir\u00e1n trabajando hasta el \u00faltimo d\u00eda de la administraci\u00f3n para que la ciudad vaya mejorando.<\/p>\n<p>Puntualiz\u00f3 que la colonia Jiquilpan es muestra del trabajo que ha hecho la administraci\u00f3n y del cuidado de los recursos p\u00fablicos, ya que se han efectuado obras p\u00fablicas importantes en materia de agua potable y asfaltado, lo cual obedece tambi\u00e9n al incremento en la captaci\u00f3n de los recursos derivado de la recuperaci\u00f3n de la confianza ciudadana que les ha permitido pagar deuda p\u00fablica como no se hab\u00eda hecho pasando de mil 046 millones a poco menos de 250 millones y la inversi\u00f3n p\u00fablica ha sido de m\u00e1s de 600 millones de pesos.<\/p>\n<p>Los regidores Wendi Salinas Ruiz, Lucero Cuenca Noria, Paz Hern\u00e1ndez Pardo, Mireya Delgado Romero, Debendrenath Salazar Solorio, V\u00edctor Manzo God\u00ednez, Fernando Carrillo Alvarado y Sergio Quevedo N\u00fa\u00f1ez, atendieron las solicitudes de vecinos de colonias como Lomas de Cort\u00e9s, Bosques de la Florida, Lomas de Tzompantle, Acapantzingo, Para\u00edso de las Flores, La Ca\u00f1ada, Jiquilpan, San Crist\u00f3bal, Bellavista, Chapultepec, Lomas de la Pradera, Analco, Vista Hermosa, as\u00ed como de los poblados de Chamilpa y Tlaltenango.<\/p>\n<p>Las solicitudes fueron variadas en materia de servicios p\u00fablicos, obra p\u00fablica, seguridad, entre otros, utilizando varios de ellos el uso de la palabra para expresar su agradecimiento a la administraci\u00f3n por el apoyo brindado a sus peticiones que han mejorado sus comunidades.<\/p>\n<p>Cabe resaltar que en el mes de diciembre se desarrollar\u00e1 la \u00faltima sesi\u00f3n de Cabildo Abierto de la presente administraci\u00f3n contando con la participaci\u00f3n de integrantes del Gabinete, lo que ha garantizado la vinculaci\u00f3n de cada una de las peticiones.<\/p>\n\n\t\t<style type=\"text\/css\">\n\t\t\t#gallery-1 {\n\t\t\t\tmargin: auto;\n\t\t\t}\n\t\t\t#gallery-1 .gallery-item {\n\t\t\t\tfloat: left;\n\t\t\t\tmargin-top: 10px;\n\t\t\t\ttext-align: center;\n\t\t\t\twidth: 33%;\n\t\t\t}\n\t\t\t#gallery-1 img {\n\t\t\t\tborder: 2px solid #cfcfcf;\n\t\t\t}\n\t\t\t#gallery-1 .gallery-caption {\n\t\t\t\tmargin-left: 0;\n\t\t\t}\n\t\t\t\/* see gallery_shortcode() in wp-includes\/media.php *\/\n\t\t<\/style>\n\t\t<div id='gallery-1' class='gallery galleryid-46520 gallery-columns-3 gallery-size-thumbnail'><dl class='gallery-item'>\n\t\t\t<dt class='gallery-icon landscape'>\n\t\t\t\t<a href='https:\/\/cuernavaca.gob.mx\/?attachment_id=46521'><img width=\"150\" height=\"150\" src=\"https:\/\/cuernavaca.gob.mx\/wp-content\/uploads\/2024\/12\/ALTA-PARTICIPACIO\u0301N-CIUDADANA-ESENCIA-DEL-E\u0301XITO-DE-LOS-CABILDOS-ABIERTOS-DEL-AYUNTAMIENTO-DE-CUERNAVACA-1-150x150.jpg\" class=\"attachment-thumbnail size-thumbnail\" alt=\"\" loading=\"lazy\" \/><\/a>\n\t\t\t<\/dt><\/dl><dl class='gallery-item'>\n\t\t\t<dt class='gallery-icon landscape'>\n\t\t\t\t<a href='https:\/\/cuernavaca.gob.mx\/?attachment_id=46522'><img width=\"150\" height=\"150\" src=\"https:\/\/cuernavaca.gob.mx\/wp-content\/uploads\/2024\/12\/ALTA-PARTICIPACIO\u0301N-CIUDADANA-ESENCIA-DEL-E\u0301XITO-DE-LOS-CABILDOS-ABIERTOS-DEL-AYUNTAMIENTO-DE-CUERNAVACA-2-150x150.jpg\" class=\"attachment-thumbnail size-thumbnail\" alt=\"\" loading=\"lazy\" \/><\/a>\n\t\t\t<\/dt><\/dl><dl class='gallery-item'>\n\t\t\t<dt class='gallery-icon landscape'>\n\t\t\t\t<a href='https:\/\/cuernavaca.gob.mx\/?attachment_id=46523'><img width=\"150\" height=\"150\" src=\"https:\/\/cuernavaca.gob.mx\/wp-content\/uploads\/2024\/12\/ALTA-PARTICIPACIO\u0301N-CIUDADANA-ESENCIA-DEL-E\u0301XITO-DE-LOS-CABILDOS-ABIERTOS-DEL-AYUNTAMIENTO-DE-CUERNAVACA-3-150x150.jpg\" class=\"attachment-thumbnail size-thumbnail\" alt=\"\" loading=\"lazy\" \/><\/a>\n\t\t\t<\/dt><\/dl><br style=\"clear: both\" \/><dl class='gallery-item'>\n\t\t\t<dt class='gallery-icon landscape'>\n\t\t\t\t<a href='https:\/\/cuernavaca.gob.mx\/?attachment_id=46524'><img width=\"150\" height=\"150\" src=\"https:\/\/cuernavaca.gob.mx\/wp-content\/uploads\/2024\/12\/ALTA-PARTICIPACIO\u0301N-CIUDADANA-ESENCIA-DEL-E\u0301XITO-DE-LOS-CABILDOS-ABIERTOS-DEL-AYUNTAMIENTO-DE-CUERNAVACA-4-150x150.jpg\" class=\"attachment-thumbnail size-thumbnail\" alt=\"\" loading=\"lazy\" \/><\/a>\n\t\t\t<\/dt><\/dl><dl class='gallery-item'>\n\t\t\t<dt class='gallery-icon landscape'>\n\t\t\t\t<a href='https:\/\/cuernavaca.gob.mx\/?attachment_id=46525'><img width=\"150\" height=\"150\" src=\"https:\/\/cuernavaca.gob.mx\/wp-content\/uploads\/2024\/12\/ALTA-PARTICIPACIO\u0301N-CIUDADANA-ESENCIA-DEL-E\u0301XITO-DE-LOS-CABILDOS-ABIERTOS-DEL-AYUNTAMIENTO-DE-CUERNAVACA-5-150x150.jpg\" class=\"attachment-thumbnail size-thumbnail\" alt=\"\" loading=\"lazy\" \/><\/a>\n\t\t\t<\/dt><\/dl><dl class='gallery-item'>\n\t\t\t<dt class='gallery-icon landscape'>\n\t\t\t\t<a href='https:\/\/cuernavaca.gob.mx\/?attachment_id=46526'><img width=\"150\" height=\"150\" src=\"https:\/\/cuernavaca.gob.mx\/wp-content\/uploads\/2024\/12\/ALTA-PARTICIPACIO\u0301N-CIUDADANA-ESENCIA-DEL-E\u0301XITO-DE-LOS-CABILDOS-ABIERTOS-DEL-AYUNTAMIENTO-DE-CUERNAVACA-6-150x150.jpg\" class=\"attachment-thumbnail size-thumbnail\" alt=\"\" loading=\"lazy\" \/><\/a>\n\t\t\t<\/dt><\/dl><br style=\"clear: both\" \/><dl class='gallery-item'>\n\t\t\t<dt class='gallery-icon landscape'>\n\t\t\t\t<a href='https:\/\/cuernavaca.gob.mx\/?attachment_id=46527'><img width=\"150\" height=\"150\" src=\"https:\/\/cuernavaca.gob.mx\/wp-content\/uploads\/2024\/12\/ALTA-PARTICIPACIO\u0301N-CIUDADANA-ESENCIA-DEL-E\u0301XITO-DE-LOS-CABILDOS-ABIERTOS-DEL-AYUNTAMIENTO-DE-CUERNAVACA-7-150x150.jpg\" class=\"attachment-thumbnail size-thumbnail\" alt=\"\" loading=\"lazy\" \/><\/a>\n\t\t\t<\/dt><\/dl><dl class='gallery-item'>\n\t\t\t<dt class='gallery-icon landscape'>\n\t\t\t\t<a href='https:\/\/cuernavaca.gob.mx\/?attachment_id=46528'><img width=\"150\" height=\"150\" src=\"https:\/\/cuernavaca.gob.mx\/wp-content\/uploads\/2024\/12\/ALTA-PARTICIPACIO\u0301N-CIUDADANA-ESENCIA-DEL-E\u0301XITO-DE-LOS-CABILDOS-ABIERTOS-DEL-AYUNTAMIENTO-DE-CUERNAVACA-8-150x150.jpg\" class=\"attachment-thumbnail size-thumbnail\" alt=\"\" loading=\"lazy\" \/><\/a>\n\t\t\t<\/dt><\/dl><dl class='gallery-item'>\n\t\t\t<dt class='gallery-icon landscape'>\n\t\t\t\t<a href='https:\/\/cuernavaca.gob.mx\/?attachment_id=46529'><img width=\"150\" height=\"150\" src=\"https:\/\/cuernavaca.gob.mx\/wp-content\/uploads\/2024\/12\/ALTA-PARTICIPACIO\u0301N-CIUDADANA-ESENCIA-DEL-E\u0301XITO-DE-LOS-CABILDOS-ABIERTOS-DEL-AYUNTAMIENTO-DE-CUERNAVACA-9-150x150.jpg\" class=\"attachment-thumbnail size-thumbnail\" alt=\"\" loading=\"lazy\" \/><\/a>\n\t\t\t<\/dt><\/dl><br style=\"clear: both\" \/>\n\t\t<\/div>\n\n","protected":false},"excerpt":{"rendered":"<p>\u2022 El presidente municipal Jos\u00e9 Luis Uri\u00f3stegui destac\u00f3 el cumplimiento del cuerpo colegiado para realizar estos ejercicios democr\u00e1ticos en colonias y poblados de la ciudad \u2022 Se ha logrado una vinculaci\u00f3n directa con la gente, escuchando y atendiendo peticiones para avanzar en el desarrollo de la capital morelense El Ayuntamiento de Cuernavaca encabezado por Jos\u00e9 [&hellip;]<\/p>\n","protected":false},"author":1,"featured_media":46526,"comment_status":"closed","ping_status":"open","sticky":false,"template":"","format":"standard","meta":[],"categories":[3047],"tags":[158,875,988,121,1929,120,206,383,127],"aioseo_notices":[],"_links":{"self":[{"href":"https:\/\/cuernavaca.gob.mx\/index.php?rest_route=\/wp\/v2\/posts\/46520"}],"collection":[{"href":"https:\/\/cuernavaca.gob.mx\/index.php?rest_route=\/wp\/v2\/posts"}],"about":[{"href":"https:\/\/cuernavaca.gob.mx\/index.php?rest_route=\/wp\/v2\/types\/post"}],"author":[{"embeddable":true,"href":"https:\/\/cuernavaca.gob.mx\/index.php?rest_route=\/wp\/v2\/users\/1"}],"replies":[{"embeddable":true,"href":"https:\/\/cuernavaca.gob.mx\/index.php?rest_route=%2Fwp%2Fv2%2Fcomments&post=46520"}],"version-history":[{"count":1,"href":"https:\/\/cuernavaca.gob.mx\/index.php?rest_route=\/wp\/v2\/posts\/46520\/revisions"}],"predecessor-version":[{"id":46530,"href":"https:\/\/cuernavaca.gob.mx\/index.php?rest_route=\/wp\/v2\/posts\/46520\/revisions\/46530"}],"wp:featuredmedia":[{"embeddable":true,"href":"https:\/\/cuernavaca.gob.mx\/index.php?rest_route=\/wp\/v2\/media\/46526"}],"wp:attachment":[{"href":"https:\/\/cuernavaca.gob.mx\/index.php?rest_route=%2Fwp%2Fv2%2Fmedia&parent=46520"}],"wp:term":[{"taxonomy":"category","embeddable":true,"href":"https:\/\/cuernavaca.gob.mx\/index.php?rest_route=%2Fwp%2Fv2%2Fcategories&post=46520"},{"taxonomy":"post_tag","embeddable":true,"href":"https:\/\/cuernavaca.gob.mx\/index.php?rest_route=%2Fwp%2Fv2%2Ftags&post=46520"}],"curies":[{"name":"wp","href":"https:\/\/api.w.org\/{rel}","templated":true}]}}