{"id":46531,"date":"2024-12-01T14:00:01","date_gmt":"2024-12-01T20:00:01","guid":{"rendered":"https:\/\/cuernavaca.gob.mx\/?p=46531"},"modified":"2024-12-01T14:47:56","modified_gmt":"2024-12-01T20:47:56","slug":"b2094-31-11-24-cuernavaca-se-mantiene-a-la-vanguardia-a-nivel-estatal-en-la-homologacion-de-la-justicia-civica","status":"publish","type":"post","link":"https:\/\/cuernavaca.gob.mx\/?p=46531","title":{"rendered":"B2094 01\/12\/24 CUERNAVACA SE MANTIENE A LA VANGUARDIA A NIVEL ESTATAL EN LA HOMOLOGACI\u00d3N DE LA JUSTICIA C\u00cdVICA"},"content":{"rendered":"<p>\u2022 A la fecha, el ayuntamiento de Cuernavaca no solo a homologado los marcos normativos, sino tambi\u00e9n dignificado las instalaciones del juzgado c\u00edvico y capacitado a su personal<\/p>\n<p>La ciudad de Cuernavaca sigue posicion\u00e1ndose a la vanguardia a nivel estatal en la implementaci\u00f3n del Modelo Nacional de Polic\u00eda y Justicia C\u00edvica, adecuando no solo los marcos normativos, sino tambi\u00e9n las instalaciones del Juzgado C\u00edvico, profesionalizando al personal para garantizar el respeto a los derechos humanos para todas las personas que sean detenidas por la comisi\u00f3n de faltas administrativas, garantizando una correcta justicia restaurativa para la construcci\u00f3n de la paz.<\/p>\n<p>La s\u00edndica municipal, Catalina Ver\u00f3nica Atenco P\u00e9rez, indico que, gracias al apoyo del presidente municipal, Jos\u00e9 Luis Uri\u00f3stegui Salgado, durante la presente administraci\u00f3n se han tenido avances significativos en la homologaci\u00f3n de este modelo en Cuernavaca, contando con el personal solicitado por la Federaci\u00f3n, teniendo hoy un coordinado de juzgados, tres jueces c\u00edvicos, dos enfermeras, dos m\u00e9dicos, dos psic\u00f3logas y una secretaria de acuerdos, que anteriormente no se contaba con estas dos figuras.<\/p>\n<p>Se\u00f1al\u00f3 que adem\u00e1s de adquirir mobiliario, equipo y uniformes para el correcto desempe\u00f1o de las funciones del personal, el Juzgado C\u00edvico contar\u00e1, tanto en su interior como exterior, con un sistema de videovigilancia que estar\u00e1 conectado al C4 de la Secretar\u00eda de Protecci\u00f3n y Auxilio Ciudadano (SEPRAC), se est\u00e1 trabajando en la instalaci\u00f3n de una sala de audiencias con la cual se tendr\u00e1 un \u00e1rea de mediaci\u00f3n y se cuenta ya con cuatro celdas para las personas detenidas, una para hombres, una para mujeres y dos consideradas especiales para menores de edad, adultos mayores, comunidad LGBTQ+ y personas que requieran vigilancia medica o especial.<\/p>\n<p>Como parte de la profesionalizaci\u00f3n al personal, se han llevado a cabo dos cursos de capacitaci\u00f3n con el apoyo del Centro Privado Acreditado N\u00famero 3 autorizado por el Tribunal Superior de Justicia \u201cJuntos Construyamos Acuerdos\u201d en materia de \u201cMecanismos alternativos aplicados a la Justicia C\u00edvica\u201d y \u201cGeneralidades del Modelo Nacional de Polic\u00eda y Justicia C\u00edvica\u201d.<\/p>\n<p>Dentro de este marco, el Ayuntamiento de Cuernavaca firm\u00f3 a principios de a\u00f1o un convenio de colaboraci\u00f3n con ocho organizaciones de la sociedad civil e instituciones p\u00fablicas para la implementaci\u00f3n de las medidas que mejoren la convivencia cotidiana de la sociedad, a fin de lograr una reinserci\u00f3n social que evite la reincidencia de las personas infractoras y mejore la convivencia social, evitando que los conflictos escalen a conductas delictivas o actos de violencia.<\/p>\n<p>Las organizaciones firmantes fueron el Instituto de la Mujer de Cuernavaca (IMC), la Central Mexicana de Servicios Generales de Alcoh\u00f3licos An\u00f3nimos, Renovadic A.C., la Cl\u00ednica de Rehabilitaci\u00f3n Para\u00edso S.C., el Centro de Atenci\u00f3n Asistida Pinar del Bosques A.C., la agrupaci\u00f3n Cargo Educativa A.C., la Asociaci\u00f3n Mexicana de Resiliencia, Salud y Educaci\u00f3n A.C. e Isonom\u00eda, Centro de Alfabetizaci\u00f3n y Formaci\u00f3n en Derechos Humanos A.C.<\/p>\n<p>Atenco P\u00e9rez confirm\u00f3 que con este tipo de acciones Cuernavaca sigue posicion\u00e1ndose a la vanguardia en esta materia, siendo el primer municipio en el estado de Morelos que ha homologado su reglamento al Modelo Nacional de Polic\u00eda y Justicia C\u00edvica, registrando avances significativos.<\/p>\n\n\t\t<style type=\"text\/css\">\n\t\t\t#gallery-1 {\n\t\t\t\tmargin: auto;\n\t\t\t}\n\t\t\t#gallery-1 .gallery-item {\n\t\t\t\tfloat: left;\n\t\t\t\tmargin-top: 10px;\n\t\t\t\ttext-align: center;\n\t\t\t\twidth: 33%;\n\t\t\t}\n\t\t\t#gallery-1 img {\n\t\t\t\tborder: 2px solid #cfcfcf;\n\t\t\t}\n\t\t\t#gallery-1 .gallery-caption {\n\t\t\t\tmargin-left: 0;\n\t\t\t}\n\t\t\t\/* see gallery_shortcode() in wp-includes\/media.php *\/\n\t\t<\/style>\n\t\t<div id='gallery-1' class='gallery galleryid-46531 gallery-columns-3 gallery-size-thumbnail'><dl class='gallery-item'>\n\t\t\t<dt class='gallery-icon landscape'>\n\t\t\t\t<a href='https:\/\/cuernavaca.gob.mx\/?attachment_id=46532'><img width=\"150\" height=\"150\" src=\"https:\/\/cuernavaca.gob.mx\/wp-content\/uploads\/2024\/12\/CUERNAVACA-SE-MANTIENE-A-LA-VANGUARDIA-A-NIVEL-ESTATAL-EN-LA-HOMOLOGACIO\u0301N-DE-LA-JUSTICIA-CI\u0301VICA-1-150x150.jpg\" class=\"attachment-thumbnail size-thumbnail\" alt=\"\" loading=\"lazy\" \/><\/a>\n\t\t\t<\/dt><\/dl><dl class='gallery-item'>\n\t\t\t<dt class='gallery-icon landscape'>\n\t\t\t\t<a href='https:\/\/cuernavaca.gob.mx\/?attachment_id=46533'><img width=\"150\" height=\"150\" src=\"https:\/\/cuernavaca.gob.mx\/wp-content\/uploads\/2024\/12\/CUERNAVACA-SE-MANTIENE-A-LA-VANGUARDIA-A-NIVEL-ESTATAL-EN-LA-HOMOLOGACIO\u0301N-DE-LA-JUSTICIA-CI\u0301VICA-2-150x150.jpg\" class=\"attachment-thumbnail size-thumbnail\" alt=\"\" loading=\"lazy\" \/><\/a>\n\t\t\t<\/dt><\/dl><dl class='gallery-item'>\n\t\t\t<dt class='gallery-icon landscape'>\n\t\t\t\t<a href='https:\/\/cuernavaca.gob.mx\/?attachment_id=46534'><img width=\"150\" height=\"150\" src=\"https:\/\/cuernavaca.gob.mx\/wp-content\/uploads\/2024\/12\/CUERNAVACA-SE-MANTIENE-A-LA-VANGUARDIA-A-NIVEL-ESTATAL-EN-LA-HOMOLOGACIO\u0301N-DE-LA-JUSTICIA-CI\u0301VICA-3-150x150.jpg\" class=\"attachment-thumbnail size-thumbnail\" alt=\"\" loading=\"lazy\" \/><\/a>\n\t\t\t<\/dt><\/dl><br style=\"clear: both\" \/>\n\t\t<\/div>\n\n","protected":false},"excerpt":{"rendered":"<p>\u2022 A la fecha, el ayuntamiento de Cuernavaca no solo a homologado los marcos normativos, sino tambi\u00e9n dignificado las instalaciones del juzgado c\u00edvico y capacitado a su personal La ciudad de Cuernavaca sigue posicion\u00e1ndose a la vanguardia a nivel estatal en la implementaci\u00f3n del Modelo Nacional de Polic\u00eda y Justicia C\u00edvica, adecuando no solo los [&hellip;]<\/p>\n","protected":false},"author":1,"featured_media":46534,"comment_status":"closed","ping_status":"open","sticky":false,"template":"","format":"standard","meta":[],"categories":[17],"tags":[121,1929,120,206,127,414,125],"aioseo_notices":[],"_links":{"self":[{"href":"https:\/\/cuernavaca.gob.mx\/index.php?rest_route=\/wp\/v2\/posts\/46531"}],"collection":[{"href":"https:\/\/cuernavaca.gob.mx\/index.php?rest_route=\/wp\/v2\/posts"}],"about":[{"href":"https:\/\/cuernavaca.gob.mx\/index.php?rest_route=\/wp\/v2\/types\/post"}],"author":[{"embeddable":true,"href":"https:\/\/cuernavaca.gob.mx\/index.php?rest_route=\/wp\/v2\/users\/1"}],"replies":[{"embeddable":true,"href":"https:\/\/cuernavaca.gob.mx\/index.php?rest_route=%2Fwp%2Fv2%2Fcomments&post=46531"}],"version-history":[{"count":2,"href":"https:\/\/cuernavaca.gob.mx\/index.php?rest_route=\/wp\/v2\/posts\/46531\/revisions"}],"predecessor-version":[{"id":46544,"href":"https:\/\/cuernavaca.gob.mx\/index.php?rest_route=\/wp\/v2\/posts\/46531\/revisions\/46544"}],"wp:featuredmedia":[{"embeddable":true,"href":"https:\/\/cuernavaca.gob.mx\/index.php?rest_route=\/wp\/v2\/media\/46534"}],"wp:attachment":[{"href":"https:\/\/cuernavaca.gob.mx\/index.php?rest_route=%2Fwp%2Fv2%2Fmedia&parent=46531"}],"wp:term":[{"taxonomy":"category","embeddable":true,"href":"https:\/\/cuernavaca.gob.mx\/index.php?rest_route=%2Fwp%2Fv2%2Fcategories&post=46531"},{"taxonomy":"post_tag","embeddable":true,"href":"https:\/\/cuernavaca.gob.mx\/index.php?rest_route=%2Fwp%2Fv2%2Ftags&post=46531"}],"curies":[{"name":"wp","href":"https:\/\/api.w.org\/{rel}","templated":true}]}}