{"id":46649,"date":"2024-12-07T13:45:57","date_gmt":"2024-12-07T19:45:57","guid":{"rendered":"https:\/\/cuernavaca.gob.mx\/?p=46649"},"modified":"2024-12-07T14:53:35","modified_gmt":"2024-12-07T20:53:35","slug":"f987-07-12-24-embellece-el-ayuntamiento-de-cuernavaca-camellones-y-glorietas-como-parte-de-la-recuperacion-de-sus-microclimas","status":"publish","type":"post","link":"https:\/\/cuernavaca.gob.mx\/?p=46649","title":{"rendered":"F987 07\/12\/24 EMBELLECE EL AYUNTAMIENTO DE CUERNAVACA CAMELLONES Y GLORIETAS COMO PARTE DE LA RECUPERACI\u00d3N DE SUS MICROCLIMAS"},"content":{"rendered":"<p>Como parte del Programa de Mantenimiento de \u00c1reas Verdes y Camellones, el Ayuntamiento de Cuernavaca, a trav\u00e9s del \u00e1rea de Parques y Jardines de la Secretar\u00eda de Desarrollo Sustentable y Servicios P\u00fablicos, realiza acciones integrales de embellecimiento y colocaci\u00f3n de flores de nochebuena en distintos espacios p\u00fablicos de la ciudad.<\/p>\n<p>Estos espacios durante la administraci\u00f3n que encabeza el alcalde Jos\u00e9 Luis Uri\u00f3stegui Salgado, han sido una prioridad a fin de continuar con el trabajo de recuperaci\u00f3n de los microclimas por el que es reconocida la ciudad de Cuernavaca, por lo que se han plantado diversos ejemplares de \u00e1rboles y plantas, que adem\u00e1s brindan numerosos servicios ambientales.<\/p>\n<p>Esto es, que los camellones, jardineras y glorietas que est\u00e1n siendo intervenidas por el Ayuntamiento de Cuernavaca, empresas y particulares a trav\u00e9s de programas como el de \u201cAdopci\u00f3n de Espacios P\u00fablicos\u201d, las especies plantas y flores no solo sean un adorno, sino que tengan una funci\u00f3n ambiental ante los impactos de la contaminaci\u00f3n urbana.<\/p>\n\n\t\t<style type=\"text\/css\">\n\t\t\t#gallery-1 {\n\t\t\t\tmargin: auto;\n\t\t\t}\n\t\t\t#gallery-1 .gallery-item {\n\t\t\t\tfloat: left;\n\t\t\t\tmargin-top: 10px;\n\t\t\t\ttext-align: center;\n\t\t\t\twidth: 33%;\n\t\t\t}\n\t\t\t#gallery-1 img {\n\t\t\t\tborder: 2px solid #cfcfcf;\n\t\t\t}\n\t\t\t#gallery-1 .gallery-caption {\n\t\t\t\tmargin-left: 0;\n\t\t\t}\n\t\t\t\/* see gallery_shortcode() in wp-includes\/media.php *\/\n\t\t<\/style>\n\t\t<div id='gallery-1' class='gallery galleryid-46649 gallery-columns-3 gallery-size-thumbnail'><dl class='gallery-item'>\n\t\t\t<dt class='gallery-icon landscape'>\n\t\t\t\t<a href='https:\/\/cuernavaca.gob.mx\/?attachment_id=46650'><img width=\"150\" height=\"150\" src=\"https:\/\/cuernavaca.gob.mx\/wp-content\/uploads\/2024\/12\/EMBELLECE-EL-AYUNTAMIENTO-DE-CUERNAVACA-CAMELLONES-Y-GLORIETAS-COMO-PARTE-DE-LA-RECUPERACIO\u0301N-DE-SUS-MICROCLIMAS-1-150x150.jpg\" class=\"attachment-thumbnail size-thumbnail\" alt=\"\" loading=\"lazy\" \/><\/a>\n\t\t\t<\/dt><\/dl><dl class='gallery-item'>\n\t\t\t<dt class='gallery-icon portrait'>\n\t\t\t\t<a href='https:\/\/cuernavaca.gob.mx\/?attachment_id=46651'><img width=\"150\" height=\"150\" src=\"https:\/\/cuernavaca.gob.mx\/wp-content\/uploads\/2024\/12\/EMBELLECE-EL-AYUNTAMIENTO-DE-CUERNAVACA-CAMELLONES-Y-GLORIETAS-COMO-PARTE-DE-LA-RECUPERACIO\u0301N-DE-SUS-MICROCLIMAS-2-150x150.jpg\" class=\"attachment-thumbnail size-thumbnail\" alt=\"\" loading=\"lazy\" \/><\/a>\n\t\t\t<\/dt><\/dl><dl class='gallery-item'>\n\t\t\t<dt class='gallery-icon portrait'>\n\t\t\t\t<a href='https:\/\/cuernavaca.gob.mx\/?attachment_id=46652'><img width=\"150\" height=\"150\" src=\"https:\/\/cuernavaca.gob.mx\/wp-content\/uploads\/2024\/12\/EMBELLECE-EL-AYUNTAMIENTO-DE-CUERNAVACA-CAMELLONES-Y-GLORIETAS-COMO-PARTE-DE-LA-RECUPERACIO\u0301N-DE-SUS-MICROCLIMAS-3-150x150.jpg\" class=\"attachment-thumbnail size-thumbnail\" alt=\"\" loading=\"lazy\" \/><\/a>\n\t\t\t<\/dt><\/dl><br style=\"clear: both\" \/><dl class='gallery-item'>\n\t\t\t<dt class='gallery-icon landscape'>\n\t\t\t\t<a href='https:\/\/cuernavaca.gob.mx\/?attachment_id=46653'><img width=\"150\" height=\"150\" src=\"https:\/\/cuernavaca.gob.mx\/wp-content\/uploads\/2024\/12\/EMBELLECE-EL-AYUNTAMIENTO-DE-CUERNAVACA-CAMELLONES-Y-GLORIETAS-COMO-PARTE-DE-LA-RECUPERACIO\u0301N-DE-SUS-MICROCLIMAS-4-150x150.jpg\" class=\"attachment-thumbnail size-thumbnail\" alt=\"\" loading=\"lazy\" \/><\/a>\n\t\t\t<\/dt><\/dl><dl class='gallery-item'>\n\t\t\t<dt class='gallery-icon landscape'>\n\t\t\t\t<a href='https:\/\/cuernavaca.gob.mx\/?attachment_id=46654'><img width=\"150\" height=\"150\" src=\"https:\/\/cuernavaca.gob.mx\/wp-content\/uploads\/2024\/12\/EMBELLECE-EL-AYUNTAMIENTO-DE-CUERNAVACA-CAMELLONES-Y-GLORIETAS-COMO-PARTE-DE-LA-RECUPERACIO\u0301N-DE-SUS-MICROCLIMAS-5-150x150.jpg\" class=\"attachment-thumbnail size-thumbnail\" alt=\"\" loading=\"lazy\" \/><\/a>\n\t\t\t<\/dt><\/dl>\n\t\t\t<br style='clear: both' \/>\n\t\t<\/div>\n\n","protected":false},"excerpt":{"rendered":"<p>Como parte del Programa de Mantenimiento de \u00c1reas Verdes y Camellones, el Ayuntamiento de Cuernavaca, a trav\u00e9s del \u00e1rea de Parques y Jardines de la Secretar\u00eda de Desarrollo Sustentable y Servicios P\u00fablicos, realiza acciones integrales de embellecimiento y colocaci\u00f3n de flores de nochebuena en distintos espacios p\u00fablicos de la ciudad. Estos espacios durante la administraci\u00f3n [&hellip;]<\/p>\n","protected":false},"author":1,"featured_media":46653,"comment_status":"closed","ping_status":"open","sticky":false,"template":"","format":"standard","meta":[],"categories":[2414],"tags":[121,2699,2571,2337,2751,3934,2376,120,206,2676,2674,127],"aioseo_notices":[],"_links":{"self":[{"href":"https:\/\/cuernavaca.gob.mx\/index.php?rest_route=\/wp\/v2\/posts\/46649"}],"collection":[{"href":"https:\/\/cuernavaca.gob.mx\/index.php?rest_route=\/wp\/v2\/posts"}],"about":[{"href":"https:\/\/cuernavaca.gob.mx\/index.php?rest_route=\/wp\/v2\/types\/post"}],"author":[{"embeddable":true,"href":"https:\/\/cuernavaca.gob.mx\/index.php?rest_route=\/wp\/v2\/users\/1"}],"replies":[{"embeddable":true,"href":"https:\/\/cuernavaca.gob.mx\/index.php?rest_route=%2Fwp%2Fv2%2Fcomments&post=46649"}],"version-history":[{"count":1,"href":"https:\/\/cuernavaca.gob.mx\/index.php?rest_route=\/wp\/v2\/posts\/46649\/revisions"}],"predecessor-version":[{"id":46655,"href":"https:\/\/cuernavaca.gob.mx\/index.php?rest_route=\/wp\/v2\/posts\/46649\/revisions\/46655"}],"wp:featuredmedia":[{"embeddable":true,"href":"https:\/\/cuernavaca.gob.mx\/index.php?rest_route=\/wp\/v2\/media\/46653"}],"wp:attachment":[{"href":"https:\/\/cuernavaca.gob.mx\/index.php?rest_route=%2Fwp%2Fv2%2Fmedia&parent=46649"}],"wp:term":[{"taxonomy":"category","embeddable":true,"href":"https:\/\/cuernavaca.gob.mx\/index.php?rest_route=%2Fwp%2Fv2%2Fcategories&post=46649"},{"taxonomy":"post_tag","embeddable":true,"href":"https:\/\/cuernavaca.gob.mx\/index.php?rest_route=%2Fwp%2Fv2%2Ftags&post=46649"}],"curies":[{"name":"wp","href":"https:\/\/api.w.org\/{rel}","templated":true}]}}