{"id":46705,"date":"2024-12-10T13:00:32","date_gmt":"2024-12-10T19:00:32","guid":{"rendered":"https:\/\/cuernavaca.gob.mx\/?p=46705"},"modified":"2024-12-10T14:07:44","modified_gmt":"2024-12-10T20:07:44","slug":"b2109-10-12-24-promueve-ayuntamiento-de-cuernavaca-la-participacion-activa-de-la-sociedad-civil-en-la-estrategia-de-prevencion-de-la-violencia","status":"publish","type":"post","link":"https:\/\/cuernavaca.gob.mx\/?p=46705","title":{"rendered":"B2109 10\/12\/24 PROMUEVE AYUNTAMIENTO DE CUERNAVACA LA PARTICIPACI\u00d3N ACTIVA DE LA SOCIEDAD CIVIL EN LA ESTRATEGIA DE PREVENCI\u00d3N DE LA VIOLENCIA"},"content":{"rendered":"<p><strong>\u2022 En la \u00faltima sesi\u00f3n del Subcomit\u00e9 Sectorial \u201cCuernavaca con Seguridad\u201d se presentaron las acciones efectuadas para mejorar la percepci\u00f3n de seguridad en la ciudad<\/strong><\/p>\n<p>El Ayuntamiento de Cuernavaca, a trav\u00e9s de la Secretar\u00eda de Protecci\u00f3n y Auxilio Ciudadano (SEPRAC) y el Secretariado Ejecutivo del Consejo Municipal de Seguridad P\u00fablica, ha cumplido al cien por ciento con los indicadores establecidos en el Plan Municipal de Desarrollo 2022- 2024 en materia de seguridad, involucrando de manera activa a la ciudadan\u00eda en la prevenci\u00f3n de la violencia y la construcci\u00f3n de paz.<\/p>\n<p>En la \u00faltima sesi\u00f3n del Subcomit\u00e9 Sectorial \u201cCuernavaca con Seguridad\u201d, en la que se cont\u00f3 con la asistencia de Alicia V\u00e1zquez Luna, titular de la SEPRAC, el secretario ejecutivo del Consejo Municipal de Seguridad P\u00fablica, Marco Olvera Benedicto, destac\u00f3 que el trabajo coordinado que se ha mantenido con la polic\u00eda de Cuernavaca y areas operativas, ha derivado en el cumplimento de estos cuatro indicadores que abarcan rubros como la prevenci\u00f3n de la violencia, la inteligencia e investigaci\u00f3n, la participaci\u00f3n coordinada para la seguridad y la prevenci\u00f3n de la violencia, as\u00ed como la reacci\u00f3n de la polic\u00eda preventiva y vial, este \u00faltimo es exclusivo de la SEPRAC.<\/p>\n<p>Este \u00f3rgano colegiado est\u00e1 integrado por representantes de la academia, de la industria y del comercio y servicios en la ciudad, con quienes el municipio conjunto esfuerzos en ocho sesiones para atender un tema tan prioritario como es la seguridad acorde a propuestas hechas por la misma poblaci\u00f3n que particip\u00f3 en la elaboraci\u00f3n del Plan Municipal de Desarrollo de Cuernavaca.<\/p>\n<p>En este ejercicio de rendici\u00f3n de cuentas, Marco Olvera Benedicto, refiri\u00f3 que como parte del trabajo desarrollado en estos tres a\u00f1os fue la transformaci\u00f3n total del Secretariado Ejecutivo que en pasadas administraciones era considerado un refugio para pol\u00edticos sin nada que hacer, con cero productividad, pero que hoy bajo la instrucci\u00f3n del presidente municipal, Jos\u00e9 Luis Uri\u00f3stegui Salgado, ha abonado de manera activa en las acciones integrales de prevenci\u00f3n del delito, en las cuales inclusive participa la poblaci\u00f3n.<\/p>\n<p>En presencia del regidor Victor Hugo Manzo Godinez, presidente de la Comisi\u00f3n de Planificaci\u00f3n y Desarrollo, el titular del Secretariado Ejecutivo de Seguridad Municipal se\u00f1al\u00f3 que esto ha derivado en una reducci\u00f3n palpable de la percepci\u00f3n de inseguridad, que mientras en gestiones anteriores llega a niveles casi del 89 por ciento, en la actualidad se mantiene en un rango menor al 70 por ciento, demostrando el trabajo diario para recuperar la confianza de la sociedad en sus polic\u00edas y autoridades.<\/p>\n<p>En el marco de cierre del subcomit\u00e9, la consejera ciudadana, la Dra. Michelle Onofre D\u00edaz, representante del sector acad\u00e9mico, profesora de tiempo completo de la Universidad Aut\u00f3noma del Estado de Morelos (UAEM), resalt\u00f3 una serie de actividades que deben ser consideradas como prioritarias los pr\u00f3ximos tres a\u00f1os de administraci\u00f3n bajo el liderazgo de Jos\u00e9 Luis Uri\u00f3stegui.<\/p>\n<p>Lo anterior, acot\u00f3 la acad\u00e9mica y periodista, es para darle continuidad a la desburocratizaci\u00f3n en los procesos de reactivaci\u00f3n de los comit\u00e9s vecinales y de grupos organizados de vecinos, as\u00ed como al fortalecimiento de los procesos de confianza en la ciudadan\u00eda que ha sido un reto a nivel nacional y mundial, reconociendo la gran inversi\u00f3n que se ha hecho en Cuernavaca en materia de seguridad, y la renovaci\u00f3n del estado de fuerza a trav\u00e9s de la convocatoria para la integraci\u00f3n a las filas de nuevos polic\u00edas.<\/p>\n\n\t\t<style type=\"text\/css\">\n\t\t\t#gallery-1 {\n\t\t\t\tmargin: auto;\n\t\t\t}\n\t\t\t#gallery-1 .gallery-item {\n\t\t\t\tfloat: left;\n\t\t\t\tmargin-top: 10px;\n\t\t\t\ttext-align: center;\n\t\t\t\twidth: 33%;\n\t\t\t}\n\t\t\t#gallery-1 img {\n\t\t\t\tborder: 2px solid #cfcfcf;\n\t\t\t}\n\t\t\t#gallery-1 .gallery-caption {\n\t\t\t\tmargin-left: 0;\n\t\t\t}\n\t\t\t\/* see gallery_shortcode() in wp-includes\/media.php *\/\n\t\t<\/style>\n\t\t<div id='gallery-1' class='gallery galleryid-46705 gallery-columns-3 gallery-size-thumbnail'><dl class='gallery-item'>\n\t\t\t<dt class='gallery-icon landscape'>\n\t\t\t\t<a href='https:\/\/cuernavaca.gob.mx\/?attachment_id=46706'><img width=\"150\" height=\"150\" src=\"https:\/\/cuernavaca.gob.mx\/wp-content\/uploads\/2024\/12\/PROMUEVE-AYUNTAMIENTO-DE-CUERNAVACA-LA-PARTICIPACIO\u0301N-ACTIVA-DE-LA-SOCIEDAD-CIVIL-EN-LA-ESTRATEGIA-DE-PREVENCIO\u0301N-DE-LA-VIOLENCIA-1-150x150.jpg\" class=\"attachment-thumbnail size-thumbnail\" alt=\"\" loading=\"lazy\" \/><\/a>\n\t\t\t<\/dt><\/dl><dl class='gallery-item'>\n\t\t\t<dt class='gallery-icon landscape'>\n\t\t\t\t<a href='https:\/\/cuernavaca.gob.mx\/?attachment_id=46707'><img width=\"150\" height=\"150\" src=\"https:\/\/cuernavaca.gob.mx\/wp-content\/uploads\/2024\/12\/PROMUEVE-AYUNTAMIENTO-DE-CUERNAVACA-LA-PARTICIPACIO\u0301N-ACTIVA-DE-LA-SOCIEDAD-CIVIL-EN-LA-ESTRATEGIA-DE-PREVENCIO\u0301N-DE-LA-VIOLENCIA-2-150x150.jpg\" class=\"attachment-thumbnail size-thumbnail\" alt=\"\" loading=\"lazy\" \/><\/a>\n\t\t\t<\/dt><\/dl><dl class='gallery-item'>\n\t\t\t<dt class='gallery-icon landscape'>\n\t\t\t\t<a href='https:\/\/cuernavaca.gob.mx\/?attachment_id=46708'><img width=\"150\" height=\"150\" src=\"https:\/\/cuernavaca.gob.mx\/wp-content\/uploads\/2024\/12\/PROMUEVE-AYUNTAMIENTO-DE-CUERNAVACA-LA-PARTICIPACIO\u0301N-ACTIVA-DE-LA-SOCIEDAD-CIVIL-EN-LA-ESTRATEGIA-DE-PREVENCIO\u0301N-DE-LA-VIOLENCIA-3-150x150.jpg\" class=\"attachment-thumbnail size-thumbnail\" alt=\"\" loading=\"lazy\" \/><\/a>\n\t\t\t<\/dt><\/dl><br style=\"clear: both\" \/><dl class='gallery-item'>\n\t\t\t<dt class='gallery-icon landscape'>\n\t\t\t\t<a href='https:\/\/cuernavaca.gob.mx\/?attachment_id=46709'><img width=\"150\" height=\"150\" src=\"https:\/\/cuernavaca.gob.mx\/wp-content\/uploads\/2024\/12\/PROMUEVE-AYUNTAMIENTO-DE-CUERNAVACA-LA-PARTICIPACIO\u0301N-ACTIVA-DE-LA-SOCIEDAD-CIVIL-EN-LA-ESTRATEGIA-DE-PREVENCIO\u0301N-DE-LA-VIOLENCIA-4-150x150.jpg\" class=\"attachment-thumbnail size-thumbnail\" alt=\"\" loading=\"lazy\" \/><\/a>\n\t\t\t<\/dt><\/dl><dl class='gallery-item'>\n\t\t\t<dt class='gallery-icon landscape'>\n\t\t\t\t<a href='https:\/\/cuernavaca.gob.mx\/?attachment_id=46710'><img width=\"150\" height=\"150\" src=\"https:\/\/cuernavaca.gob.mx\/wp-content\/uploads\/2024\/12\/PROMUEVE-AYUNTAMIENTO-DE-CUERNAVACA-LA-PARTICIPACIO\u0301N-ACTIVA-DE-LA-SOCIEDAD-CIVIL-EN-LA-ESTRATEGIA-DE-PREVENCIO\u0301N-DE-LA-VIOLENCIA-5-150x150.jpg\" class=\"attachment-thumbnail size-thumbnail\" alt=\"\" loading=\"lazy\" \/><\/a>\n\t\t\t<\/dt><\/dl>\n\t\t\t<br style='clear: both' \/>\n\t\t<\/div>\n\n","protected":false},"excerpt":{"rendered":"<p>\u2022 En la \u00faltima sesi\u00f3n del Subcomit\u00e9 Sectorial \u201cCuernavaca con Seguridad\u201d se presentaron las acciones efectuadas para mejorar la percepci\u00f3n de seguridad en la ciudad El Ayuntamiento de Cuernavaca, a trav\u00e9s de la Secretar\u00eda de Protecci\u00f3n y Auxilio Ciudadano (SEPRAC) y el Secretariado Ejecutivo del Consejo Municipal de Seguridad P\u00fablica, ha cumplido al cien por [&hellip;]<\/p>\n","protected":false},"author":1,"featured_media":46708,"comment_status":"closed","ping_status":"open","sticky":false,"template":"","format":"standard","meta":[],"categories":[17],"tags":[121,120,206,2285,3235,127,414,3939,125],"aioseo_notices":[],"_links":{"self":[{"href":"https:\/\/cuernavaca.gob.mx\/index.php?rest_route=\/wp\/v2\/posts\/46705"}],"collection":[{"href":"https:\/\/cuernavaca.gob.mx\/index.php?rest_route=\/wp\/v2\/posts"}],"about":[{"href":"https:\/\/cuernavaca.gob.mx\/index.php?rest_route=\/wp\/v2\/types\/post"}],"author":[{"embeddable":true,"href":"https:\/\/cuernavaca.gob.mx\/index.php?rest_route=\/wp\/v2\/users\/1"}],"replies":[{"embeddable":true,"href":"https:\/\/cuernavaca.gob.mx\/index.php?rest_route=%2Fwp%2Fv2%2Fcomments&post=46705"}],"version-history":[{"count":1,"href":"https:\/\/cuernavaca.gob.mx\/index.php?rest_route=\/wp\/v2\/posts\/46705\/revisions"}],"predecessor-version":[{"id":46711,"href":"https:\/\/cuernavaca.gob.mx\/index.php?rest_route=\/wp\/v2\/posts\/46705\/revisions\/46711"}],"wp:featuredmedia":[{"embeddable":true,"href":"https:\/\/cuernavaca.gob.mx\/index.php?rest_route=\/wp\/v2\/media\/46708"}],"wp:attachment":[{"href":"https:\/\/cuernavaca.gob.mx\/index.php?rest_route=%2Fwp%2Fv2%2Fmedia&parent=46705"}],"wp:term":[{"taxonomy":"category","embeddable":true,"href":"https:\/\/cuernavaca.gob.mx\/index.php?rest_route=%2Fwp%2Fv2%2Fcategories&post=46705"},{"taxonomy":"post_tag","embeddable":true,"href":"https:\/\/cuernavaca.gob.mx\/index.php?rest_route=%2Fwp%2Fv2%2Ftags&post=46705"}],"curies":[{"name":"wp","href":"https:\/\/api.w.org\/{rel}","templated":true}]}}