{"id":46769,"date":"2024-12-11T16:00:53","date_gmt":"2024-12-11T22:00:53","guid":{"rendered":"https:\/\/cuernavaca.gob.mx\/?p=46769"},"modified":"2024-12-11T16:55:58","modified_gmt":"2024-12-11T22:55:58","slug":"f989-11-12-24-jose-luis-uriostegui-celebra-resolutivo-de-la-sala-superior-del-tribunal-electoral-que-da-certeza-a-la-continuidad-en-la-proxima-administracion","status":"publish","type":"post","link":"https:\/\/cuernavaca.gob.mx\/?p=46769","title":{"rendered":"F989 11\/12\/24 JOS\u00c9 LUIS URI\u00d3STEGUI CELEBRA RESOLUTIVO DE LA SALA SUPERIOR DEL TRIBUNAL ELECTORAL QUE DA CERTEZA A LA CONTINUIDAD EN LA PR\u00d3XIMA ADMINISTRACI\u00d3N"},"content":{"rendered":"<p>El presidente municipal de Cuernavaca, Jos\u00e9 Luis Uri\u00f3stegui Salgado, celebr\u00f3 la resoluci\u00f3n de la Sala Superior del Tribunal Electoral del Poder Judicial de la Federaci\u00f3n (TEPJF), que este mi\u00e9rcoles ratific\u00f3 su triunfo en las urnas el pasado 02 de junio, asegurando que esto da certeza a la continuidad en la pr\u00f3xima administraci\u00f3n, \u201cestamos listos para lo que viene y tambi\u00e9n prepar\u00e1ndonos para que la pr\u00f3xima administraci\u00f3n tenga mejores resultados que los que se han obtenido hasta ahora\u201d.<\/p>\n<p>En entrevista, se\u00f1al\u00f3 que, con una votaci\u00f3n un\u00e1nime, los cinco magistrados confirmaron en sesi\u00f3n del pleno, la sentencia dictada por la Sala Regional de la Ciudad de M\u00e9xico que ratifica los resultados a su favor del pasado proceso electoral, quedando evidente que no hab\u00eda elementos jur\u00eddicos para modificar la voluntad popular plasmada en la elecci\u00f3n.<\/p>\n<p>En este sentido, Jos\u00e9 Luis Uri\u00f3stegui puntualiz\u00f3 que ya se trabaja con el Cabildo electo, con quienes ha sostenido diversos acercamientos para entregarles la informaci\u00f3n correspondiente de cada una de las \u00e1reas del Ayuntamiento, a fin de que conozcan de c\u00f3mo han avanzado y plasmar acciones conjuntas para seguir mejorando la administraci\u00f3n p\u00fablica en temas fundamentales como el mejoramiento del Sistema de Agua Potable y Alcantarillado de Cuernavaca (SAPAC), la seguridad p\u00fablica, obras p\u00fablicas, rehabilitar m\u00e1s espacios verdes y consolidar la cohesi\u00f3n social que ayude a la prevenci\u00f3n de muchas conductas.<\/p>\n<p>Cabe destacar que Jos\u00e9 Luis Uri\u00f3stegui hace historia en la capital morelense, al ser el primero en lograr la reelecci\u00f3n del cargo que asumir\u00e1 el pr\u00f3ximo 01 de enero del 2025,; el citado ordenamiento establece que la duraci\u00f3n de su encargo ser\u00e1 de tres a\u00f1os, es decir, hasta el 31 de diciembre del 2027.<\/p>\n\n\t\t<style type=\"text\/css\">\n\t\t\t#gallery-1 {\n\t\t\t\tmargin: auto;\n\t\t\t}\n\t\t\t#gallery-1 .gallery-item {\n\t\t\t\tfloat: left;\n\t\t\t\tmargin-top: 10px;\n\t\t\t\ttext-align: center;\n\t\t\t\twidth: 33%;\n\t\t\t}\n\t\t\t#gallery-1 img {\n\t\t\t\tborder: 2px solid #cfcfcf;\n\t\t\t}\n\t\t\t#gallery-1 .gallery-caption {\n\t\t\t\tmargin-left: 0;\n\t\t\t}\n\t\t\t\/* see gallery_shortcode() in wp-includes\/media.php *\/\n\t\t<\/style>\n\t\t<div id='gallery-1' class='gallery galleryid-46769 gallery-columns-3 gallery-size-thumbnail'><dl class='gallery-item'>\n\t\t\t<dt class='gallery-icon landscape'>\n\t\t\t\t<a href='https:\/\/cuernavaca.gob.mx\/?attachment_id=46770'><img width=\"150\" height=\"150\" src=\"https:\/\/cuernavaca.gob.mx\/wp-content\/uploads\/2024\/12\/JOSE\u0301-LUIS-URIO\u0301STEGUI-CELEBRA-RESOLUTIVO-DE-LA-SALA-SUPERIOR-DEL-TRIBUNAL-ELECTORAL-QUE-DA-CERTEZA-A-LA-CONTINUIDAD-EN-LA-PRO\u0301XIMA-ADMINISTRACIO\u0301N-150x150.jpg\" class=\"attachment-thumbnail size-thumbnail\" alt=\"\" loading=\"lazy\" \/><\/a>\n\t\t\t<\/dt><\/dl>\n\t\t\t<br style='clear: both' \/>\n\t\t<\/div>\n\n","protected":false},"excerpt":{"rendered":"<p>El presidente municipal de Cuernavaca, Jos\u00e9 Luis Uri\u00f3stegui Salgado, celebr\u00f3 la resoluci\u00f3n de la Sala Superior del Tribunal Electoral del Poder Judicial de la Federaci\u00f3n (TEPJF), que este mi\u00e9rcoles ratific\u00f3 su triunfo en las urnas el pasado 02 de junio, asegurando que esto da certeza a la continuidad en la pr\u00f3xima administraci\u00f3n, \u201cestamos listos para [&hellip;]<\/p>\n","protected":false},"author":1,"featured_media":46770,"comment_status":"closed","ping_status":"open","sticky":false,"template":"","format":"standard","meta":[],"categories":[20],"tags":[121,120,206,127,2327],"aioseo_notices":[],"_links":{"self":[{"href":"https:\/\/cuernavaca.gob.mx\/index.php?rest_route=\/wp\/v2\/posts\/46769"}],"collection":[{"href":"https:\/\/cuernavaca.gob.mx\/index.php?rest_route=\/wp\/v2\/posts"}],"about":[{"href":"https:\/\/cuernavaca.gob.mx\/index.php?rest_route=\/wp\/v2\/types\/post"}],"author":[{"embeddable":true,"href":"https:\/\/cuernavaca.gob.mx\/index.php?rest_route=\/wp\/v2\/users\/1"}],"replies":[{"embeddable":true,"href":"https:\/\/cuernavaca.gob.mx\/index.php?rest_route=%2Fwp%2Fv2%2Fcomments&post=46769"}],"version-history":[{"count":1,"href":"https:\/\/cuernavaca.gob.mx\/index.php?rest_route=\/wp\/v2\/posts\/46769\/revisions"}],"predecessor-version":[{"id":46771,"href":"https:\/\/cuernavaca.gob.mx\/index.php?rest_route=\/wp\/v2\/posts\/46769\/revisions\/46771"}],"wp:featuredmedia":[{"embeddable":true,"href":"https:\/\/cuernavaca.gob.mx\/index.php?rest_route=\/wp\/v2\/media\/46770"}],"wp:attachment":[{"href":"https:\/\/cuernavaca.gob.mx\/index.php?rest_route=%2Fwp%2Fv2%2Fmedia&parent=46769"}],"wp:term":[{"taxonomy":"category","embeddable":true,"href":"https:\/\/cuernavaca.gob.mx\/index.php?rest_route=%2Fwp%2Fv2%2Fcategories&post=46769"},{"taxonomy":"post_tag","embeddable":true,"href":"https:\/\/cuernavaca.gob.mx\/index.php?rest_route=%2Fwp%2Fv2%2Ftags&post=46769"}],"curies":[{"name":"wp","href":"https:\/\/api.w.org\/{rel}","templated":true}]}}