{"id":46882,"date":"2024-12-15T12:00:33","date_gmt":"2024-12-15T18:00:33","guid":{"rendered":"https:\/\/cuernavaca.gob.mx\/?p=46882"},"modified":"2024-12-15T23:24:34","modified_gmt":"2024-12-16T05:24:34","slug":"b2119-15-12-24-jose-luis-uriostegui-cierra-filas-con-alcaldes-electos-de-temixco-y-jiutepec-a-favor-de-la-seguridad","status":"publish","type":"post","link":"https:\/\/cuernavaca.gob.mx\/?p=46882","title":{"rendered":"B2119 15\/12\/24 JOS\u00c9 LUIS URI\u00d3STEGUI CIERRA FILAS CON ALCALDES ELECTOS DE TEMIXCO Y JIUTEPEC A FAVOR DE LA SEGURIDAD"},"content":{"rendered":"<p><strong>\u00b0 El presidente municipal de Cuernavaca recorri\u00f3 con los alcaldes electos Israel Pi\u00f1a y Eder Rodr\u00edguez las instalaciones de la Central de Emergencia C4 de SEPRAC<\/strong><\/p>\n<p>El presidente municipal de Cuernavaca, Jos\u00e9 Luis Uri\u00f3stegui Salgado, recibi\u00f3 a los alcaldes electos de Temixco, Israel Pi\u00f1a Labra y de Jiutepec, Eder Rodr\u00edguez Casillas, en las instalaciones de la Secretar\u00eda de Protecci\u00f3n y Auxilio Ciudadano (SEPRAC) para conocer de primera mano la transformaci\u00f3n del Centro de Comando, Control, Comunicaci\u00f3n y C\u00f3mputo (C4) que con equipamiento de primer nivel y personal capacitado se ha convertido en un referente a nivel estatal en materia de prevenci\u00f3n y combate al delito.<\/p>\n<p>Acompa\u00f1ado de Alicia V\u00e1zquez Luna, titular de SEPRAC, Jos\u00e9 Luis Uri\u00f3stegui mostr\u00f3 las instalaciones de este espacio, que de no tener una sola c\u00e1mara pas\u00f3 a tener en funcionamiento m\u00e1s de mil 200 c\u00e1maras de videovigilancia, de las cuales 980 se instalaron en domicilios particulares y 230 en postes p\u00fablicos, que permiten mejorar la seguridad p\u00fablica y la recuperaci\u00f3n de elementos de prueba para fortalecer la investigaci\u00f3n del delito.<\/p>\n<p>Como parte de la explicaci\u00f3n, los alcaldes electos conocieron tambi\u00e9n el funcionamiento y despliegue de los drones para la vigilancia, prevenci\u00f3n y rescate en los diferentes pol\u00edgonos de la ciudad que se suman desde el aire a la estrategia que en tierra se implementa por parte de la SEPRAC, dando resultados favorables en materia de seguridad.<\/p>\n<p>Se destac\u00f3 que todo el personal del C4 que ha cumplido con la certificaci\u00f3n correspondiente, avalada por el Sistema Nacional, se\u00f1alando que la participaci\u00f3n ciudadana ha sido pieza clave para mejorar el paradigma de seguridad en Cuernavaca, permiti\u00e9ndoles no solo instalar c\u00e1maras de videovigilancia al exterior de viviendas particulares y negocios, sino tambi\u00e9n porque se han apropiado del n\u00famero de la Central de Emergencias de Cuernavaca, el 777 312 1274, que ha mantenido un mayor nivel de eficacia en la respuesta a las llamadas de emergencia que son atendidas por \u00e1reas como la Direcci\u00f3n de Bomberos, Rescate y Urgencias M\u00e9dicas; de Protecci\u00f3n Civil, de la Polic\u00eda Preventiva y de Prevenci\u00f3n de la Violencia hasta personal de la 24\/a. Zona Militar y de la Guardia Nacional, con quienes el Ayuntamiento de Cuernavaca tiene una coordinaci\u00f3n permanente.<\/p>\n<p>Jos\u00e9 Luis Uri\u00f3stegui manifest\u00f3 el apoyo y respaldo de su administraci\u00f3n para sumar esfuerzos con los alcaldes electos de Temixco y Jiutepec, particularmente al ser municipios colindantes con la capital morelense, para integrar estrategias conjuntas en materia de prevenci\u00f3n delictiva, al reconocer que el trabajo coordinado es primordial para obtener mejores resultados que beneficien a la poblaci\u00f3n.<\/p>\n\n\t\t<style type=\"text\/css\">\n\t\t\t#gallery-1 {\n\t\t\t\tmargin: auto;\n\t\t\t}\n\t\t\t#gallery-1 .gallery-item {\n\t\t\t\tfloat: left;\n\t\t\t\tmargin-top: 10px;\n\t\t\t\ttext-align: center;\n\t\t\t\twidth: 33%;\n\t\t\t}\n\t\t\t#gallery-1 img {\n\t\t\t\tborder: 2px solid #cfcfcf;\n\t\t\t}\n\t\t\t#gallery-1 .gallery-caption {\n\t\t\t\tmargin-left: 0;\n\t\t\t}\n\t\t\t\/* see gallery_shortcode() in wp-includes\/media.php *\/\n\t\t<\/style>\n\t\t<div id='gallery-1' class='gallery galleryid-46882 gallery-columns-3 gallery-size-thumbnail'><dl class='gallery-item'>\n\t\t\t<dt class='gallery-icon landscape'>\n\t\t\t\t<a href='https:\/\/cuernavaca.gob.mx\/?attachment_id=46883'><img width=\"150\" height=\"150\" src=\"https:\/\/cuernavaca.gob.mx\/wp-content\/uploads\/2024\/12\/JOSE-LUIS-URIOSTEGUI-CIERRA-FILAS-CON-ALCALDES-ELECTOS-DE-TEMIXCO-Y-JIUTEPEC-A-FAVOR-DE-LA-SEGURIDAD-2-150x150.jpeg\" class=\"attachment-thumbnail size-thumbnail\" alt=\"\" loading=\"lazy\" \/><\/a>\n\t\t\t<\/dt><\/dl><dl class='gallery-item'>\n\t\t\t<dt class='gallery-icon landscape'>\n\t\t\t\t<a href='https:\/\/cuernavaca.gob.mx\/?attachment_id=46884'><img width=\"150\" height=\"150\" src=\"https:\/\/cuernavaca.gob.mx\/wp-content\/uploads\/2024\/12\/JOSE-LUIS-URIOSTEGUI-CIERRA-FILAS-CON-ALCALDES-ELECTOS-DE-TEMIXCO-Y-JIUTEPEC-A-FAVOR-DE-LA-SEGURIDAD-3-150x150.jpeg\" class=\"attachment-thumbnail size-thumbnail\" alt=\"\" loading=\"lazy\" \/><\/a>\n\t\t\t<\/dt><\/dl><dl class='gallery-item'>\n\t\t\t<dt class='gallery-icon landscape'>\n\t\t\t\t<a href='https:\/\/cuernavaca.gob.mx\/?attachment_id=46885'><img width=\"150\" height=\"150\" src=\"https:\/\/cuernavaca.gob.mx\/wp-content\/uploads\/2024\/12\/JOSE-LUIS-URIOSTEGUI-CIERRA-FILAS-CON-ALCALDES-ELECTOS-DE-TEMIXCO-Y-JIUTEPEC-A-FAVOR-DE-LA-SEGURIDAD-4-150x150.jpeg\" class=\"attachment-thumbnail size-thumbnail\" alt=\"\" loading=\"lazy\" \/><\/a>\n\t\t\t<\/dt><\/dl><br style=\"clear: both\" \/><dl class='gallery-item'>\n\t\t\t<dt class='gallery-icon landscape'>\n\t\t\t\t<a href='https:\/\/cuernavaca.gob.mx\/?attachment_id=46886'><img width=\"150\" height=\"150\" src=\"https:\/\/cuernavaca.gob.mx\/wp-content\/uploads\/2024\/12\/JOSE-LUIS-URIOSTEGUI-CIERRA-FILAS-CON-ALCALDES-ELECTOS-DE-TEMIXCO-Y-JIUTEPEC-A-FAVOR-DE-LA-SEGURIDAD-5-150x150.jpeg\" class=\"attachment-thumbnail size-thumbnail\" alt=\"\" loading=\"lazy\" \/><\/a>\n\t\t\t<\/dt><\/dl><dl class='gallery-item'>\n\t\t\t<dt class='gallery-icon landscape'>\n\t\t\t\t<a href='https:\/\/cuernavaca.gob.mx\/?attachment_id=46887'><img width=\"150\" height=\"150\" src=\"https:\/\/cuernavaca.gob.mx\/wp-content\/uploads\/2024\/12\/JOSE-LUIS-URIOSTEGUI-CIERRA-FILAS-CON-ALCALDES-ELECTOS-DE-TEMIXCO-Y-JIUTEPEC-A-FAVOR-DE-LA-SEGURIDAD-6-150x150.jpeg\" class=\"attachment-thumbnail size-thumbnail\" alt=\"\" loading=\"lazy\" \/><\/a>\n\t\t\t<\/dt><\/dl><dl class='gallery-item'>\n\t\t\t<dt class='gallery-icon landscape'>\n\t\t\t\t<a href='https:\/\/cuernavaca.gob.mx\/?attachment_id=46888'><img width=\"150\" height=\"150\" src=\"https:\/\/cuernavaca.gob.mx\/wp-content\/uploads\/2024\/12\/JOSE-LUIS-URIOSTEGUI-CIERRA-FILAS-CON-ALCALDES-ELECTOS-DE-TEMIXCO-Y-JIUTEPEC-A-FAVOR-DE-LA-SEGURIDAD-7-150x150.jpeg\" class=\"attachment-thumbnail size-thumbnail\" alt=\"\" loading=\"lazy\" \/><\/a>\n\t\t\t<\/dt><\/dl><br style=\"clear: both\" \/><dl class='gallery-item'>\n\t\t\t<dt class='gallery-icon landscape'>\n\t\t\t\t<a href='https:\/\/cuernavaca.gob.mx\/?attachment_id=46889'><img width=\"150\" height=\"150\" src=\"https:\/\/cuernavaca.gob.mx\/wp-content\/uploads\/2024\/12\/JOSE-LUIS-URIOSTEGUI-CIERRA-FILAS-CON-ALCALDES-ELECTOS-DE-TEMIXCO-Y-JIUTEPEC-A-FAVOR-DE-LA-SEGURIDAD1-150x150.jpeg\" class=\"attachment-thumbnail size-thumbnail\" alt=\"\" loading=\"lazy\" \/><\/a>\n\t\t\t<\/dt><\/dl>\n\t\t\t<br style='clear: both' \/>\n\t\t<\/div>\n\n","protected":false},"excerpt":{"rendered":"<p>\u00b0 El presidente municipal de Cuernavaca recorri\u00f3 con los alcaldes electos Israel Pi\u00f1a y Eder Rodr\u00edguez las instalaciones de la Central de Emergencia C4 de SEPRAC El presidente municipal de Cuernavaca, Jos\u00e9 Luis Uri\u00f3stegui Salgado, recibi\u00f3 a los alcaldes electos de Temixco, Israel Pi\u00f1a Labra y de Jiutepec, Eder Rodr\u00edguez Casillas, en las instalaciones de [&hellip;]<\/p>\n","protected":false},"author":1,"featured_media":46888,"comment_status":"closed","ping_status":"open","sticky":false,"template":"","format":"standard","meta":[],"categories":[17],"tags":[3000,2582,121,3944,754,120,206,141,3235,127,125,3312,2396],"aioseo_notices":[],"_links":{"self":[{"href":"https:\/\/cuernavaca.gob.mx\/index.php?rest_route=\/wp\/v2\/posts\/46882"}],"collection":[{"href":"https:\/\/cuernavaca.gob.mx\/index.php?rest_route=\/wp\/v2\/posts"}],"about":[{"href":"https:\/\/cuernavaca.gob.mx\/index.php?rest_route=\/wp\/v2\/types\/post"}],"author":[{"embeddable":true,"href":"https:\/\/cuernavaca.gob.mx\/index.php?rest_route=\/wp\/v2\/users\/1"}],"replies":[{"embeddable":true,"href":"https:\/\/cuernavaca.gob.mx\/index.php?rest_route=%2Fwp%2Fv2%2Fcomments&post=46882"}],"version-history":[{"count":1,"href":"https:\/\/cuernavaca.gob.mx\/index.php?rest_route=\/wp\/v2\/posts\/46882\/revisions"}],"predecessor-version":[{"id":46890,"href":"https:\/\/cuernavaca.gob.mx\/index.php?rest_route=\/wp\/v2\/posts\/46882\/revisions\/46890"}],"wp:featuredmedia":[{"embeddable":true,"href":"https:\/\/cuernavaca.gob.mx\/index.php?rest_route=\/wp\/v2\/media\/46888"}],"wp:attachment":[{"href":"https:\/\/cuernavaca.gob.mx\/index.php?rest_route=%2Fwp%2Fv2%2Fmedia&parent=46882"}],"wp:term":[{"taxonomy":"category","embeddable":true,"href":"https:\/\/cuernavaca.gob.mx\/index.php?rest_route=%2Fwp%2Fv2%2Fcategories&post=46882"},{"taxonomy":"post_tag","embeddable":true,"href":"https:\/\/cuernavaca.gob.mx\/index.php?rest_route=%2Fwp%2Fv2%2Ftags&post=46882"}],"curies":[{"name":"wp","href":"https:\/\/api.w.org\/{rel}","templated":true}]}}