{"id":46891,"date":"2024-12-15T13:00:34","date_gmt":"2024-12-15T19:00:34","guid":{"rendered":"https:\/\/cuernavaca.gob.mx\/?p=46891"},"modified":"2024-12-15T23:41:35","modified_gmt":"2024-12-16T05:41:35","slug":"b2120-15-12-24-realza-ayuntamiento-de-cuernavaca-el-desempeno-del-consejo-de-cronistas","status":"publish","type":"post","link":"https:\/\/cuernavaca.gob.mx\/?p=46891","title":{"rendered":"B2120 15\/12\/24 REALZA AYUNTAMIENTO DE CUERNAVACA EL DESEMPE\u00d1O DEL CONSEJO DE CRONISTAS"},"content":{"rendered":"<p><strong>\u00b0 En tres a\u00f1os el Consejo ha logrado su visibilizaci\u00f3n y genere inter\u00e9s de nuevas generaciones<\/strong><\/p>\n<p>Para dar continuidad a las acciones de preservaci\u00f3n de la memoria hist\u00f3rica y cultural de Cuernavaca, el Consejo de Cronistas del Ayuntamiento de Cuernavaca eligi\u00f3 a Mar\u00eda Eugenia Rojas Garc\u00eda y a Luis Fernando Lezama Pimentel como nueva coordinadora y vicecoordinador para tomar las riendas a partir del 2024 de este cuerpo colegiado, que en tres a\u00f1os de administraci\u00f3n ha fortalecido este oficio, acerc\u00e1ndola a la ciudadan\u00eda y a las nuevas generaciones.<\/p>\n<p>Tras su reactivaci\u00f3n en el a\u00f1o 2022, el consejo que esta encabezado por el presidente municipal de Cuernavaca, Jos\u00e9 Luis Uri\u00f3stegui Salgado, ha contado con dos coordinadores y subcoordinadores, Jos\u00e9 Teodoro Lav\u00edn Le\u00f3n y Valent\u00edn L\u00f3pez Gonz\u00e1lez Aranda, as\u00ed como Mar\u00eda de Lourdes Bejarano Almada y Carlos Sedano Reynoso, quienes han trabajado de manera coordinada con la administraci\u00f3n municipal para cumplir con la labor de promover y difundir la memoria hist\u00f3rica, cultural, biocultural y paisajes del municipio.<\/p>\n<p>En el marco de la \u00faltima sesi\u00f3n ordinaria, la Dra. Mar\u00eda de Lourdes Bejarano Almada, rindi\u00f3 un informe de labores como coordinadora, en el que destac\u00f3 los cuatro ejes rectores del programa de trabajo correspondiente al periodo de enero a diciembre del 2024: presencia, proyectos, difusi\u00f3n y eventos, en el caso del primer punto tuvo como objeto posicionar la presencia de los cronistas en la comunidad con el fin de dar a conocer a los miembros del consejo y su estrecha relaci\u00f3n con el Ayuntamiento.<\/p>\n<p>Mencion\u00f3 que bajo este tenor y a iniciativa del alcalde, Jos\u00e9 Luis Uri\u00f3stegui se realiz\u00f3 el libro &#8220;Primavera Eterna. De historia y cr\u00f3nica de Cuernavaca&#8221;, con el apoyo y participaci\u00f3n del Centro INAH Morelos y de la Universidad Aut\u00f3noma del Estado de Morelos (UAEM), el cual tiene como prop\u00f3sito acercar a la ciudadan\u00eda y visitantes la belleza hist\u00f3rica de la capital morelense.<\/p>\n<p>Otro hecho destacable, fue la aprobaci\u00f3n por el Cabildo de Cuernavaca del D\u00eda del Cronista de Cuernavaca que se celebrar\u00e1 por primera ocasi\u00f3n el 16 de diciembre en el marco del d\u00eda del natalicio de Valent\u00edn L\u00f3pez Gonz\u00e1lez, uno de los cronistas m\u00e1s importantes de la capital morelense, con el principal inter\u00e9s de resaltar a los cronistas en la ciudad y dar a conocer su importante labor.<\/p>\n<p>El D\u00eda del Cronista se conmemorar\u00e1 con varios eventos especiales iniciando este lunes 16 de diciembre en punto de las 10:00 horas en el Museo de la Ciudad de Cuernavaca (Mucic) con la presentaci\u00f3n del libro \u201cPrimavera eterna. De historias y cr\u00f3nica de Cuernavaca\u201d.<\/p>\n<p>En este ejercicio de rendici\u00f3n de cuentas, Bejarano Almada, se\u00f1al\u00f3 inform\u00f3 d el Diplomado en Formaci\u00f3n a Cronistas, iniciativa encabezada por el Ayuntamiento de Cuernavaca a trav\u00e9s del Consejo de Cronistas en coordinaci\u00f3n con la Universidad Internacional, el Consejo Ciudadano de Cronistas A.C. y el Centro INAH Morelos, para incentivar la formaci\u00f3n de nuevos oficiantes competentes en la narraci\u00f3n y preservaci\u00f3n de la historia y cultura local, regional y nacional por medio de la cr\u00f3nica.<\/p>\n\n\t\t<style type=\"text\/css\">\n\t\t\t#gallery-1 {\n\t\t\t\tmargin: auto;\n\t\t\t}\n\t\t\t#gallery-1 .gallery-item {\n\t\t\t\tfloat: left;\n\t\t\t\tmargin-top: 10px;\n\t\t\t\ttext-align: center;\n\t\t\t\twidth: 33%;\n\t\t\t}\n\t\t\t#gallery-1 img {\n\t\t\t\tborder: 2px solid #cfcfcf;\n\t\t\t}\n\t\t\t#gallery-1 .gallery-caption {\n\t\t\t\tmargin-left: 0;\n\t\t\t}\n\t\t\t\/* see gallery_shortcode() in wp-includes\/media.php *\/\n\t\t<\/style>\n\t\t<div id='gallery-1' class='gallery galleryid-46891 gallery-columns-3 gallery-size-thumbnail'><dl class='gallery-item'>\n\t\t\t<dt class='gallery-icon landscape'>\n\t\t\t\t<a href='https:\/\/cuernavaca.gob.mx\/?attachment_id=46892'><img width=\"150\" height=\"150\" src=\"https:\/\/cuernavaca.gob.mx\/wp-content\/uploads\/2024\/12\/REALZA-AYUNTAMIENTO-DE-CUERNAVACA-EL-DESEMPENO-DEL-CONSEJO-DE-CRONISTAS-1-150x150.jpeg\" class=\"attachment-thumbnail size-thumbnail\" alt=\"\" loading=\"lazy\" \/><\/a>\n\t\t\t<\/dt><\/dl><dl class='gallery-item'>\n\t\t\t<dt class='gallery-icon landscape'>\n\t\t\t\t<a href='https:\/\/cuernavaca.gob.mx\/?attachment_id=46893'><img width=\"150\" height=\"150\" src=\"https:\/\/cuernavaca.gob.mx\/wp-content\/uploads\/2024\/12\/REALZA-AYUNTAMIENTO-DE-CUERNAVACA-EL-DESEMPENO-DEL-CONSEJO-DE-CRONISTAS-2-150x150.jpeg\" class=\"attachment-thumbnail size-thumbnail\" alt=\"\" loading=\"lazy\" \/><\/a>\n\t\t\t<\/dt><\/dl><dl class='gallery-item'>\n\t\t\t<dt class='gallery-icon landscape'>\n\t\t\t\t<a href='https:\/\/cuernavaca.gob.mx\/?attachment_id=46894'><img width=\"150\" height=\"150\" src=\"https:\/\/cuernavaca.gob.mx\/wp-content\/uploads\/2024\/12\/REALZA-AYUNTAMIENTO-DE-CUERNAVACA-EL-DESEMPENO-DEL-CONSEJO-DE-CRONISTAS-3-150x150.jpeg\" class=\"attachment-thumbnail size-thumbnail\" alt=\"\" loading=\"lazy\" \/><\/a>\n\t\t\t<\/dt><\/dl><br style=\"clear: both\" \/><dl class='gallery-item'>\n\t\t\t<dt class='gallery-icon landscape'>\n\t\t\t\t<a href='https:\/\/cuernavaca.gob.mx\/?attachment_id=46895'><img width=\"150\" height=\"150\" src=\"https:\/\/cuernavaca.gob.mx\/wp-content\/uploads\/2024\/12\/REALZA-AYUNTAMIENTO-DE-CUERNAVACA-EL-DESEMPENO-DEL-CONSEJO-DE-CRONISTAS-4-150x150.jpeg\" class=\"attachment-thumbnail size-thumbnail\" alt=\"\" loading=\"lazy\" \/><\/a>\n\t\t\t<\/dt><\/dl><dl class='gallery-item'>\n\t\t\t<dt class='gallery-icon landscape'>\n\t\t\t\t<a href='https:\/\/cuernavaca.gob.mx\/?attachment_id=46896'><img width=\"150\" height=\"150\" src=\"https:\/\/cuernavaca.gob.mx\/wp-content\/uploads\/2024\/12\/REALZA-AYUNTAMIENTO-DE-CUERNAVACA-EL-DESEMPENO-DEL-CONSEJO-DE-CRONISTAS-5-150x150.jpeg\" class=\"attachment-thumbnail size-thumbnail\" alt=\"\" loading=\"lazy\" \/><\/a>\n\t\t\t<\/dt><\/dl><dl class='gallery-item'>\n\t\t\t<dt class='gallery-icon landscape'>\n\t\t\t\t<a href='https:\/\/cuernavaca.gob.mx\/?attachment_id=46897'><img width=\"150\" height=\"150\" src=\"https:\/\/cuernavaca.gob.mx\/wp-content\/uploads\/2024\/12\/REALZA-AYUNTAMIENTO-DE-CUERNAVACA-EL-DESEMPENO-DEL-CONSEJO-DE-CRONISTAS-7-150x150.jpeg\" class=\"attachment-thumbnail size-thumbnail\" alt=\"\" loading=\"lazy\" \/><\/a>\n\t\t\t<\/dt><\/dl><br style=\"clear: both\" \/><dl class='gallery-item'>\n\t\t\t<dt class='gallery-icon landscape'>\n\t\t\t\t<a href='https:\/\/cuernavaca.gob.mx\/?attachment_id=46898'><img width=\"150\" height=\"150\" src=\"https:\/\/cuernavaca.gob.mx\/wp-content\/uploads\/2024\/12\/REALZA-AYUNTAMIENTO-DE-CUERNAVACA-EL-DESEMPENO-DEL-CONSEJO-DE-CRONISTAS-8-150x150.jpeg\" class=\"attachment-thumbnail size-thumbnail\" alt=\"\" loading=\"lazy\" \/><\/a>\n\t\t\t<\/dt><\/dl>\n\t\t\t<br style='clear: both' \/>\n\t\t<\/div>\n\n","protected":false},"excerpt":{"rendered":"<p>\u00b0 En tres a\u00f1os el Consejo ha logrado su visibilizaci\u00f3n y genere inter\u00e9s de nuevas generaciones Para dar continuidad a las acciones de preservaci\u00f3n de la memoria hist\u00f3rica y cultural de Cuernavaca, el Consejo de Cronistas del Ayuntamiento de Cuernavaca eligi\u00f3 a Mar\u00eda Eugenia Rojas Garc\u00eda y a Luis Fernando Lezama Pimentel como nueva coordinadora [&hellip;]<\/p>\n","protected":false},"author":1,"featured_media":46897,"comment_status":"closed","ping_status":"open","sticky":false,"template":"","format":"standard","meta":[],"categories":[2292],"tags":[2515,121,190,1071,2460,120,206,127,712],"aioseo_notices":[],"_links":{"self":[{"href":"https:\/\/cuernavaca.gob.mx\/index.php?rest_route=\/wp\/v2\/posts\/46891"}],"collection":[{"href":"https:\/\/cuernavaca.gob.mx\/index.php?rest_route=\/wp\/v2\/posts"}],"about":[{"href":"https:\/\/cuernavaca.gob.mx\/index.php?rest_route=\/wp\/v2\/types\/post"}],"author":[{"embeddable":true,"href":"https:\/\/cuernavaca.gob.mx\/index.php?rest_route=\/wp\/v2\/users\/1"}],"replies":[{"embeddable":true,"href":"https:\/\/cuernavaca.gob.mx\/index.php?rest_route=%2Fwp%2Fv2%2Fcomments&post=46891"}],"version-history":[{"count":1,"href":"https:\/\/cuernavaca.gob.mx\/index.php?rest_route=\/wp\/v2\/posts\/46891\/revisions"}],"predecessor-version":[{"id":46899,"href":"https:\/\/cuernavaca.gob.mx\/index.php?rest_route=\/wp\/v2\/posts\/46891\/revisions\/46899"}],"wp:featuredmedia":[{"embeddable":true,"href":"https:\/\/cuernavaca.gob.mx\/index.php?rest_route=\/wp\/v2\/media\/46897"}],"wp:attachment":[{"href":"https:\/\/cuernavaca.gob.mx\/index.php?rest_route=%2Fwp%2Fv2%2Fmedia&parent=46891"}],"wp:term":[{"taxonomy":"category","embeddable":true,"href":"https:\/\/cuernavaca.gob.mx\/index.php?rest_route=%2Fwp%2Fv2%2Fcategories&post=46891"},{"taxonomy":"post_tag","embeddable":true,"href":"https:\/\/cuernavaca.gob.mx\/index.php?rest_route=%2Fwp%2Fv2%2Ftags&post=46891"}],"curies":[{"name":"wp","href":"https:\/\/api.w.org\/{rel}","templated":true}]}}