{"id":46944,"date":"2024-12-17T14:00:03","date_gmt":"2024-12-17T20:00:03","guid":{"rendered":"https:\/\/cuernavaca.gob.mx\/?p=46944"},"modified":"2024-12-17T16:09:56","modified_gmt":"2024-12-17T22:09:56","slug":"f995-17-12-24-cumple-cabildo-de-cuernavaca-2022-2024-el-compromiso-de-abatir-rezago-de-mas-de-630-pensiones-heredadas-por-anteriores-administraciones","status":"publish","type":"post","link":"https:\/\/cuernavaca.gob.mx\/?p=46944","title":{"rendered":"F995 17\/12\/24 CUMPLE CABILDO DE CUERNAVACA 2022-2024 EL COMPROMISO DE ABATIR REZAGO DE M\u00c1S DE 630 PENSIONES HEREDADAS POR ANTERIORES ADMINISTRACIONES"},"content":{"rendered":"<p>El Ayuntamiento de Cuernavaca cumple con los derechos laborales de los trabajadores, autorizando en tres a\u00f1os un total de 633 pensiones a quienes dedicaron gran parte de su vida a mejorar el servicio p\u00fablico para el beneficio de la sociedad no solo en la administraci\u00f3n central, sino tambi\u00e9n en los organismos descentralizados, como el Sistema de Agua Potable y Alcantarillado de Cuernavaca (SAPAC) y el Sistema Municipal DIF Cuernavaca.<\/p>\n<p>En sesi\u00f3n de Cabildo ordinario, el regidor presidente de la Comisi\u00f3n Permanente Dictaminadora de Pensiones, Debendrenath Salazar Solorio, rindi\u00f3 un informe sobre el n\u00famero de pensiones autorizadas en la presente administraci\u00f3n, destacando que hasta el momento se otorgaron 540 pensiones a trabajadores de la administraci\u00f3n central, 81 de SAPAC y 12 del DIF Cuernavaca.<\/p>\n<p>En este contexto, reconoci\u00f3 la responsabilidad del alcalde Jos\u00e9 Luis Uri\u00f3stegui Salgado para dar seguimiento a cada una de las solicitudes que desde hace varios a\u00f1os estaban rezagadas y aunque tienen pendientes alrededor de 583 m\u00e1s las que se sumen en este \u00faltimo mes de la administraci\u00f3n, han cumplido el compromiso de mejorar de calidad de vida de los trabajadores con la entrega de estas pensiones.<\/p>\n<p>El presidente municipal Jos\u00e9 Luis Uri\u00f3stegui, reconoci\u00f3 el arduo trabajo hecho por la Comisi\u00f3n Permanente Dictaminadora de Pensiones que s\u00f3lo en esta sesi\u00f3n dictamin\u00f3 m\u00e1s de 60 solicitudes, lo cual demuestra el trabajo institucional en lo particular, de la comisi\u00f3n y el esfuerzo que hace la administraci\u00f3n para cubrir las pensiones en los montos porcentuales que corresponden a cada persona y si bien este tema impacta a la econom\u00eda del Ayuntamiento y merma la fuerza de trabajo en \u00e1reas operativas, cada trabajador o sus dependientes econ\u00f3micos tienen derecho a recibir la pensi\u00f3n una vez que se ha generado la hip\u00f3tesis legal.<\/p>\n\n\t\t<style type=\"text\/css\">\n\t\t\t#gallery-1 {\n\t\t\t\tmargin: auto;\n\t\t\t}\n\t\t\t#gallery-1 .gallery-item {\n\t\t\t\tfloat: left;\n\t\t\t\tmargin-top: 10px;\n\t\t\t\ttext-align: center;\n\t\t\t\twidth: 33%;\n\t\t\t}\n\t\t\t#gallery-1 img {\n\t\t\t\tborder: 2px solid #cfcfcf;\n\t\t\t}\n\t\t\t#gallery-1 .gallery-caption {\n\t\t\t\tmargin-left: 0;\n\t\t\t}\n\t\t\t\/* see gallery_shortcode() in wp-includes\/media.php *\/\n\t\t<\/style>\n\t\t<div id='gallery-1' class='gallery galleryid-46944 gallery-columns-3 gallery-size-thumbnail'><dl class='gallery-item'>\n\t\t\t<dt class='gallery-icon landscape'>\n\t\t\t\t<a href='https:\/\/cuernavaca.gob.mx\/?attachment_id=46945'><img width=\"150\" height=\"150\" src=\"https:\/\/cuernavaca.gob.mx\/wp-content\/uploads\/2024\/12\/CUMPLE-CABILDO-DE-CUERNAVACA-2022-2024-EL-COMPROMISO-DE-ABATIR-REZAGO-DE-MA\u0301S-DE-630-PENSIONES-HEREDADAS-POR-ANTERIORES-ADMINISTRACIONES-1-150x150.jpg\" class=\"attachment-thumbnail size-thumbnail\" alt=\"\" loading=\"lazy\" \/><\/a>\n\t\t\t<\/dt><\/dl><dl class='gallery-item'>\n\t\t\t<dt class='gallery-icon landscape'>\n\t\t\t\t<a href='https:\/\/cuernavaca.gob.mx\/?attachment_id=46946'><img width=\"150\" height=\"150\" src=\"https:\/\/cuernavaca.gob.mx\/wp-content\/uploads\/2024\/12\/CUMPLE-CABILDO-DE-CUERNAVACA-2022-2024-EL-COMPROMISO-DE-ABATIR-REZAGO-DE-MA\u0301S-DE-630-PENSIONES-HEREDADAS-POR-ANTERIORES-ADMINISTRACIONES-2-150x150.jpg\" class=\"attachment-thumbnail size-thumbnail\" alt=\"\" loading=\"lazy\" \/><\/a>\n\t\t\t<\/dt><\/dl><dl class='gallery-item'>\n\t\t\t<dt class='gallery-icon landscape'>\n\t\t\t\t<a href='https:\/\/cuernavaca.gob.mx\/?attachment_id=46947'><img width=\"150\" height=\"150\" src=\"https:\/\/cuernavaca.gob.mx\/wp-content\/uploads\/2024\/12\/CUMPLE-CABILDO-DE-CUERNAVACA-2022-2024-EL-COMPROMISO-DE-ABATIR-REZAGO-DE-MA\u0301S-DE-630-PENSIONES-HEREDADAS-POR-ANTERIORES-ADMINISTRACIONES-3-150x150.jpg\" class=\"attachment-thumbnail size-thumbnail\" alt=\"\" loading=\"lazy\" \/><\/a>\n\t\t\t<\/dt><\/dl><br style=\"clear: both\" \/>\n\t\t<\/div>\n\n","protected":false},"excerpt":{"rendered":"<p>El Ayuntamiento de Cuernavaca cumple con los derechos laborales de los trabajadores, autorizando en tres a\u00f1os un total de 633 pensiones a quienes dedicaron gran parte de su vida a mejorar el servicio p\u00fablico para el beneficio de la sociedad no solo en la administraci\u00f3n central, sino tambi\u00e9n en los organismos descentralizados, como el Sistema [&hellip;]<\/p>\n","protected":false},"author":1,"featured_media":46947,"comment_status":"closed","ping_status":"open","sticky":false,"template":"","format":"standard","meta":[],"categories":[3047],"tags":[121,2591,120,831,206,830,1928,127,369,3949],"aioseo_notices":[],"_links":{"self":[{"href":"https:\/\/cuernavaca.gob.mx\/index.php?rest_route=\/wp\/v2\/posts\/46944"}],"collection":[{"href":"https:\/\/cuernavaca.gob.mx\/index.php?rest_route=\/wp\/v2\/posts"}],"about":[{"href":"https:\/\/cuernavaca.gob.mx\/index.php?rest_route=\/wp\/v2\/types\/post"}],"author":[{"embeddable":true,"href":"https:\/\/cuernavaca.gob.mx\/index.php?rest_route=\/wp\/v2\/users\/1"}],"replies":[{"embeddable":true,"href":"https:\/\/cuernavaca.gob.mx\/index.php?rest_route=%2Fwp%2Fv2%2Fcomments&post=46944"}],"version-history":[{"count":1,"href":"https:\/\/cuernavaca.gob.mx\/index.php?rest_route=\/wp\/v2\/posts\/46944\/revisions"}],"predecessor-version":[{"id":46948,"href":"https:\/\/cuernavaca.gob.mx\/index.php?rest_route=\/wp\/v2\/posts\/46944\/revisions\/46948"}],"wp:featuredmedia":[{"embeddable":true,"href":"https:\/\/cuernavaca.gob.mx\/index.php?rest_route=\/wp\/v2\/media\/46947"}],"wp:attachment":[{"href":"https:\/\/cuernavaca.gob.mx\/index.php?rest_route=%2Fwp%2Fv2%2Fmedia&parent=46944"}],"wp:term":[{"taxonomy":"category","embeddable":true,"href":"https:\/\/cuernavaca.gob.mx\/index.php?rest_route=%2Fwp%2Fv2%2Fcategories&post=46944"},{"taxonomy":"post_tag","embeddable":true,"href":"https:\/\/cuernavaca.gob.mx\/index.php?rest_route=%2Fwp%2Fv2%2Ftags&post=46944"}],"curies":[{"name":"wp","href":"https:\/\/api.w.org\/{rel}","templated":true}]}}