{"id":46949,"date":"2024-12-17T14:15:15","date_gmt":"2024-12-17T20:15:15","guid":{"rendered":"https:\/\/cuernavaca.gob.mx\/?p=46949"},"modified":"2024-12-17T16:19:26","modified_gmt":"2024-12-17T22:19:26","slug":"b2124-17-12-24-implementa-secretaria-de-proteccion-y-auxilio-ciudadano-de-cuernavaca-el-operativo-navidad-blanca-para-el-cierre-del-2024","status":"publish","type":"post","link":"https:\/\/cuernavaca.gob.mx\/?p=46949","title":{"rendered":"B2124 17\/12\/24 IMPLEMENTA SECRETAR\u00cdA DE PROTECCI\u00d3N Y AUXILIO CIUDADANO DE CUERNAVACA EL OPERATIVO \u201cNAVIDAD BLANCA\u201d PARA EL CIERRE DEL 2024"},"content":{"rendered":"<p><strong>\u2022 La titular de SEPRAC, Alicia V\u00e1zquez inform\u00f3 que las acciones de prevenci\u00f3n se intensificaron desde el pasado 12 de diciembre a trav\u00e9s de un trabajo articulado con el Estado y la Federaci\u00f3n<\/strong><\/p>\n<p>Ante el inicio del periodo vacacional de diciembre, la Secretar\u00eda de Protecci\u00f3n y Auxilio Ciudadano de Cuernavaca (SEPRAC) est\u00e1 implementando el operativo \u201cNavidad Blanca\u201d que arranc\u00f3 el jueves 12 de diciembre con el objetivo de garantizar la tranquilidad y seguridad de los habitantes y visitantes durante las celebraciones de fin de a\u00f1o como parte del trabajo coordinado con el Estado y la Federaci\u00f3n.<\/p>\n<p>La titular de SEPRAC, Alicia V\u00e1zquez Luna, inform\u00f3 que, bajo las instrucciones del presidente municipal de Cuernavaca, Jos\u00e9 Luis Uri\u00f3stegui Salgado, se intensifica la presencia policial en distintas colonias y espacios comunitarios debido al incremento de las actividades econ\u00f3micas para prevenir delitos como robos, fraudes y cualquier actividad il\u00edcita que pueda poner en riesgo la integridad de la ciudadan\u00eda.<\/p>\n<p>Derivado de la suma esfuerzos que se ha concretado en estos \u00faltimos meses con los tres \u00f3rdenes de gobierno, se\u00f1al\u00f3 que estas acciones ser\u00e1n respaldadas por el Poder Ejecutivo y la Federaci\u00f3n a trav\u00e9s de la Secretar\u00eda de la Defensa Nacional (SEDENA) y la Guardia Nacional, con quienes mantienen un trabajo articulado en distintos operativos de seguridad.<\/p>\n<p>Aunado al operativo \u201cNavidad Blanca\u201d y dentro de las actividades preventivas, el programa \u201cConduce sin alcohol\u201d continuar\u00e1 realiz\u00e1ndose as\u00ed como el despliegue de drones y la vigilancia por medio de las m\u00e1s de mil 200 c\u00e1maras de videovigilancia que est\u00e1n conectadas al Centro de Control, Comando, Comunicaciones y C\u00f3mputo (C4), de las cuales 980 en instalaron en domicilios particulares y 230 en postes p\u00fablicos que permiten mejorar la seguridad p\u00fablica y la recuperaci\u00f3n de elementos de prueba para fortalecer la investigaci\u00f3n del delito.<\/p>\n<p>Alicia V\u00e1zquez record\u00f3 que la SEPRAC pone a disposici\u00f3n de particulares y empresas servicios gratuitos de acompa\u00f1amiento de la polic\u00eda preventiva, a fin de evitar robos al momento de acudir a depositar o retirar dinero en sucursales bancarias, en especial durante esta temporada de fin de a\u00f1o que se recibe el pago de aguinaldos y otras prestaciones.<\/p>\n<p>Para este servicio que se sugiere programar con anticipaci\u00f3n al tel\u00e9fono de la Central de Emergencias 777 312 12 74, donde se proporcionar\u00e1 toda la informaci\u00f3n para contar con el apoyo de la polic\u00eda de Cuernavaca, aqu\u00ed tambi\u00e9n se pueden solicitar auxilios y emergencias.<\/p>\n\n\t\t<style type=\"text\/css\">\n\t\t\t#gallery-1 {\n\t\t\t\tmargin: auto;\n\t\t\t}\n\t\t\t#gallery-1 .gallery-item {\n\t\t\t\tfloat: left;\n\t\t\t\tmargin-top: 10px;\n\t\t\t\ttext-align: center;\n\t\t\t\twidth: 33%;\n\t\t\t}\n\t\t\t#gallery-1 img {\n\t\t\t\tborder: 2px solid #cfcfcf;\n\t\t\t}\n\t\t\t#gallery-1 .gallery-caption {\n\t\t\t\tmargin-left: 0;\n\t\t\t}\n\t\t\t\/* see gallery_shortcode() in wp-includes\/media.php *\/\n\t\t<\/style>\n\t\t<div id='gallery-1' class='gallery galleryid-46949 gallery-columns-3 gallery-size-thumbnail'><dl class='gallery-item'>\n\t\t\t<dt class='gallery-icon landscape'>\n\t\t\t\t<a href='https:\/\/cuernavaca.gob.mx\/?attachment_id=46950'><img width=\"150\" height=\"150\" src=\"https:\/\/cuernavaca.gob.mx\/wp-content\/uploads\/2024\/12\/IMPLEMENTA-SECRETARI\u0301A-DE-PROTECCIO\u0301N-Y-AUXILIO-CIUDADANO-DE-CUERNAVACA-EL-OPERATIVO-NAVIDAD-BLANCA-PARA-EL-CIERRE-DEL-2024-1-150x150.jpg\" class=\"attachment-thumbnail size-thumbnail\" alt=\"\" loading=\"lazy\" \/><\/a>\n\t\t\t<\/dt><\/dl><dl class='gallery-item'>\n\t\t\t<dt class='gallery-icon landscape'>\n\t\t\t\t<a href='https:\/\/cuernavaca.gob.mx\/?attachment_id=46951'><img width=\"150\" height=\"150\" src=\"https:\/\/cuernavaca.gob.mx\/wp-content\/uploads\/2024\/12\/IMPLEMENTA-SECRETARI\u0301A-DE-PROTECCIO\u0301N-Y-AUXILIO-CIUDADANO-DE-CUERNAVACA-EL-OPERATIVO-NAVIDAD-BLANCA-PARA-EL-CIERRE-DEL-2024-2-150x150.jpg\" class=\"attachment-thumbnail size-thumbnail\" alt=\"\" loading=\"lazy\" \/><\/a>\n\t\t\t<\/dt><\/dl><dl class='gallery-item'>\n\t\t\t<dt class='gallery-icon landscape'>\n\t\t\t\t<a href='https:\/\/cuernavaca.gob.mx\/?attachment_id=46952'><img width=\"150\" height=\"150\" src=\"https:\/\/cuernavaca.gob.mx\/wp-content\/uploads\/2024\/12\/IMPLEMENTA-SECRETARI\u0301A-DE-PROTECCIO\u0301N-Y-AUXILIO-CIUDADANO-DE-CUERNAVACA-EL-OPERATIVO-NAVIDAD-BLANCA-PARA-EL-CIERRE-DEL-2024-3-150x150.jpg\" class=\"attachment-thumbnail size-thumbnail\" alt=\"\" loading=\"lazy\" \/><\/a>\n\t\t\t<\/dt><\/dl><br style=\"clear: both\" \/><dl class='gallery-item'>\n\t\t\t<dt class='gallery-icon landscape'>\n\t\t\t\t<a href='https:\/\/cuernavaca.gob.mx\/?attachment_id=46953'><img width=\"150\" height=\"150\" src=\"https:\/\/cuernavaca.gob.mx\/wp-content\/uploads\/2024\/12\/IMPLEMENTA-SECRETARI\u0301A-DE-PROTECCIO\u0301N-Y-AUXILIO-CIUDADANO-DE-CUERNAVACA-EL-OPERATIVO-NAVIDAD-BLANCA-PARA-EL-CIERRE-DEL-2024-4-150x150.jpg\" class=\"attachment-thumbnail size-thumbnail\" alt=\"\" loading=\"lazy\" \/><\/a>\n\t\t\t<\/dt><\/dl>\n\t\t\t<br style='clear: both' \/>\n\t\t<\/div>\n\n","protected":false},"excerpt":{"rendered":"<p>\u2022 La titular de SEPRAC, Alicia V\u00e1zquez inform\u00f3 que las acciones de prevenci\u00f3n se intensificaron desde el pasado 12 de diciembre a trav\u00e9s de un trabajo articulado con el Estado y la Federaci\u00f3n Ante el inicio del periodo vacacional de diciembre, la Secretar\u00eda de Protecci\u00f3n y Auxilio Ciudadano de Cuernavaca (SEPRAC) est\u00e1 implementando el operativo [&hellip;]<\/p>\n","protected":false},"author":1,"featured_media":46953,"comment_status":"closed","ping_status":"open","sticky":false,"template":"","format":"standard","meta":[],"categories":[17],"tags":[2582,121,120,206,243,127,414,125],"aioseo_notices":[],"_links":{"self":[{"href":"https:\/\/cuernavaca.gob.mx\/index.php?rest_route=\/wp\/v2\/posts\/46949"}],"collection":[{"href":"https:\/\/cuernavaca.gob.mx\/index.php?rest_route=\/wp\/v2\/posts"}],"about":[{"href":"https:\/\/cuernavaca.gob.mx\/index.php?rest_route=\/wp\/v2\/types\/post"}],"author":[{"embeddable":true,"href":"https:\/\/cuernavaca.gob.mx\/index.php?rest_route=\/wp\/v2\/users\/1"}],"replies":[{"embeddable":true,"href":"https:\/\/cuernavaca.gob.mx\/index.php?rest_route=%2Fwp%2Fv2%2Fcomments&post=46949"}],"version-history":[{"count":1,"href":"https:\/\/cuernavaca.gob.mx\/index.php?rest_route=\/wp\/v2\/posts\/46949\/revisions"}],"predecessor-version":[{"id":46954,"href":"https:\/\/cuernavaca.gob.mx\/index.php?rest_route=\/wp\/v2\/posts\/46949\/revisions\/46954"}],"wp:featuredmedia":[{"embeddable":true,"href":"https:\/\/cuernavaca.gob.mx\/index.php?rest_route=\/wp\/v2\/media\/46953"}],"wp:attachment":[{"href":"https:\/\/cuernavaca.gob.mx\/index.php?rest_route=%2Fwp%2Fv2%2Fmedia&parent=46949"}],"wp:term":[{"taxonomy":"category","embeddable":true,"href":"https:\/\/cuernavaca.gob.mx\/index.php?rest_route=%2Fwp%2Fv2%2Fcategories&post=46949"},{"taxonomy":"post_tag","embeddable":true,"href":"https:\/\/cuernavaca.gob.mx\/index.php?rest_route=%2Fwp%2Fv2%2Ftags&post=46949"}],"curies":[{"name":"wp","href":"https:\/\/api.w.org\/{rel}","templated":true}]}}