{"id":46955,"date":"2024-12-17T14:30:49","date_gmt":"2024-12-17T20:30:49","guid":{"rendered":"https:\/\/cuernavaca.gob.mx\/?p=46955"},"modified":"2024-12-17T16:43:08","modified_gmt":"2024-12-17T22:43:08","slug":"b2125-17-12-24-ayuntamiento-de-cuernavaca-fortalece-la-construccion-de-entornos-seguros-con-la-certificacion-de-empresa-segura","status":"publish","type":"post","link":"https:\/\/cuernavaca.gob.mx\/?p=46955","title":{"rendered":"B2125 17\/12\/24 AYUNTAMIENTO DE CUERNAVACA FORTALECE LA CONSTRUCCI\u00d3N DE ENTORNOS SEGUROS CON LA CERTIFICACI\u00d3N DE \u201cEMPRESA SEGURA\u201d"},"content":{"rendered":"<p><strong>\u2022 Este programa que coordina el Secretariado Ejecutivo Municipal de Seguridad tiene como finalidad formar una cadena de prevenci\u00f3n entre quienes conforman diversas empresas en la ciudad<\/strong><\/p>\n<p>El Ayuntamiento de Cuernavaca sigue impulsando la corresponsabilidad de la poblaci\u00f3n en la prevenci\u00f3n de las violencias a trav\u00e9s de la certificaci\u00f3n \u201cEmpresa Segura\u201d, convocada y ejecutada por el Secretariado Ejecutivo del Consejo Municipal de Seguridad P\u00fablica, a fin de minimizar riesgos y vulnerabilidades no solo en su interior, sino tambi\u00e9n en el entorno personal de sus trabajadores.<\/p>\n<p>El secretario del Consejo Municipal de Seguridad P\u00fablica, Marco Olvera Benedicto, explic\u00f3 que hasta el momento este programa se ha trabajado con seis empresas, siendo la cafeter\u00eda Koffi ubicada en el poblado de Chapultepec la m\u00e1s reciente en recibir esta certificaci\u00f3n, que si bien representa que la empresa es segura para sus trabajadores y clientes, se puede replicar lo aprendido en las comunidades, creando Comit\u00e9s de Consulta y Participaci\u00f3n Ciudadana en Seguridad y Prevenci\u00f3n de la Violencia, toda vez que al llevar los empleados capacitados estos conceptos a sus hogares se va formando una cadena de prevenci\u00f3n que se distribuye a lo largo de la ciudad.<\/p>\n<p>Para este programa el \u00f3rgano municipal hace una detecci\u00f3n de necesidades espec\u00edficas de la empresa o del negocio, adem\u00e1s de un recorrido por el entorno para detectar puntos de riesgo y vulnerabilidades para proceder a las capacitaciones que se constituyen a partir de una l\u00ednea federal que contempla el uso adecuado de n\u00fameros de emergencia hasta c\u00f3mo prevenir el acoso laboral (mobbing), as\u00ed como de medidas fundamentales de prevenci\u00f3n y autoprotecci\u00f3n.<\/p>\n<p>El programa de capacitaciones es tan completo que considera la identificaci\u00f3n de billetes ap\u00f3crifos, educaci\u00f3n vial, tipos y modalidad de violencia de g\u00e9nero, delitos cibern\u00e9ticos, primeros auxilios y que hacer en caso de emergencia, contando con el apoyo del Instituto de la Mujer de Cuernavaca (IMC), de la Secretar\u00eda de Protecci\u00f3n y Auxilio Ciudadano (SEPRAC), de la Polic\u00eda Vial, de Protecci\u00f3n Civil de Cuernavaca y de la Comisi\u00f3n Estatal de Seguridad P\u00fablica.<\/p>\n\n\t\t<style type=\"text\/css\">\n\t\t\t#gallery-1 {\n\t\t\t\tmargin: auto;\n\t\t\t}\n\t\t\t#gallery-1 .gallery-item {\n\t\t\t\tfloat: left;\n\t\t\t\tmargin-top: 10px;\n\t\t\t\ttext-align: center;\n\t\t\t\twidth: 33%;\n\t\t\t}\n\t\t\t#gallery-1 img {\n\t\t\t\tborder: 2px solid #cfcfcf;\n\t\t\t}\n\t\t\t#gallery-1 .gallery-caption {\n\t\t\t\tmargin-left: 0;\n\t\t\t}\n\t\t\t\/* see gallery_shortcode() in wp-includes\/media.php *\/\n\t\t<\/style>\n\t\t<div id='gallery-1' class='gallery galleryid-46955 gallery-columns-3 gallery-size-thumbnail'><dl class='gallery-item'>\n\t\t\t<dt class='gallery-icon landscape'>\n\t\t\t\t<a href='https:\/\/cuernavaca.gob.mx\/?attachment_id=46956'><img width=\"150\" height=\"150\" src=\"https:\/\/cuernavaca.gob.mx\/wp-content\/uploads\/2024\/12\/AYUNTAMIENTO-DE-CUERNAVACA-FORTALECE-LA-CONSTRUCCIO\u0301N-DE-ENTORNOS-SEGUROS-CON-LA-CERTIFICACIO\u0301N-DE-EMPRESA-SEGURA-1-150x150.jpg\" class=\"attachment-thumbnail size-thumbnail\" alt=\"\" loading=\"lazy\" \/><\/a>\n\t\t\t<\/dt><\/dl><dl class='gallery-item'>\n\t\t\t<dt class='gallery-icon landscape'>\n\t\t\t\t<a href='https:\/\/cuernavaca.gob.mx\/?attachment_id=46957'><img width=\"150\" height=\"150\" src=\"https:\/\/cuernavaca.gob.mx\/wp-content\/uploads\/2024\/12\/AYUNTAMIENTO-DE-CUERNAVACA-FORTALECE-LA-CONSTRUCCIO\u0301N-DE-ENTORNOS-SEGUROS-CON-LA-CERTIFICACIO\u0301N-DE-EMPRESA-SEGURA-2-150x150.jpg\" class=\"attachment-thumbnail size-thumbnail\" alt=\"\" loading=\"lazy\" \/><\/a>\n\t\t\t<\/dt><\/dl><dl class='gallery-item'>\n\t\t\t<dt class='gallery-icon landscape'>\n\t\t\t\t<a href='https:\/\/cuernavaca.gob.mx\/?attachment_id=46958'><img width=\"150\" height=\"150\" src=\"https:\/\/cuernavaca.gob.mx\/wp-content\/uploads\/2024\/12\/AYUNTAMIENTO-DE-CUERNAVACA-FORTALECE-LA-CONSTRUCCIO\u0301N-DE-ENTORNOS-SEGUROS-CON-LA-CERTIFICACIO\u0301N-DE-EMPRESA-SEGURA-3-150x150.jpg\" class=\"attachment-thumbnail size-thumbnail\" alt=\"\" loading=\"lazy\" \/><\/a>\n\t\t\t<\/dt><\/dl><br style=\"clear: both\" \/><dl class='gallery-item'>\n\t\t\t<dt class='gallery-icon landscape'>\n\t\t\t\t<a href='https:\/\/cuernavaca.gob.mx\/?attachment_id=46959'><img width=\"150\" height=\"150\" src=\"https:\/\/cuernavaca.gob.mx\/wp-content\/uploads\/2024\/12\/AYUNTAMIENTO-DE-CUERNAVACA-FORTALECE-LA-CONSTRUCCIO\u0301N-DE-ENTORNOS-SEGUROS-CON-LA-CERTIFICACIO\u0301N-DE-EMPRESA-SEGURA-4-150x150.jpg\" class=\"attachment-thumbnail size-thumbnail\" alt=\"\" loading=\"lazy\" \/><\/a>\n\t\t\t<\/dt><\/dl>\n\t\t\t<br style='clear: both' \/>\n\t\t<\/div>\n\n","protected":false},"excerpt":{"rendered":"<p>\u2022 Este programa que coordina el Secretariado Ejecutivo Municipal de Seguridad tiene como finalidad formar una cadena de prevenci\u00f3n entre quienes conforman diversas empresas en la ciudad El Ayuntamiento de Cuernavaca sigue impulsando la corresponsabilidad de la poblaci\u00f3n en la prevenci\u00f3n de las violencias a trav\u00e9s de la certificaci\u00f3n \u201cEmpresa Segura\u201d, convocada y ejecutada por [&hellip;]<\/p>\n","protected":false},"author":1,"featured_media":46956,"comment_status":"closed","ping_status":"open","sticky":false,"template":"","format":"standard","meta":[],"categories":[17],"tags":[121,3950,3156,120,206,127,414],"aioseo_notices":[],"_links":{"self":[{"href":"https:\/\/cuernavaca.gob.mx\/index.php?rest_route=\/wp\/v2\/posts\/46955"}],"collection":[{"href":"https:\/\/cuernavaca.gob.mx\/index.php?rest_route=\/wp\/v2\/posts"}],"about":[{"href":"https:\/\/cuernavaca.gob.mx\/index.php?rest_route=\/wp\/v2\/types\/post"}],"author":[{"embeddable":true,"href":"https:\/\/cuernavaca.gob.mx\/index.php?rest_route=\/wp\/v2\/users\/1"}],"replies":[{"embeddable":true,"href":"https:\/\/cuernavaca.gob.mx\/index.php?rest_route=%2Fwp%2Fv2%2Fcomments&post=46955"}],"version-history":[{"count":1,"href":"https:\/\/cuernavaca.gob.mx\/index.php?rest_route=\/wp\/v2\/posts\/46955\/revisions"}],"predecessor-version":[{"id":46960,"href":"https:\/\/cuernavaca.gob.mx\/index.php?rest_route=\/wp\/v2\/posts\/46955\/revisions\/46960"}],"wp:featuredmedia":[{"embeddable":true,"href":"https:\/\/cuernavaca.gob.mx\/index.php?rest_route=\/wp\/v2\/media\/46956"}],"wp:attachment":[{"href":"https:\/\/cuernavaca.gob.mx\/index.php?rest_route=%2Fwp%2Fv2%2Fmedia&parent=46955"}],"wp:term":[{"taxonomy":"category","embeddable":true,"href":"https:\/\/cuernavaca.gob.mx\/index.php?rest_route=%2Fwp%2Fv2%2Fcategories&post=46955"},{"taxonomy":"post_tag","embeddable":true,"href":"https:\/\/cuernavaca.gob.mx\/index.php?rest_route=%2Fwp%2Fv2%2Ftags&post=46955"}],"curies":[{"name":"wp","href":"https:\/\/api.w.org\/{rel}","templated":true}]}}