{"id":47108,"date":"2024-12-23T15:53:58","date_gmt":"2024-12-23T21:53:58","guid":{"rendered":"https:\/\/cuernavaca.gob.mx\/?p=47108"},"modified":"2024-12-23T15:53:58","modified_gmt":"2024-12-23T21:53:58","slug":"b2137-23-12-24-inaugura-jose-luis-uriostegui-la-reconstruccion-de-bajada-chapultepec-despues-de-mas-de-una-decada-de-abandono","status":"publish","type":"post","link":"https:\/\/cuernavaca.gob.mx\/?p=47108","title":{"rendered":"B2137 23\/12\/24 INAUGURA JOS\u00c9 LUIS URI\u00d3STEGUI LA RECONSTRUCCI\u00d3N DE BAJADA CHAPULTEPEC DESPUES DE M\u00c1S DE UNA DECADA DE ABANDONO"},"content":{"rendered":"<p><strong>\u2022 Con un monto de inversi\u00f3n de m\u00e1s de 10 millones 700 mil pesos de recursos propios, el presidente municipal hizo entrega a beneficiarios de esta obra que va desde la Glorieta la Luna hasta el Parque Barranca Chapultepec<\/strong><\/p>\n<p><strong>\u2022 La vialidad tiene una garant\u00eda estimada de m\u00e1s de 20 a\u00f1os, atendiendo incluso un socav\u00f3n que representaba un grave peligro, tanto para transe\u00fantes como automovilistas<\/strong><\/p>\n<p>Cuernavaca sigue renaciendo con obras de alto impacto que han transformado las vialidades principales de la ciudad como es el caso de Bajada de Chapultepec, donde tras una d\u00e9cada de abandono y de representar un grave peligro para los transe\u00fantes y automovilistas, hoy ha sido totalmente rehabilitada con concreto hidr\u00e1ulico, incluyendo en los trabajos el drenaje sanitario, la reparaci\u00f3n de un socav\u00f3n, as\u00ed como la construcci\u00f3n de banquetas y guarniciones que favorecer\u00e1n a m\u00e1s de 15 mil personas.<\/p>\n<p>En el marco inaugural, el presidente municipal de Cuernavaca, Jos\u00e9 Luis Uri\u00f3stegui Salgado, reconoci\u00f3 el cambio trascendental de esta importante avenida, para la cual se destin\u00f3 un monto de inversi\u00f3n de 10 millones 705 mil 894.63 pesos del fondo de recursos propios municipales y que se suma a la obra de sustituci\u00f3n de 700 metros lineales de la l\u00ednea de agua potable de tres pulgadas en calle de La Luz con la finalidad de garantizar que el vital l\u00edquido llegue a las casas y negocios, evitando su perdida en el trayecto con tanta fuga.<\/p>\n<p>Acompa\u00f1ado de integrantes del Cabildo y de la diputada local, Andrea Gordillo Vega, puntualiz\u00f3 que este a\u00f1o se han invertido m\u00e1s de 60 millones de pesos en el cambio de tuber\u00eda de agua potable que incluso fortalece la inversi\u00f3n hecha en 2023 de cerca de 30 millones de pesos para la rehabilitaci\u00f3n de pozos de abastecimiento de agua del Sistema de Agua Potable y Alcantarillado de Cuernavaca (SAPAC), proyectando que cada una de las obras cuenten con la calidad y durabilidad necesaria para como en este caso llegar a m\u00e1s de 20 a\u00f1os, abonando a que futuras administraciones eviten destinar recursos a esta materia que se ha transformado.<\/p>\n<p>De manera previa, el secretario de Desarrollo Urbano y Obras P\u00fablicas, Demetrio Chavira de la Torre, inform\u00f3 que la obra contempl\u00f3 la instalaci\u00f3n de un tubo corrugado PEAD de 24 pulgadas y de 10 pulgadas en 132 metros lineales, de un tubo PEAD liso hidr\u00e1ulico RD- 13.5 de cuatro pulgadas de di\u00e1metro en 114.50 metros lineales, de 17 descargas sanitarias a base de tuber\u00eda PEAD de polietileno, la reposici\u00f3n de 20 tomas domiciliarias de 1\/2 y \u00bc de pulgada, as\u00ed como la fabricaci\u00f3n y nivelaci\u00f3n de ocho pozos de visita com\u00fan.<\/p>\n<p>Con respecto a la repavimentaci\u00f3n, detall\u00f3 que los trabajos consistieron en el tendido del pavimento de concreto hidr\u00e1ulico premezclado con una resistencia de 250 kg\/cm2 en mil 855.33 metros cuadrados y de la carpeta de siete cent\u00edmetros de espesor de concreto asf\u00e1ltico en caliente en tres mil 926.40 metros cuadrados; adem\u00e1s se construyeron banquetas de 10 cent\u00edmetros de espesor de concreto con una resistencia de 150 kg\/cm2 en 641.10 metros cuadrados y guarniciones de 20 x 15 x 40 cent\u00edmetros de concreto con una resistencia de 200 kg\/cm2 con su correspondiente balizamiento.<\/p>\n<p>Como parte de la intervenci\u00f3n que tuvo un periodo de ejecuci\u00f3n de 60 d\u00edas naturales, la Secretar\u00eda de Desarrollo Urbano y Obras Publicas atendi\u00f3 tambi\u00e9n un socav\u00f3n que representaba un grave peligro en la zona donde se junta el concreto con el asfalto y parte del colapso de un drenaje pluvial que pasa por el \u00e1rea.<\/p>\n<p>Por su lado, diputada local, Andrea Gordillo, reconoci\u00f3 que desde el Congreso de Morelos han sido testigos de la buena administraci\u00f3n que se ha tenido en Cuernavaca en estos \u00faltimos tres a\u00f1os bajo el liderazgo de Jos\u00e9 Luis Uri\u00f3stegui Salgado que ha priorizado la transparencia y eficiencia en el manejo de los recursos p\u00fablicos, trabajando en equipo con la poblaci\u00f3n para atender sus necesidades m\u00e1s apremiantes, por lo cual conf\u00eda en que los siguientes tres a\u00f1os ser\u00e1n mejores.<\/p>\n<p>Al corte del list\u00f3n asistieron la regidora Mireya Delgado Romero; el ayudante municipal de Chapultepec, Edson Mor\u00e1n Cerro y directivos de SAPAC que coadyuvaron en los trabajos como el director de Saneamiento y Calidad del Agua, Gonzalo \u00c1vila Rojas, quien se\u00f1al\u00f3 que este drenaje sanitario comunica a los colectores principales que parten de la glorieta de la luna de 24 pulgadas considerado uno de los m\u00e1s grandes que se tienen, utilizando material de \u00faltima tecnolog\u00eda PAD cuya caracter\u00edstica es la capacidad de velocidad para transmitir el drenaje en cuesti\u00f3n.<\/p>\n\n\t\t<style type=\"text\/css\">\n\t\t\t#gallery-1 {\n\t\t\t\tmargin: auto;\n\t\t\t}\n\t\t\t#gallery-1 .gallery-item {\n\t\t\t\tfloat: left;\n\t\t\t\tmargin-top: 10px;\n\t\t\t\ttext-align: center;\n\t\t\t\twidth: 33%;\n\t\t\t}\n\t\t\t#gallery-1 img {\n\t\t\t\tborder: 2px solid #cfcfcf;\n\t\t\t}\n\t\t\t#gallery-1 .gallery-caption {\n\t\t\t\tmargin-left: 0;\n\t\t\t}\n\t\t\t\/* see gallery_shortcode() in wp-includes\/media.php *\/\n\t\t<\/style>\n\t\t<div id='gallery-1' class='gallery galleryid-47108 gallery-columns-3 gallery-size-thumbnail'><dl class='gallery-item'>\n\t\t\t<dt class='gallery-icon landscape'>\n\t\t\t\t<a href='https:\/\/cuernavaca.gob.mx\/?attachment_id=47109'><img width=\"150\" height=\"150\" src=\"https:\/\/cuernavaca.gob.mx\/wp-content\/uploads\/2024\/12\/INAUGURA-JOSE\u0301-LUIS-URIO\u0301STEGUI-LA-RECONSTRUCCIO\u0301N-DE-BAJADA-CHAPULTEPEC-DESPUES-DE-MA\u0301S-DE-UNA-DECADA-DE-ABANDONO-1-min-150x150.jpg\" class=\"attachment-thumbnail size-thumbnail\" alt=\"\" loading=\"lazy\" \/><\/a>\n\t\t\t<\/dt><\/dl><dl class='gallery-item'>\n\t\t\t<dt class='gallery-icon landscape'>\n\t\t\t\t<a href='https:\/\/cuernavaca.gob.mx\/?attachment_id=47110'><img width=\"150\" height=\"150\" src=\"https:\/\/cuernavaca.gob.mx\/wp-content\/uploads\/2024\/12\/INAUGURA-JOSE\u0301-LUIS-URIO\u0301STEGUI-LA-RECONSTRUCCIO\u0301N-DE-BAJADA-CHAPULTEPEC-DESPUES-DE-MA\u0301S-DE-UNA-DECADA-DE-ABANDONO-2-min-150x150.jpg\" class=\"attachment-thumbnail size-thumbnail\" alt=\"\" loading=\"lazy\" \/><\/a>\n\t\t\t<\/dt><\/dl><dl class='gallery-item'>\n\t\t\t<dt class='gallery-icon landscape'>\n\t\t\t\t<a href='https:\/\/cuernavaca.gob.mx\/?attachment_id=47111'><img width=\"150\" height=\"150\" src=\"https:\/\/cuernavaca.gob.mx\/wp-content\/uploads\/2024\/12\/INAUGURA-JOSE\u0301-LUIS-URIO\u0301STEGUI-LA-RECONSTRUCCIO\u0301N-DE-BAJADA-CHAPULTEPEC-DESPUES-DE-MA\u0301S-DE-UNA-DECADA-DE-ABANDONO-3-min-150x150.jpg\" class=\"attachment-thumbnail size-thumbnail\" alt=\"\" loading=\"lazy\" \/><\/a>\n\t\t\t<\/dt><\/dl><br style=\"clear: both\" \/><dl class='gallery-item'>\n\t\t\t<dt class='gallery-icon landscape'>\n\t\t\t\t<a href='https:\/\/cuernavaca.gob.mx\/?attachment_id=47112'><img width=\"150\" height=\"150\" src=\"https:\/\/cuernavaca.gob.mx\/wp-content\/uploads\/2024\/12\/INAUGURA-JOSE\u0301-LUIS-URIO\u0301STEGUI-LA-RECONSTRUCCIO\u0301N-DE-BAJADA-CHAPULTEPEC-DESPUES-DE-MA\u0301S-DE-UNA-DECADA-DE-ABANDONO-4-min-150x150.jpg\" class=\"attachment-thumbnail size-thumbnail\" alt=\"\" loading=\"lazy\" \/><\/a>\n\t\t\t<\/dt><\/dl><dl class='gallery-item'>\n\t\t\t<dt class='gallery-icon landscape'>\n\t\t\t\t<a href='https:\/\/cuernavaca.gob.mx\/?attachment_id=47113'><img width=\"150\" height=\"150\" src=\"https:\/\/cuernavaca.gob.mx\/wp-content\/uploads\/2024\/12\/INAUGURA-JOSE\u0301-LUIS-URIO\u0301STEGUI-LA-RECONSTRUCCIO\u0301N-DE-BAJADA-CHAPULTEPEC-DESPUES-DE-MA\u0301S-DE-UNA-DECADA-DE-ABANDONO-5-min-150x150.jpg\" class=\"attachment-thumbnail size-thumbnail\" alt=\"\" loading=\"lazy\" \/><\/a>\n\t\t\t<\/dt><\/dl><dl class='gallery-item'>\n\t\t\t<dt class='gallery-icon landscape'>\n\t\t\t\t<a href='https:\/\/cuernavaca.gob.mx\/?attachment_id=47114'><img width=\"150\" height=\"150\" src=\"https:\/\/cuernavaca.gob.mx\/wp-content\/uploads\/2024\/12\/INAUGURA-JOSE\u0301-LUIS-URIO\u0301STEGUI-LA-RECONSTRUCCIO\u0301N-DE-BAJADA-CHAPULTEPEC-DESPUES-DE-MA\u0301S-DE-UNA-DECADA-DE-ABANDONO-6-min-150x150.jpg\" class=\"attachment-thumbnail size-thumbnail\" alt=\"\" loading=\"lazy\" \/><\/a>\n\t\t\t<\/dt><\/dl><br style=\"clear: both\" \/><dl class='gallery-item'>\n\t\t\t<dt class='gallery-icon landscape'>\n\t\t\t\t<a href='https:\/\/cuernavaca.gob.mx\/?attachment_id=47115'><img width=\"150\" height=\"150\" src=\"https:\/\/cuernavaca.gob.mx\/wp-content\/uploads\/2024\/12\/INAUGURA-JOSE\u0301-LUIS-URIO\u0301STEGUI-LA-RECONSTRUCCIO\u0301N-DE-BAJADA-CHAPULTEPEC-DESPUES-DE-MA\u0301S-DE-UNA-DECADA-DE-ABANDONO-7-min-150x150.jpg\" class=\"attachment-thumbnail size-thumbnail\" alt=\"\" loading=\"lazy\" \/><\/a>\n\t\t\t<\/dt><\/dl><dl class='gallery-item'>\n\t\t\t<dt class='gallery-icon landscape'>\n\t\t\t\t<a href='https:\/\/cuernavaca.gob.mx\/?attachment_id=47116'><img width=\"150\" height=\"150\" src=\"https:\/\/cuernavaca.gob.mx\/wp-content\/uploads\/2024\/12\/INAUGURA-JOSE\u0301-LUIS-URIO\u0301STEGUI-LA-RECONSTRUCCIO\u0301N-DE-BAJADA-CHAPULTEPEC-DESPUES-DE-MA\u0301S-DE-UNA-DECADA-DE-ABANDONO-8-min-150x150.jpg\" class=\"attachment-thumbnail size-thumbnail\" alt=\"\" loading=\"lazy\" \/><\/a>\n\t\t\t<\/dt><\/dl><dl class='gallery-item'>\n\t\t\t<dt class='gallery-icon landscape'>\n\t\t\t\t<a href='https:\/\/cuernavaca.gob.mx\/?attachment_id=47117'><img width=\"150\" height=\"150\" src=\"https:\/\/cuernavaca.gob.mx\/wp-content\/uploads\/2024\/12\/INAUGURA-JOSE\u0301-LUIS-URIO\u0301STEGUI-LA-RECONSTRUCCIO\u0301N-DE-BAJADA-CHAPULTEPEC-DESPUES-DE-MA\u0301S-DE-UNA-DECADA-DE-ABANDONO-9-min-150x150.jpg\" class=\"attachment-thumbnail size-thumbnail\" alt=\"\" loading=\"lazy\" \/><\/a>\n\t\t\t<\/dt><\/dl><br style=\"clear: both\" \/>\n\t\t<\/div>\n\n","protected":false},"excerpt":{"rendered":"<p>\u2022 Con un monto de inversi\u00f3n de m\u00e1s de 10 millones 700 mil pesos de recursos propios, el presidente municipal hizo entrega a beneficiarios de esta obra que va desde la Glorieta la Luna hasta el Parque Barranca Chapultepec \u2022 La vialidad tiene una garant\u00eda estimada de m\u00e1s de 20 a\u00f1os, atendiendo incluso un socav\u00f3n [&hellip;]<\/p>\n","protected":false},"author":1,"featured_media":47117,"comment_status":"closed","ping_status":"open","sticky":false,"template":"","format":"standard","meta":[],"categories":[18],"tags":[916,121,515,120,206,356,232,358,127],"aioseo_notices":[],"_links":{"self":[{"href":"https:\/\/cuernavaca.gob.mx\/index.php?rest_route=\/wp\/v2\/posts\/47108"}],"collection":[{"href":"https:\/\/cuernavaca.gob.mx\/index.php?rest_route=\/wp\/v2\/posts"}],"about":[{"href":"https:\/\/cuernavaca.gob.mx\/index.php?rest_route=\/wp\/v2\/types\/post"}],"author":[{"embeddable":true,"href":"https:\/\/cuernavaca.gob.mx\/index.php?rest_route=\/wp\/v2\/users\/1"}],"replies":[{"embeddable":true,"href":"https:\/\/cuernavaca.gob.mx\/index.php?rest_route=%2Fwp%2Fv2%2Fcomments&post=47108"}],"version-history":[{"count":1,"href":"https:\/\/cuernavaca.gob.mx\/index.php?rest_route=\/wp\/v2\/posts\/47108\/revisions"}],"predecessor-version":[{"id":47118,"href":"https:\/\/cuernavaca.gob.mx\/index.php?rest_route=\/wp\/v2\/posts\/47108\/revisions\/47118"}],"wp:featuredmedia":[{"embeddable":true,"href":"https:\/\/cuernavaca.gob.mx\/index.php?rest_route=\/wp\/v2\/media\/47117"}],"wp:attachment":[{"href":"https:\/\/cuernavaca.gob.mx\/index.php?rest_route=%2Fwp%2Fv2%2Fmedia&parent=47108"}],"wp:term":[{"taxonomy":"category","embeddable":true,"href":"https:\/\/cuernavaca.gob.mx\/index.php?rest_route=%2Fwp%2Fv2%2Fcategories&post=47108"},{"taxonomy":"post_tag","embeddable":true,"href":"https:\/\/cuernavaca.gob.mx\/index.php?rest_route=%2Fwp%2Fv2%2Ftags&post=47108"}],"curies":[{"name":"wp","href":"https:\/\/api.w.org\/{rel}","templated":true}]}}