{"id":47127,"date":"2024-12-24T13:00:36","date_gmt":"2024-12-24T19:00:36","guid":{"rendered":"https:\/\/cuernavaca.gob.mx\/?p=47127"},"modified":"2024-12-24T13:33:12","modified_gmt":"2024-12-24T19:33:12","slug":"47127","status":"publish","type":"post","link":"https:\/\/cuernavaca.gob.mx\/?p=47127","title":{"rendered":"B2139 24\/12\/24 AYUNTAMIENTOS DE CUERNAVACA Y TEMIXCO FIRMAN CONVENIO PARA GARANTIZAR DERECHO AL AGUA POTABLE A VECINOS DE LA COLONIA ETERNA PRIMAVERA"},"content":{"rendered":"<p><strong>\u2022 El convenio deriva de una sentencia emitida por el Tribunal de Justicia Administrativa (TJA) y promovida desde el a\u00f1o 2011 por la comunidad para ampliar la red de agua potable en esta colonia que colinda con Temixco<\/strong><\/p>\n<p><strong>\u2022 El trabajo coordinado entre ambos municipios se consider\u00f3 como hist\u00f3rico, puesto que Cuernavaca permitir\u00e1 que el municipio de Temixco ampli\u00e9 la red de agua potable en su territorio para beneficiar a 17 colonos de la zona<\/strong><\/p>\n<p>Como un hecho sin precedentes en el estado de Morelos, el Ayuntamiento de Cuernavaca encabezado por Jos\u00e9 Luis Uri\u00f3stegui Salgado y el Ayuntamiento de Temixco liderado por Juana Ocampo Dom\u00ednguez firmaron este martes 24 de diciembre un convenio de coordinaci\u00f3n para ampliar la red de agua potable en beneficio de vecinos de la avenida Santa \u00darsula en la colonia Eterna Primavera perteneciente a la delegaci\u00f3n L\u00e1zaro C\u00e1rdenas del R\u00edo derivado de una sentencia emitida por el Tribunal de Justicia Administrativa (TJA) y promovida desde el a\u00f1o 2011 por la comunidad.<\/p>\n<p>Jos\u00e9 Luis Uri\u00f3stegui precis\u00f3 que lo que gu\u00eda esta determinaci\u00f3n es la satisfacci\u00f3n de la necesidad de la poblaci\u00f3n, catalogando la decisi\u00f3n del TJA como hist\u00f3rica porque al observar que es pr\u00e1cticamente imposible trasladar el agua desde el municipio de Cuernavaca a la delegaci\u00f3n L\u00e1zaro C\u00e1rdenas del R\u00edo la opci\u00f3n m\u00e1s pr\u00e1ctica era recibir la colaboraci\u00f3n del municipio de Temixco que tiene una infraestructura pr\u00e1cticamente rodeando esta regi\u00f3n, por lo cual extern\u00f3 su agradecimiento a las autoridades de Temixco que pensando m\u00e1s all\u00e1 de la competencia y atribuciones ayudar\u00e1n a resolver un problema humano.<\/p>\n<p>Por su lado, la alcaldesa de Temixco, Juana Ocampo Dom\u00ednguez, confirm\u00f3 que se cuentan con las condiciones id\u00f3neas para dar cumplimiento a esta sentencia a trav\u00e9s de un trabajo coordinado que garantizar\u00e1 el derecho humano al agua potable en esta que es una de las colonias que comunican a ambos municipios.<\/p>\n<p>Al respecto, el magistrado presidente del Tribunal de Justicia Administrativa (TJA), Guillermo Arroyo Cruz, manifest\u00f3 su mensaje de celebraci\u00f3n a esta firma de convenio, puesto que adem\u00e1s de ser una sentencia hist\u00f3rica al incluir a dos municipios, es el asunto m\u00e1s antiguo que se ten\u00eda en la Segunda Sala que data desde el a\u00f1o 2011, aunque su impacto social se ven\u00eda suscitando hace m\u00e1s de 13 a\u00f1os al ser una colonia de reciente creaci\u00f3n.<\/p>\n<p>En este acto jur\u00eddico, estuvieron presentes por parte del Gobierno Municipal de Cuernavaca, la s\u00edndica municipal, Catalina Ver\u00f3nica Atenco P\u00e9rez; el secretario del Ayuntamiento, Carlos de la Rosa Segura; la consejera jur\u00eddica, Nadia Luz Lara Ch\u00e1vez; la directora general del Sistema de Agua Potable y Alcantarillado de Cuernavaca (SAPAC), Evelia Flores Hern\u00e1ndez y el director jur\u00eddico del organismo, Carlos Molina Joaqu\u00edn, quien a\u00f1adi\u00f3 que al carecer SAPAC de la red h\u00eddrica para abastecer del vital l\u00edquido a esta zona de la ciudad y particularmente a 17 personas de la colonia Eterna Primavera que se encuentran en territorio de Cuernavaca, el convenio dar\u00e1 paso a que el Ayuntamiento de Temixco realice la obra para dotar de agua potable a estos actores y as\u00ed dar por cumplida esta sentencia.<\/p>\n<p>Por parte del municipio de Temixco asistieron el s\u00edndico municipal, Andr\u00e9s Duque Tinoco, el secretario del Ayuntamiento, Carlos Caltenco Serrano, entre otras autoridades del organismo operador de agua.<\/p>\n\n\t\t<style type=\"text\/css\">\n\t\t\t#gallery-1 {\n\t\t\t\tmargin: auto;\n\t\t\t}\n\t\t\t#gallery-1 .gallery-item {\n\t\t\t\tfloat: left;\n\t\t\t\tmargin-top: 10px;\n\t\t\t\ttext-align: center;\n\t\t\t\twidth: 33%;\n\t\t\t}\n\t\t\t#gallery-1 img {\n\t\t\t\tborder: 2px solid #cfcfcf;\n\t\t\t}\n\t\t\t#gallery-1 .gallery-caption {\n\t\t\t\tmargin-left: 0;\n\t\t\t}\n\t\t\t\/* see gallery_shortcode() in wp-includes\/media.php *\/\n\t\t<\/style>\n\t\t<div id='gallery-1' class='gallery galleryid-47127 gallery-columns-3 gallery-size-thumbnail'><dl class='gallery-item'>\n\t\t\t<dt class='gallery-icon landscape'>\n\t\t\t\t<a href='https:\/\/cuernavaca.gob.mx\/?attachment_id=47128'><img width=\"150\" height=\"150\" src=\"https:\/\/cuernavaca.gob.mx\/wp-content\/uploads\/2024\/12\/AYUNTAMIENTOS-DE-CUERNAVACA-Y-TEMIXCO-FIRMAN-CONVENIO-PARA-GARANTIZAR-DERECHO-AL-AGUA-POTABLE-A-VECINOS-DE-LA-COLONIA-ETERNA-PRIMAVERA-1-150x150.jpg\" class=\"attachment-thumbnail size-thumbnail\" alt=\"\" loading=\"lazy\" \/><\/a>\n\t\t\t<\/dt><\/dl><dl class='gallery-item'>\n\t\t\t<dt class='gallery-icon landscape'>\n\t\t\t\t<a href='https:\/\/cuernavaca.gob.mx\/?attachment_id=47129'><img width=\"150\" height=\"150\" src=\"https:\/\/cuernavaca.gob.mx\/wp-content\/uploads\/2024\/12\/AYUNTAMIENTOS-DE-CUERNAVACA-Y-TEMIXCO-FIRMAN-CONVENIO-PARA-GARANTIZAR-DERECHO-AL-AGUA-POTABLE-A-VECINOS-DE-LA-COLONIA-ETERNA-PRIMAVERA-2-150x150.jpg\" class=\"attachment-thumbnail size-thumbnail\" alt=\"\" loading=\"lazy\" \/><\/a>\n\t\t\t<\/dt><\/dl><dl class='gallery-item'>\n\t\t\t<dt class='gallery-icon landscape'>\n\t\t\t\t<a href='https:\/\/cuernavaca.gob.mx\/?attachment_id=47130'><img width=\"150\" height=\"150\" src=\"https:\/\/cuernavaca.gob.mx\/wp-content\/uploads\/2024\/12\/AYUNTAMIENTOS-DE-CUERNAVACA-Y-TEMIXCO-FIRMAN-CONVENIO-PARA-GARANTIZAR-DERECHO-AL-AGUA-POTABLE-A-VECINOS-DE-LA-COLONIA-ETERNA-PRIMAVERA-3-150x150.jpg\" class=\"attachment-thumbnail size-thumbnail\" alt=\"\" loading=\"lazy\" \/><\/a>\n\t\t\t<\/dt><\/dl><br style=\"clear: both\" \/><dl class='gallery-item'>\n\t\t\t<dt class='gallery-icon landscape'>\n\t\t\t\t<a href='https:\/\/cuernavaca.gob.mx\/?attachment_id=47131'><img width=\"150\" height=\"150\" src=\"https:\/\/cuernavaca.gob.mx\/wp-content\/uploads\/2024\/12\/AYUNTAMIENTOS-DE-CUERNAVACA-Y-TEMIXCO-FIRMAN-CONVENIO-PARA-GARANTIZAR-DERECHO-AL-AGUA-POTABLE-A-VECINOS-DE-LA-COLONIA-ETERNA-PRIMAVERA-4-150x150.jpg\" class=\"attachment-thumbnail size-thumbnail\" alt=\"\" loading=\"lazy\" \/><\/a>\n\t\t\t<\/dt><\/dl><dl class='gallery-item'>\n\t\t\t<dt class='gallery-icon landscape'>\n\t\t\t\t<a href='https:\/\/cuernavaca.gob.mx\/?attachment_id=47132'><img width=\"150\" height=\"150\" src=\"https:\/\/cuernavaca.gob.mx\/wp-content\/uploads\/2024\/12\/AYUNTAMIENTOS-DE-CUERNAVACA-Y-TEMIXCO-FIRMAN-CONVENIO-PARA-GARANTIZAR-DERECHO-AL-AGUA-POTABLE-A-VECINOS-DE-LA-COLONIA-ETERNA-PRIMAVERA-5-150x150.jpg\" class=\"attachment-thumbnail size-thumbnail\" alt=\"\" loading=\"lazy\" \/><\/a>\n\t\t\t<\/dt><\/dl><dl class='gallery-item'>\n\t\t\t<dt class='gallery-icon landscape'>\n\t\t\t\t<a href='https:\/\/cuernavaca.gob.mx\/?attachment_id=47133'><img width=\"150\" height=\"150\" src=\"https:\/\/cuernavaca.gob.mx\/wp-content\/uploads\/2024\/12\/AYUNTAMIENTOS-DE-CUERNAVACA-Y-TEMIXCO-FIRMAN-CONVENIO-PARA-GARANTIZAR-DERECHO-AL-AGUA-POTABLE-A-VECINOS-DE-LA-COLONIA-ETERNA-PRIMAVERA-6-150x150.jpg\" class=\"attachment-thumbnail size-thumbnail\" alt=\"\" loading=\"lazy\" \/><\/a>\n\t\t\t<\/dt><\/dl><br style=\"clear: both\" \/><dl class='gallery-item'>\n\t\t\t<dt class='gallery-icon landscape'>\n\t\t\t\t<a href='https:\/\/cuernavaca.gob.mx\/?attachment_id=47134'><img width=\"150\" height=\"150\" src=\"https:\/\/cuernavaca.gob.mx\/wp-content\/uploads\/2024\/12\/AYUNTAMIENTOS-DE-CUERNAVACA-Y-TEMIXCO-FIRMAN-CONVENIO-PARA-GARANTIZAR-DERECHO-AL-AGUA-POTABLE-A-VECINOS-DE-LA-COLONIA-ETERNA-PRIMAVERA-7-150x150.jpg\" class=\"attachment-thumbnail size-thumbnail\" alt=\"\" loading=\"lazy\" \/><\/a>\n\t\t\t<\/dt><\/dl><dl class='gallery-item'>\n\t\t\t<dt class='gallery-icon landscape'>\n\t\t\t\t<a href='https:\/\/cuernavaca.gob.mx\/?attachment_id=47135'><img width=\"150\" height=\"150\" src=\"https:\/\/cuernavaca.gob.mx\/wp-content\/uploads\/2024\/12\/AYUNTAMIENTOS-DE-CUERNAVACA-Y-TEMIXCO-FIRMAN-CONVENIO-PARA-GARANTIZAR-DERECHO-AL-AGUA-POTABLE-A-VECINOS-DE-LA-COLONIA-ETERNA-PRIMAVERA-8-150x150.jpg\" class=\"attachment-thumbnail size-thumbnail\" alt=\"\" loading=\"lazy\" \/><\/a>\n\t\t\t<\/dt><\/dl><dl class='gallery-item'>\n\t\t\t<dt class='gallery-icon landscape'>\n\t\t\t\t<a href='https:\/\/cuernavaca.gob.mx\/?attachment_id=47136'><img width=\"150\" height=\"150\" src=\"https:\/\/cuernavaca.gob.mx\/wp-content\/uploads\/2024\/12\/AYUNTAMIENTOS-DE-CUERNAVACA-Y-TEMIXCO-FIRMAN-CONVENIO-PARA-GARANTIZAR-DERECHO-AL-AGUA-POTABLE-A-VECINOS-DE-LA-COLONIA-ETERNA-PRIMAVERA-9-150x150.jpg\" class=\"attachment-thumbnail size-thumbnail\" alt=\"\" loading=\"lazy\" \/><\/a>\n\t\t\t<\/dt><\/dl><br style=\"clear: both\" \/>\n\t\t<\/div>\n\n","protected":false},"excerpt":{"rendered":"<p>\u2022 El convenio deriva de una sentencia emitida por el Tribunal de Justicia Administrativa (TJA) y promovida desde el a\u00f1o 2011 por la comunidad para ampliar la red de agua potable en esta colonia que colinda con Temixco \u2022 El trabajo coordinado entre ambos municipios se consider\u00f3 como hist\u00f3rico, puesto que Cuernavaca permitir\u00e1 que el [&hellip;]<\/p>\n","protected":false},"author":1,"featured_media":47132,"comment_status":"closed","ping_status":"open","sticky":false,"template":"","format":"standard","meta":[],"categories":[1],"tags":[395,615,916,121,120,206,127,3312],"aioseo_notices":[],"_links":{"self":[{"href":"https:\/\/cuernavaca.gob.mx\/index.php?rest_route=\/wp\/v2\/posts\/47127"}],"collection":[{"href":"https:\/\/cuernavaca.gob.mx\/index.php?rest_route=\/wp\/v2\/posts"}],"about":[{"href":"https:\/\/cuernavaca.gob.mx\/index.php?rest_route=\/wp\/v2\/types\/post"}],"author":[{"embeddable":true,"href":"https:\/\/cuernavaca.gob.mx\/index.php?rest_route=\/wp\/v2\/users\/1"}],"replies":[{"embeddable":true,"href":"https:\/\/cuernavaca.gob.mx\/index.php?rest_route=%2Fwp%2Fv2%2Fcomments&post=47127"}],"version-history":[{"count":2,"href":"https:\/\/cuernavaca.gob.mx\/index.php?rest_route=\/wp\/v2\/posts\/47127\/revisions"}],"predecessor-version":[{"id":47138,"href":"https:\/\/cuernavaca.gob.mx\/index.php?rest_route=\/wp\/v2\/posts\/47127\/revisions\/47138"}],"wp:featuredmedia":[{"embeddable":true,"href":"https:\/\/cuernavaca.gob.mx\/index.php?rest_route=\/wp\/v2\/media\/47132"}],"wp:attachment":[{"href":"https:\/\/cuernavaca.gob.mx\/index.php?rest_route=%2Fwp%2Fv2%2Fmedia&parent=47127"}],"wp:term":[{"taxonomy":"category","embeddable":true,"href":"https:\/\/cuernavaca.gob.mx\/index.php?rest_route=%2Fwp%2Fv2%2Fcategories&post=47127"},{"taxonomy":"post_tag","embeddable":true,"href":"https:\/\/cuernavaca.gob.mx\/index.php?rest_route=%2Fwp%2Fv2%2Ftags&post=47127"}],"curies":[{"name":"wp","href":"https:\/\/api.w.org\/{rel}","templated":true}]}}