{"id":47161,"date":"2024-12-24T18:00:36","date_gmt":"2024-12-25T00:00:36","guid":{"rendered":"https:\/\/cuernavaca.gob.mx\/?p=47161"},"modified":"2024-12-25T20:26:54","modified_gmt":"2024-12-26T02:26:54","slug":"b2140-24-12-24-alcalde-de-cuernavaca-enviara-terna-para-designar-a-los-responsables-de-la-seguridad-publica-en-el-municipio","status":"publish","type":"post","link":"https:\/\/cuernavaca.gob.mx\/?p=47161","title":{"rendered":"B2140 24\/12\/24 ALCALDE DE CUERNAVACA ENVIAR\u00c1 TERNA PARA DESIGNAR A LOS RESPONSABLES DE LA SEGURIDAD P\u00daBLICA EN EL MUNICIPIO"},"content":{"rendered":"<div>\u2022 Jos\u00e9 Luis Uri\u00f3stegui consider\u00f3 fundamental darle continuidad al trabajo que se ha desarrollado en los \u00faltimos tres a\u00f1os fortaleciendo a la corporaci\u00f3n municipal<\/div>\n<div><\/div>\n<div>Como lo hab\u00eda informado previamente, el presidente municipal de Cuernavaca, Jos\u00e9 Luis Uri\u00f3stegui Salgado, se\u00f1al\u00f3 que enviar\u00e1 a la Secretar\u00eda de Seguridad y Protecci\u00f3n Ciudadana del Gobierno de Morelos la terna de qui\u00e9nes se proponen para estar al frente de la seguridad p\u00fablica del municipio para el periodo 2025- 2027, de conformidad con el trabajo coordinado y vinculaci\u00f3n que se ha mantenido con la gobernadora Margarita Gonz\u00e1lez Saravia.<\/div>\n<div><\/div>\n<div>En entrevista, indic\u00f3 que si bien en esta lista se encuentran titulares que podr\u00edan ser ratificados en el cargo como la secretaria de Protecci\u00f3n y Auxilio Ciudadano (SEPRAC), Alicia V\u00e1zquez Luna, no se trata de la continuidad de una persona, sino de la continuidad de un proyecto que arranc\u00f3 desde el 01 de enero del 2022 cuando recuperaron la polic\u00eda municipal que por varios a\u00f1os estuvo desmantelada, sin veh\u00edculos ni equipamiento.<\/div>\n<div><\/div>\n<div>Puntualiz\u00f3 que como parte de este proyecto en tres a\u00f1os han comenzado a fortalecer a la corporaci\u00f3n y a la propia dependencia, mejorando los salarios e instalando un Centro de Comando, Control, Comunicaci\u00f3n y C\u00f3mputo (C4) que cerrar\u00e1 con un promedio de mil cien c\u00e1maras instaladas en distintos puntos de Cuernavaca, con patrullas y personal capacitado y con sus ex\u00e1menes de Control y Confianza, as\u00ed como con una mejor imagen ante la sociedad que ha comenzado a recuperar la confianza en sus polic\u00edas.<\/div>\n<div><\/div>\n<div>\u201cLa polic\u00eda de Cuernavaca se cre\u00f3 en 1997 y despu\u00e9s de 25 a\u00f1os en lugar de avanzar hab\u00eda retrocedido, retomamos el proyecto, lo estamos impulsando y necesitamos que quien est\u00e9 a cargo tenga la visi\u00f3n y la m\u00edstica indispensable para lograr los resultados que Cuernavaca necesita\u201d, resalt\u00f3.<\/div>\n<div><\/div>\n<div>Cabe mencionar que, de acuerdo con el secretario de Gobierno del Estado, Juan Salgado Brito, las propuestas surgidas en la materia por los 36 municipios ser\u00e1n observadas tambi\u00e9n por la Secretar\u00eda de la Defensa Nacional (SEDENA).<\/div>\n<div><\/div>\n<div>\n\n\t\t<style type=\"text\/css\">\n\t\t\t#gallery-1 {\n\t\t\t\tmargin: auto;\n\t\t\t}\n\t\t\t#gallery-1 .gallery-item {\n\t\t\t\tfloat: left;\n\t\t\t\tmargin-top: 10px;\n\t\t\t\ttext-align: center;\n\t\t\t\twidth: 33%;\n\t\t\t}\n\t\t\t#gallery-1 img {\n\t\t\t\tborder: 2px solid #cfcfcf;\n\t\t\t}\n\t\t\t#gallery-1 .gallery-caption {\n\t\t\t\tmargin-left: 0;\n\t\t\t}\n\t\t\t\/* see gallery_shortcode() in wp-includes\/media.php *\/\n\t\t<\/style>\n\t\t<div id='gallery-1' class='gallery galleryid-47161 gallery-columns-3 gallery-size-thumbnail'><dl class='gallery-item'>\n\t\t\t<dt class='gallery-icon landscape'>\n\t\t\t\t<a href='https:\/\/cuernavaca.gob.mx\/?attachment_id=47162'><img width=\"150\" height=\"150\" src=\"https:\/\/cuernavaca.gob.mx\/wp-content\/uploads\/2024\/12\/ALCALDE-DE-CUERNAVACA-ENVIARA-TERNA-PARA-DESIGNAR-A-LOS-RESPONSABLES-DE-LA-SEGURIDAD-PUBLICA-EN-EL-MUNICIPIO-1-150x150.jpeg\" class=\"attachment-thumbnail size-thumbnail\" alt=\"\" loading=\"lazy\" \/><\/a>\n\t\t\t<\/dt><\/dl><dl class='gallery-item'>\n\t\t\t<dt class='gallery-icon landscape'>\n\t\t\t\t<a href='https:\/\/cuernavaca.gob.mx\/?attachment_id=47163'><img width=\"150\" height=\"150\" src=\"https:\/\/cuernavaca.gob.mx\/wp-content\/uploads\/2024\/12\/ALCALDE-DE-CUERNAVACA-ENVIARA-TERNA-PARA-DESIGNAR-A-LOS-RESPONSABLES-DE-LA-SEGURIDAD-PUBLICA-EN-EL-MUNICIPIO-2-150x150.jpeg\" class=\"attachment-thumbnail size-thumbnail\" alt=\"\" loading=\"lazy\" \/><\/a>\n\t\t\t<\/dt><\/dl><dl class='gallery-item'>\n\t\t\t<dt class='gallery-icon landscape'>\n\t\t\t\t<a href='https:\/\/cuernavaca.gob.mx\/?attachment_id=47164'><img width=\"150\" height=\"150\" src=\"https:\/\/cuernavaca.gob.mx\/wp-content\/uploads\/2024\/12\/ALCALDE-DE-CUERNAVACA-ENVIARA-TERNA-PARA-DESIGNAR-A-LOS-RESPONSABLES-DE-LA-SEGURIDAD-PUBLICA-EN-EL-MUNICIPIO-3-150x150.jpeg\" class=\"attachment-thumbnail size-thumbnail\" alt=\"\" loading=\"lazy\" \/><\/a>\n\t\t\t<\/dt><\/dl><br style=\"clear: both\" \/>\n\t\t<\/div>\n\n<\/div>\n","protected":false},"excerpt":{"rendered":"<p>\u2022 Jos\u00e9 Luis Uri\u00f3stegui consider\u00f3 fundamental darle continuidad al trabajo que se ha desarrollado en los \u00faltimos tres a\u00f1os fortaleciendo a la corporaci\u00f3n municipal Como lo hab\u00eda informado previamente, el presidente municipal de Cuernavaca, Jos\u00e9 Luis Uri\u00f3stegui Salgado, se\u00f1al\u00f3 que enviar\u00e1 a la Secretar\u00eda de Seguridad y Protecci\u00f3n Ciudadana del Gobierno de Morelos la terna [&hellip;]<\/p>\n","protected":false},"author":1,"featured_media":47162,"comment_status":"closed","ping_status":"open","sticky":false,"template":"","format":"standard","meta":[],"categories":[17],"tags":[121,120,206,141,3235,127,414,125],"aioseo_notices":[],"_links":{"self":[{"href":"https:\/\/cuernavaca.gob.mx\/index.php?rest_route=\/wp\/v2\/posts\/47161"}],"collection":[{"href":"https:\/\/cuernavaca.gob.mx\/index.php?rest_route=\/wp\/v2\/posts"}],"about":[{"href":"https:\/\/cuernavaca.gob.mx\/index.php?rest_route=\/wp\/v2\/types\/post"}],"author":[{"embeddable":true,"href":"https:\/\/cuernavaca.gob.mx\/index.php?rest_route=\/wp\/v2\/users\/1"}],"replies":[{"embeddable":true,"href":"https:\/\/cuernavaca.gob.mx\/index.php?rest_route=%2Fwp%2Fv2%2Fcomments&post=47161"}],"version-history":[{"count":1,"href":"https:\/\/cuernavaca.gob.mx\/index.php?rest_route=\/wp\/v2\/posts\/47161\/revisions"}],"predecessor-version":[{"id":47165,"href":"https:\/\/cuernavaca.gob.mx\/index.php?rest_route=\/wp\/v2\/posts\/47161\/revisions\/47165"}],"wp:featuredmedia":[{"embeddable":true,"href":"https:\/\/cuernavaca.gob.mx\/index.php?rest_route=\/wp\/v2\/media\/47162"}],"wp:attachment":[{"href":"https:\/\/cuernavaca.gob.mx\/index.php?rest_route=%2Fwp%2Fv2%2Fmedia&parent=47161"}],"wp:term":[{"taxonomy":"category","embeddable":true,"href":"https:\/\/cuernavaca.gob.mx\/index.php?rest_route=%2Fwp%2Fv2%2Fcategories&post=47161"},{"taxonomy":"post_tag","embeddable":true,"href":"https:\/\/cuernavaca.gob.mx\/index.php?rest_route=%2Fwp%2Fv2%2Ftags&post=47161"}],"curies":[{"name":"wp","href":"https:\/\/api.w.org\/{rel}","templated":true}]}}