{"id":47206,"date":"2024-12-27T14:05:16","date_gmt":"2024-12-27T20:05:16","guid":{"rendered":"https:\/\/cuernavaca.gob.mx\/?p=47206"},"modified":"2024-12-27T16:11:05","modified_gmt":"2024-12-27T22:11:05","slug":"f999-27-12-24-cumple-jose-luis-uriostegui-con-ley-de-entrega-recepcion-de-la-administracion-2022-2024","status":"publish","type":"post","link":"https:\/\/cuernavaca.gob.mx\/?p=47206","title":{"rendered":"F999 27\/12\/24 CUMPLE JOS\u00c9 LUIS URI\u00d3STEGUI CON LEY DE ENTREGA RECEPCI\u00d3N DE LA ADMINISTRACI\u00d3N 2022-2024"},"content":{"rendered":"<p>De conformidad con el art\u00edculo 27- Bis de la Ley de Entrega Recepci\u00f3n, el presidente municipal de Cuernavaca, Jos\u00e9 Luis Uri\u00f3stegui Salgado, llev\u00f3 a cabo este viernes la presentaci\u00f3n formal a la Contralor\u00eda Municipal del informe de la situaci\u00f3n que guardan los recursos humanos, materiales y financieros de las dependencias y organismos que conforman el Ayuntamiento capitalino, que ser\u00e1n analizados y revisados por la siguiente administraci\u00f3n municipal.<\/p>\n<p>En el patio del Museo de la Ciudad de Cuernavaca (MuCiC), el alcalde en presencia de su esposa Luz Mar\u00eda Zagal Guzm\u00e1n, presidenta del Sistema Municipal DIF Cuernavaca y de integrantes del Cabildo, reconoci\u00f3 que tal y como han cumplido en estos tres a\u00f1os, este acto protocolario tiene una gran trascendencia y trasfondo en el tema de transparencia y rendici\u00f3n cuentas, cerrando la administraci\u00f3n en los t\u00e9rminos que exige la sociedad y haciendo el proceso que en su caso el nuevo Cabildo habr\u00e1 de analizar como lo establece la Ley Org\u00e1nica Municipal.<\/p>\n<p>De acuerdo con el art\u00edculo 27- Bis de la Ley de Entrega Recepci\u00f3n, las presidentas y presidentes municipales que hayan sido reelectos en su cargo al t\u00e9rmino de su primer periodo de ejercicio su proceso de entrega recepci\u00f3n consistir\u00e1 en realizar un informe que contenga de manera general la situaci\u00f3n que guarda los recursos humanos, materiales y financieros, tanto de su despacho como de la administraci\u00f3n, el cual deber\u00e1 presentarse ante su \u00f3rgano interno de control que en este caso estuvo encabezado por el encargado de Despacho de la Contralor\u00eda Municipal, Francisco Javier Vargas Saavedra.<\/p>\n\n\t\t<style type=\"text\/css\">\n\t\t\t#gallery-1 {\n\t\t\t\tmargin: auto;\n\t\t\t}\n\t\t\t#gallery-1 .gallery-item {\n\t\t\t\tfloat: left;\n\t\t\t\tmargin-top: 10px;\n\t\t\t\ttext-align: center;\n\t\t\t\twidth: 33%;\n\t\t\t}\n\t\t\t#gallery-1 img {\n\t\t\t\tborder: 2px solid #cfcfcf;\n\t\t\t}\n\t\t\t#gallery-1 .gallery-caption {\n\t\t\t\tmargin-left: 0;\n\t\t\t}\n\t\t\t\/* see gallery_shortcode() in wp-includes\/media.php *\/\n\t\t<\/style>\n\t\t<div id='gallery-1' class='gallery galleryid-47206 gallery-columns-3 gallery-size-thumbnail'><dl class='gallery-item'>\n\t\t\t<dt class='gallery-icon landscape'>\n\t\t\t\t<a href='https:\/\/cuernavaca.gob.mx\/?attachment_id=47207'><img width=\"150\" height=\"150\" src=\"https:\/\/cuernavaca.gob.mx\/wp-content\/uploads\/2024\/12\/CUMPLE-JOSE\u0301-LUIS-URIO\u0301STEGUI-CON-LEY-DE-ENTREGA-RECEPCIO\u0301N-DE-LA-ADMINISTRACIO\u0301N-2022-2024-1-150x150.jpg\" class=\"attachment-thumbnail size-thumbnail\" alt=\"\" loading=\"lazy\" \/><\/a>\n\t\t\t<\/dt><\/dl><dl class='gallery-item'>\n\t\t\t<dt class='gallery-icon landscape'>\n\t\t\t\t<a href='https:\/\/cuernavaca.gob.mx\/?attachment_id=47208'><img width=\"150\" height=\"150\" src=\"https:\/\/cuernavaca.gob.mx\/wp-content\/uploads\/2024\/12\/CUMPLE-JOSE\u0301-LUIS-URIO\u0301STEGUI-CON-LEY-DE-ENTREGA-RECEPCIO\u0301N-DE-LA-ADMINISTRACIO\u0301N-2022-2024-2-150x150.jpg\" class=\"attachment-thumbnail size-thumbnail\" alt=\"\" loading=\"lazy\" \/><\/a>\n\t\t\t<\/dt><\/dl><dl class='gallery-item'>\n\t\t\t<dt class='gallery-icon landscape'>\n\t\t\t\t<a href='https:\/\/cuernavaca.gob.mx\/?attachment_id=47209'><img width=\"150\" height=\"150\" src=\"https:\/\/cuernavaca.gob.mx\/wp-content\/uploads\/2024\/12\/CUMPLE-JOSE\u0301-LUIS-URIO\u0301STEGUI-CON-LEY-DE-ENTREGA-RECEPCIO\u0301N-DE-LA-ADMINISTRACIO\u0301N-2022-2024-3-150x150.jpg\" class=\"attachment-thumbnail size-thumbnail\" alt=\"\" loading=\"lazy\" \/><\/a>\n\t\t\t<\/dt><\/dl><br style=\"clear: both\" \/><dl class='gallery-item'>\n\t\t\t<dt class='gallery-icon landscape'>\n\t\t\t\t<a href='https:\/\/cuernavaca.gob.mx\/?attachment_id=47210'><img width=\"150\" height=\"150\" src=\"https:\/\/cuernavaca.gob.mx\/wp-content\/uploads\/2024\/12\/CUMPLE-JOSE\u0301-LUIS-URIO\u0301STEGUI-CON-LEY-DE-ENTREGA-RECEPCIO\u0301N-DE-LA-ADMINISTRACIO\u0301N-2022-2024-4-150x150.jpg\" class=\"attachment-thumbnail size-thumbnail\" alt=\"\" loading=\"lazy\" \/><\/a>\n\t\t\t<\/dt><\/dl><dl class='gallery-item'>\n\t\t\t<dt class='gallery-icon landscape'>\n\t\t\t\t<a href='https:\/\/cuernavaca.gob.mx\/?attachment_id=47211'><img width=\"150\" height=\"150\" src=\"https:\/\/cuernavaca.gob.mx\/wp-content\/uploads\/2024\/12\/CUMPLE-JOSE\u0301-LUIS-URIO\u0301STEGUI-CON-LEY-DE-ENTREGA-RECEPCIO\u0301N-DE-LA-ADMINISTRACIO\u0301N-2022-2024-5-150x150.jpg\" class=\"attachment-thumbnail size-thumbnail\" alt=\"\" loading=\"lazy\" \/><\/a>\n\t\t\t<\/dt><\/dl>\n\t\t\t<br style='clear: both' \/>\n\t\t<\/div>\n\n<p>&nbsp;<\/p>\n","protected":false},"excerpt":{"rendered":"<p>De conformidad con el art\u00edculo 27- Bis de la Ley de Entrega Recepci\u00f3n, el presidente municipal de Cuernavaca, Jos\u00e9 Luis Uri\u00f3stegui Salgado, llev\u00f3 a cabo este viernes la presentaci\u00f3n formal a la Contralor\u00eda Municipal del informe de la situaci\u00f3n que guardan los recursos humanos, materiales y financieros de las dependencias y organismos que conforman el [&hellip;]<\/p>\n","protected":false},"author":1,"featured_media":47208,"comment_status":"closed","ping_status":"open","sticky":false,"template":"","format":"standard","meta":[],"categories":[20],"tags":[121,3955,1929,120,206,127,1727],"aioseo_notices":[],"_links":{"self":[{"href":"https:\/\/cuernavaca.gob.mx\/index.php?rest_route=\/wp\/v2\/posts\/47206"}],"collection":[{"href":"https:\/\/cuernavaca.gob.mx\/index.php?rest_route=\/wp\/v2\/posts"}],"about":[{"href":"https:\/\/cuernavaca.gob.mx\/index.php?rest_route=\/wp\/v2\/types\/post"}],"author":[{"embeddable":true,"href":"https:\/\/cuernavaca.gob.mx\/index.php?rest_route=\/wp\/v2\/users\/1"}],"replies":[{"embeddable":true,"href":"https:\/\/cuernavaca.gob.mx\/index.php?rest_route=%2Fwp%2Fv2%2Fcomments&post=47206"}],"version-history":[{"count":1,"href":"https:\/\/cuernavaca.gob.mx\/index.php?rest_route=\/wp\/v2\/posts\/47206\/revisions"}],"predecessor-version":[{"id":47212,"href":"https:\/\/cuernavaca.gob.mx\/index.php?rest_route=\/wp\/v2\/posts\/47206\/revisions\/47212"}],"wp:featuredmedia":[{"embeddable":true,"href":"https:\/\/cuernavaca.gob.mx\/index.php?rest_route=\/wp\/v2\/media\/47208"}],"wp:attachment":[{"href":"https:\/\/cuernavaca.gob.mx\/index.php?rest_route=%2Fwp%2Fv2%2Fmedia&parent=47206"}],"wp:term":[{"taxonomy":"category","embeddable":true,"href":"https:\/\/cuernavaca.gob.mx\/index.php?rest_route=%2Fwp%2Fv2%2Fcategories&post=47206"},{"taxonomy":"post_tag","embeddable":true,"href":"https:\/\/cuernavaca.gob.mx\/index.php?rest_route=%2Fwp%2Fv2%2Ftags&post=47206"}],"curies":[{"name":"wp","href":"https:\/\/api.w.org\/{rel}","templated":true}]}}