{"id":47216,"date":"2024-12-27T15:35:40","date_gmt":"2024-12-27T21:35:40","guid":{"rendered":"https:\/\/cuernavaca.gob.mx\/?p=47216"},"modified":"2024-12-28T15:08:38","modified_gmt":"2024-12-28T21:08:38","slug":"f1000-27712-24-jose-luis-uriostegui-devela-su-retrato-oficial-de-alcalde-de-cuernavaca","status":"publish","type":"post","link":"https:\/\/cuernavaca.gob.mx\/?p=47216","title":{"rendered":"F1000 27\/12\/24 JOS\u00c9 LUIS URI\u00d3STEGUI DEVELA SU RETRATO OFICIAL DE ALCALDE DE CUERNAVACA"},"content":{"rendered":"<p>Jos\u00e9 Luis Uri\u00f3stegui Salgado devel\u00f3 este viernes su retrato oficial como presidente municipal de Cuernavaca para el periodo 2022- 2024, mismo que estar\u00e1 expuesto a partir de ahora en el Sal\u00f3n Presidentes del Museo de la Ciudad de Cuernavaca (MuCiC), que bajo su gesti\u00f3n fue sede oficial no solo de las sesiones de Cabildo, sino tambi\u00e9n de distintos eventos que lo posicionaron como un espacio vivo y de convivencia comunitaria.<\/p>\n<p>Acompa\u00f1ado por su esposa, Luz Mar\u00eda Zagal Guzm\u00e1n, presidenta del Sistema Municipal DIF Cuernavaca, de integrantes del Cabildo y servidores p\u00fablicos, el alcalde capitalino agradeci\u00f3 el trabajo de la maestra Magda Torres Gurza, artista pl\u00e1stica quien estuvo a cargo de plasmar su retrato al \u00f3leo y que se suma a las y los alcaldes que ha tenido la capital morelense desde su creaci\u00f3n.<\/p>\n<p>Cabe mencionar que, como un hecho hist\u00f3rico en la ciudad, este lunes 30 de diciembre Jos\u00e9 Luis Uri\u00f3stegui Salgado tomar\u00e1 protesta por segunda ocasi\u00f3n como presidente municipal de Cuernavaca para el periodo 2025- 2027, siendo la primera ocasi\u00f3n que la capital morelense contar\u00e1 con un alcalde reelecto.<\/p>\n\n\t\t<style type=\"text\/css\">\n\t\t\t#gallery-1 {\n\t\t\t\tmargin: auto;\n\t\t\t}\n\t\t\t#gallery-1 .gallery-item {\n\t\t\t\tfloat: left;\n\t\t\t\tmargin-top: 10px;\n\t\t\t\ttext-align: center;\n\t\t\t\twidth: 33%;\n\t\t\t}\n\t\t\t#gallery-1 img {\n\t\t\t\tborder: 2px solid #cfcfcf;\n\t\t\t}\n\t\t\t#gallery-1 .gallery-caption {\n\t\t\t\tmargin-left: 0;\n\t\t\t}\n\t\t\t\/* see gallery_shortcode() in wp-includes\/media.php *\/\n\t\t<\/style>\n\t\t<div id='gallery-1' class='gallery galleryid-47216 gallery-columns-3 gallery-size-thumbnail'><dl class='gallery-item'>\n\t\t\t<dt class='gallery-icon landscape'>\n\t\t\t\t<a href='https:\/\/cuernavaca.gob.mx\/?attachment_id=47217'><img width=\"150\" height=\"150\" src=\"https:\/\/cuernavaca.gob.mx\/wp-content\/uploads\/2024\/12\/JOSE\u0301-LUIS-URIO\u0301STEGUI-DEVELA-SU-RETRATO-OFICIAL-DE-ALCALDE-DE-CUERNAVACA-1-150x150.jpg\" class=\"attachment-thumbnail size-thumbnail\" alt=\"\" loading=\"lazy\" \/><\/a>\n\t\t\t<\/dt><\/dl><dl class='gallery-item'>\n\t\t\t<dt class='gallery-icon landscape'>\n\t\t\t\t<a href='https:\/\/cuernavaca.gob.mx\/?attachment_id=47218'><img width=\"150\" height=\"150\" src=\"https:\/\/cuernavaca.gob.mx\/wp-content\/uploads\/2024\/12\/JOSE\u0301-LUIS-URIO\u0301STEGUI-DEVELA-SU-RETRATO-OFICIAL-DE-ALCALDE-DE-CUERNAVACA-2-150x150.jpg\" class=\"attachment-thumbnail size-thumbnail\" alt=\"\" loading=\"lazy\" \/><\/a>\n\t\t\t<\/dt><\/dl><dl class='gallery-item'>\n\t\t\t<dt class='gallery-icon landscape'>\n\t\t\t\t<a href='https:\/\/cuernavaca.gob.mx\/?attachment_id=47219'><img width=\"150\" height=\"150\" src=\"https:\/\/cuernavaca.gob.mx\/wp-content\/uploads\/2024\/12\/JOSE\u0301-LUIS-URIO\u0301STEGUI-DEVELA-SU-RETRATO-OFICIAL-DE-ALCALDE-DE-CUERNAVACA-3-150x150.jpg\" class=\"attachment-thumbnail size-thumbnail\" alt=\"\" loading=\"lazy\" \/><\/a>\n\t\t\t<\/dt><\/dl><br style=\"clear: both\" \/><dl class='gallery-item'>\n\t\t\t<dt class='gallery-icon landscape'>\n\t\t\t\t<a href='https:\/\/cuernavaca.gob.mx\/?attachment_id=47220'><img width=\"150\" height=\"150\" src=\"https:\/\/cuernavaca.gob.mx\/wp-content\/uploads\/2024\/12\/JOSE\u0301-LUIS-URIO\u0301STEGUI-DEVELA-SU-RETRATO-OFICIAL-DE-ALCALDE-DE-CUERNAVACA-4-150x150.jpg\" class=\"attachment-thumbnail size-thumbnail\" alt=\"\" loading=\"lazy\" \/><\/a>\n\t\t\t<\/dt><\/dl><dl class='gallery-item'>\n\t\t\t<dt class='gallery-icon landscape'>\n\t\t\t\t<a href='https:\/\/cuernavaca.gob.mx\/?attachment_id=47221'><img width=\"150\" height=\"150\" src=\"https:\/\/cuernavaca.gob.mx\/wp-content\/uploads\/2024\/12\/JOSE\u0301-LUIS-URIO\u0301STEGUI-DEVELA-SU-RETRATO-OFICIAL-DE-ALCALDE-DE-CUERNAVACA-5-150x150.jpg\" class=\"attachment-thumbnail size-thumbnail\" alt=\"\" loading=\"lazy\" \/><\/a>\n\t\t\t<\/dt><\/dl>\n\t\t\t<br style='clear: both' \/>\n\t\t<\/div>\n\n","protected":false},"excerpt":{"rendered":"<p>Jos\u00e9 Luis Uri\u00f3stegui Salgado devel\u00f3 este viernes su retrato oficial como presidente municipal de Cuernavaca para el periodo 2022- 2024, mismo que estar\u00e1 expuesto a partir de ahora en el Sal\u00f3n Presidentes del Museo de la Ciudad de Cuernavaca (MuCiC), que bajo su gesti\u00f3n fue sede oficial no solo de las sesiones de Cabildo, sino [&hellip;]<\/p>\n","protected":false},"author":1,"featured_media":47218,"comment_status":"closed","ping_status":"open","sticky":false,"template":"","format":"standard","meta":[],"categories":[3047],"tags":[121,120,206,127,1504,3956],"aioseo_notices":[],"_links":{"self":[{"href":"https:\/\/cuernavaca.gob.mx\/index.php?rest_route=\/wp\/v2\/posts\/47216"}],"collection":[{"href":"https:\/\/cuernavaca.gob.mx\/index.php?rest_route=\/wp\/v2\/posts"}],"about":[{"href":"https:\/\/cuernavaca.gob.mx\/index.php?rest_route=\/wp\/v2\/types\/post"}],"author":[{"embeddable":true,"href":"https:\/\/cuernavaca.gob.mx\/index.php?rest_route=\/wp\/v2\/users\/1"}],"replies":[{"embeddable":true,"href":"https:\/\/cuernavaca.gob.mx\/index.php?rest_route=%2Fwp%2Fv2%2Fcomments&post=47216"}],"version-history":[{"count":2,"href":"https:\/\/cuernavaca.gob.mx\/index.php?rest_route=\/wp\/v2\/posts\/47216\/revisions"}],"predecessor-version":[{"id":47225,"href":"https:\/\/cuernavaca.gob.mx\/index.php?rest_route=\/wp\/v2\/posts\/47216\/revisions\/47225"}],"wp:featuredmedia":[{"embeddable":true,"href":"https:\/\/cuernavaca.gob.mx\/index.php?rest_route=\/wp\/v2\/media\/47218"}],"wp:attachment":[{"href":"https:\/\/cuernavaca.gob.mx\/index.php?rest_route=%2Fwp%2Fv2%2Fmedia&parent=47216"}],"wp:term":[{"taxonomy":"category","embeddable":true,"href":"https:\/\/cuernavaca.gob.mx\/index.php?rest_route=%2Fwp%2Fv2%2Fcategories&post=47216"},{"taxonomy":"post_tag","embeddable":true,"href":"https:\/\/cuernavaca.gob.mx\/index.php?rest_route=%2Fwp%2Fv2%2Ftags&post=47216"}],"curies":[{"name":"wp","href":"https:\/\/api.w.org\/{rel}","templated":true}]}}