{"id":47224,"date":"2024-12-28T15:12:52","date_gmt":"2024-12-28T21:12:52","guid":{"rendered":"https:\/\/cuernavaca.gob.mx\/?p=47224"},"modified":"2024-12-28T15:12:52","modified_gmt":"2024-12-28T21:12:52","slug":"b2146-28-12-24-en-tres-anos-cuernavaca-recupera-su-posicion-como-un-destino-atractivo-en-el-mapa-turistico-mundial","status":"publish","type":"post","link":"https:\/\/cuernavaca.gob.mx\/?p=47224","title":{"rendered":"B2146 28\/12\/24 EN TRES A\u00d1OS, CUERNAVACA RECUPERA SU POSICI\u00d3N COMO UN DESTINO ATRACTIVO EN EL MAPA TUR\u00cdSTICO MUNDIAL"},"content":{"rendered":"<p><strong>\u2022\u2060 \u2060En el marco de la quinta sesi\u00f3n ordinaria y \u00faltima del COCTUR, el presidente municipal Jos\u00e9 Luis Uri\u00f3stegui destac\u00f3 la suma de esfuerzos con las ramas tur\u00edsticas y ahora con el Gobierno del Estado<\/strong><\/p>\n<p>El presidente municipal de Cuernavaca, Jos\u00e9 Luis Uri\u00f3stegui Salgado, reconoci\u00f3 el trabajo hecho en estos tres a\u00f1os de administraci\u00f3n por el Consejo Consultivo de Turismo (COCTUR) que fue reactivado para, a trav\u00e9s de un esfuerzo coordinado con actores clave del turismo, impulsar el desarrollo tur\u00edstico y cultural, consolidando a la regi\u00f3n como un destino atractivo en el mapa tur\u00edstico mundial que favorezca, tanto a los residentes como a los visitantes.<\/p>\n<p>En el marco de la quinta sesi\u00f3n ordinaria y \u00faltima del COCTUR, el alcalde agradeci\u00f3 la participaci\u00f3n permanente y activa de representantes de los hoteleros, de las escuelas de espa\u00f1ol, de la C\u00e1mara Nacional de Comercio, Servicios y Turismo (Canaco- Servytur), de discotequeros, restauranteros y de servidores p\u00fablicos que bajo la coordinaci\u00f3n de Marcos Manuel Su\u00e1rez Gerard en tres a\u00f1os han logrado en conjunto con el municipio resultados palpables en la materia como el muralismo en Cuernavaca que representa un cambio de imagen de la ciudad abonando a la construcci\u00f3n de paz y a que m\u00e1s personas visiten la capital morelense y observen el rescate de los espacios p\u00fablicos.<\/p>\n<p>Destac\u00f3 la presencia del secretario de Turismo del Gobierno del Estado, Daniel Altafi Valladares que demuestra la disposici\u00f3n y apertura que ha tenido la gobernadora Margarita Gonz\u00e1lez Saravia en dos meses y medio para coadyuvar con el municipio, lo que proyecta que Morelos la tierra que nos une, tendr\u00e1 una gran transformaci\u00f3n en todos los rubros, a la cual est\u00e1n sumados iniciativa privada y autoridades municipales.<\/p>\n<p>En la sesi\u00f3n se presentaron tres proyectos que buscan no solo potenciar el desarrollo del sector, sino tambi\u00e9n aprovechar el posicionamiento de Cuernavaca a nivel nacional e internacional para apoyar a la poblaci\u00f3n que m\u00e1s lo requiere a trav\u00e9s de la instalaci\u00f3n de un centro de acopio permanente en el edificio de la Direcci\u00f3n de Turismo, iniciativa impulsada por el Club de Leones Cuernavaca Forza.<\/p>\n<p>Adem\u00e1s, el presidente de la Asociaci\u00f3n de Institutos para la Ense\u00f1anza del Espa\u00f1ol, Carlos Brito Corona y la Mtra. Cristina Sifuentes presentaron el proyecto \u201cCl\u00faster Tur\u00edstico\u201d, que reunir\u00e1 a l\u00edderes de asociaciones tur\u00edsticas del estado con el objetivo de potenciar el desarrollo del sector, mientras que Francisco Reyes, gerente de Relaciones P\u00fablicas del Atlante F.C., resalt\u00f3 la oportunidad que representa para el turismo en Cuernavaca que el club de f\u00fatbol tenga como su nueva casa el estado de Morelos, particularmente en el estadio Agust\u00edn Coruco D\u00edaz en Zacatepec, lo que podr\u00e1 impulsar a Cuernavaca, al ser la capital morelense, como un destino atractivo que combina el deporte y la cultura con beneficios econ\u00f3micos para la regi\u00f3n.<\/p>\n<p>Ante la temporalidad, las propuestas ser\u00e1n turnadas y analizadas en la siguiente administraci\u00f3n que bajo el liderazgo de Jos\u00e9 Luis Uri\u00f3stegui Salgado dar\u00e1 seguimiento a los trabajos del COCTUR.<\/p>\n\n\t\t<style type=\"text\/css\">\n\t\t\t#gallery-1 {\n\t\t\t\tmargin: auto;\n\t\t\t}\n\t\t\t#gallery-1 .gallery-item {\n\t\t\t\tfloat: left;\n\t\t\t\tmargin-top: 10px;\n\t\t\t\ttext-align: center;\n\t\t\t\twidth: 33%;\n\t\t\t}\n\t\t\t#gallery-1 img {\n\t\t\t\tborder: 2px solid #cfcfcf;\n\t\t\t}\n\t\t\t#gallery-1 .gallery-caption {\n\t\t\t\tmargin-left: 0;\n\t\t\t}\n\t\t\t\/* see gallery_shortcode() in wp-includes\/media.php *\/\n\t\t<\/style>\n\t\t<div id='gallery-1' class='gallery galleryid-47224 gallery-columns-3 gallery-size-thumbnail'><dl class='gallery-item'>\n\t\t\t<dt class='gallery-icon landscape'>\n\t\t\t\t<a href='https:\/\/cuernavaca.gob.mx\/?attachment_id=47227'><img width=\"150\" height=\"150\" src=\"https:\/\/cuernavaca.gob.mx\/wp-content\/uploads\/2024\/12\/Cuernavaca-Destino-Turistico-001-150x150.jpeg\" class=\"attachment-thumbnail size-thumbnail\" alt=\"\" loading=\"lazy\" \/><\/a>\n\t\t\t<\/dt><\/dl><dl class='gallery-item'>\n\t\t\t<dt class='gallery-icon landscape'>\n\t\t\t\t<a href='https:\/\/cuernavaca.gob.mx\/?attachment_id=47228'><img width=\"150\" height=\"150\" src=\"https:\/\/cuernavaca.gob.mx\/wp-content\/uploads\/2024\/12\/Cuernavaca-Destino-Turistico-002-150x150.jpeg\" class=\"attachment-thumbnail size-thumbnail\" alt=\"\" loading=\"lazy\" \/><\/a>\n\t\t\t<\/dt><\/dl><dl class='gallery-item'>\n\t\t\t<dt class='gallery-icon landscape'>\n\t\t\t\t<a href='https:\/\/cuernavaca.gob.mx\/?attachment_id=47229'><img width=\"150\" height=\"150\" src=\"https:\/\/cuernavaca.gob.mx\/wp-content\/uploads\/2024\/12\/Cuernavaca-Destino-Turistico-003-150x150.jpeg\" class=\"attachment-thumbnail size-thumbnail\" alt=\"\" loading=\"lazy\" \/><\/a>\n\t\t\t<\/dt><\/dl><br style=\"clear: both\" \/><dl class='gallery-item'>\n\t\t\t<dt class='gallery-icon landscape'>\n\t\t\t\t<a href='https:\/\/cuernavaca.gob.mx\/?attachment_id=47230'><img width=\"150\" height=\"150\" src=\"https:\/\/cuernavaca.gob.mx\/wp-content\/uploads\/2024\/12\/Cuernavaca-Destino-Turistico-004-150x150.jpeg\" class=\"attachment-thumbnail size-thumbnail\" alt=\"\" loading=\"lazy\" \/><\/a>\n\t\t\t<\/dt><\/dl><dl class='gallery-item'>\n\t\t\t<dt class='gallery-icon landscape'>\n\t\t\t\t<a href='https:\/\/cuernavaca.gob.mx\/?attachment_id=47231'><img width=\"150\" height=\"150\" src=\"https:\/\/cuernavaca.gob.mx\/wp-content\/uploads\/2024\/12\/Cuernavaca-Destino-Turistico-005-150x150.jpeg\" class=\"attachment-thumbnail size-thumbnail\" alt=\"\" loading=\"lazy\" \/><\/a>\n\t\t\t<\/dt><\/dl><dl class='gallery-item'>\n\t\t\t<dt class='gallery-icon landscape'>\n\t\t\t\t<a href='https:\/\/cuernavaca.gob.mx\/?attachment_id=47232'><img width=\"150\" height=\"150\" src=\"https:\/\/cuernavaca.gob.mx\/wp-content\/uploads\/2024\/12\/Cuernavaca-Destino-Turistico-006-150x150.jpeg\" class=\"attachment-thumbnail size-thumbnail\" alt=\"\" loading=\"lazy\" \/><\/a>\n\t\t\t<\/dt><\/dl><br style=\"clear: both\" \/><dl class='gallery-item'>\n\t\t\t<dt class='gallery-icon landscape'>\n\t\t\t\t<a href='https:\/\/cuernavaca.gob.mx\/?attachment_id=47233'><img width=\"150\" height=\"150\" src=\"https:\/\/cuernavaca.gob.mx\/wp-content\/uploads\/2024\/12\/Cuernavaca-Destino-Turistico-007-150x150.jpeg\" class=\"attachment-thumbnail size-thumbnail\" alt=\"\" loading=\"lazy\" \/><\/a>\n\t\t\t<\/dt><\/dl>\n\t\t\t<br style='clear: both' \/>\n\t\t<\/div>\n\n","protected":false},"excerpt":{"rendered":"<p>\u2022\u2060 \u2060En el marco de la quinta sesi\u00f3n ordinaria y \u00faltima del COCTUR, el presidente municipal Jos\u00e9 Luis Uri\u00f3stegui destac\u00f3 la suma de esfuerzos con las ramas tur\u00edsticas y ahora con el Gobierno del Estado El presidente municipal de Cuernavaca, Jos\u00e9 Luis Uri\u00f3stegui Salgado, reconoci\u00f3 el trabajo hecho en estos tres a\u00f1os de administraci\u00f3n por [&hellip;]<\/p>\n","protected":false},"author":1,"featured_media":47233,"comment_status":"closed","ping_status":"open","sticky":false,"template":"","format":"standard","meta":[],"categories":[2294,20,21],"tags":[264,3600,121,3957,3860,3958,676,194],"aioseo_notices":[],"_links":{"self":[{"href":"https:\/\/cuernavaca.gob.mx\/index.php?rest_route=\/wp\/v2\/posts\/47224"}],"collection":[{"href":"https:\/\/cuernavaca.gob.mx\/index.php?rest_route=\/wp\/v2\/posts"}],"about":[{"href":"https:\/\/cuernavaca.gob.mx\/index.php?rest_route=\/wp\/v2\/types\/post"}],"author":[{"embeddable":true,"href":"https:\/\/cuernavaca.gob.mx\/index.php?rest_route=\/wp\/v2\/users\/1"}],"replies":[{"embeddable":true,"href":"https:\/\/cuernavaca.gob.mx\/index.php?rest_route=%2Fwp%2Fv2%2Fcomments&post=47224"}],"version-history":[{"count":1,"href":"https:\/\/cuernavaca.gob.mx\/index.php?rest_route=\/wp\/v2\/posts\/47224\/revisions"}],"predecessor-version":[{"id":47234,"href":"https:\/\/cuernavaca.gob.mx\/index.php?rest_route=\/wp\/v2\/posts\/47224\/revisions\/47234"}],"wp:featuredmedia":[{"embeddable":true,"href":"https:\/\/cuernavaca.gob.mx\/index.php?rest_route=\/wp\/v2\/media\/47233"}],"wp:attachment":[{"href":"https:\/\/cuernavaca.gob.mx\/index.php?rest_route=%2Fwp%2Fv2%2Fmedia&parent=47224"}],"wp:term":[{"taxonomy":"category","embeddable":true,"href":"https:\/\/cuernavaca.gob.mx\/index.php?rest_route=%2Fwp%2Fv2%2Fcategories&post=47224"},{"taxonomy":"post_tag","embeddable":true,"href":"https:\/\/cuernavaca.gob.mx\/index.php?rest_route=%2Fwp%2Fv2%2Ftags&post=47224"}],"curies":[{"name":"wp","href":"https:\/\/api.w.org\/{rel}","templated":true}]}}