{"id":47235,"date":"2024-12-28T15:21:22","date_gmt":"2024-12-28T21:21:22","guid":{"rendered":"https:\/\/cuernavaca.gob.mx\/?p=47235"},"modified":"2024-12-28T15:21:22","modified_gmt":"2024-12-28T21:21:22","slug":"b2147-28-12-24-en-tres-anos-el-ayuntamiento-de-cuernavaca-ha-fortalecido-la-organizacion-comunitaria-en-la-construccion-de-paz","status":"publish","type":"post","link":"https:\/\/cuernavaca.gob.mx\/?p=47235","title":{"rendered":"B2147 28\/12\/24 EN TRES A\u00d1OS, EL AYUNTAMIENTO DE CUERNAVACA HA FORTALECIDO LA ORGANIZACI\u00d3N COMUNITARIA EN LA CONSTRUCCI\u00d3N DE PAZ"},"content":{"rendered":"<p>\u2060A trav\u00e9s de distintas actividades el Secretariado Ejecutivo del Consejo Municipal de Seguridad P\u00fablica benefici\u00f3 del 2022 al 2024 a 154 mil 674 personas en materia de prevenci\u00f3n social de la violencia<\/p>\n<p>En tres a\u00f1os de administraci\u00f3n, el Secretariado Ejecutivo del Consejo Municipal de Seguridad P\u00fablica de Cuernavaca ha transformado no solo su organizaci\u00f3n e integraci\u00f3n interna, sino tambi\u00e9n la convivencia y trabajo coordinado con la sociedad, estableciendo una organizaci\u00f3n comunitaria en materia de prevenci\u00f3n social de la violencia que ha fortalecido la construcci\u00f3n de paz en la capital morelense.<\/p>\n<p>En el marco de la \u00faltima sesi\u00f3n ordinaria del Consejo Municipal de Seguridad P\u00fablica que forma parte de este trabajo coordinado con la ciudadan\u00eda, el titular del Secretariado Ejecutivo del Consejo Municipal de Seguridad P\u00fablica, Marco Olvera Benedicto, refiri\u00f3 que tras recibir una dependencia carente de identidad, con el doble de puestos de confianza con aviadores y sin trabajo propio, hoy bajo el liderazgo de Jos\u00e9 Luis Uri\u00f3stegui Salgado se han logrado grandes avances en la materia, promoviendo la corresponsabilidad e involucramiento de los cuernavaquenses en la prevenci\u00f3n del delito.<\/p>\n<p>Como ejemplo de ello, precis\u00f3 que en tres a\u00f1os se beneficiaron a 154 mil 674 personas de manera directa a trav\u00e9s de distintas actividades desde Comit\u00e9s de Consulta y Participaci\u00f3n Ciudadana, para los cuales se llevaron a cabo 113; 28 diagn\u00f3sticos situacionales, 80 marchas exploratorias de seguridad, 153 capacitaciones y 21 grupos de la sociedad organizada, es decir, que con poco menos de la mitad de la poblaci\u00f3n del municipio se trabaj\u00f3 de manera directa e indirecta.<\/p>\n<p>Tal y como lo establece la norma, se realizaron un total de 19 sesiones del Consejo Municipal de Seguridad P\u00fablica que tiene como objeto proponer pol\u00edticas, criterios y acciones en materia de seguridad p\u00fablica municipal, tendientes a prevenir y combatir la delincuencia con la participaci\u00f3n coordinada de la sociedad civil y de autoridades encargadas de la prevenci\u00f3n y combate al delito en el marco normativo de los Sistemas Estatal y Nacional de Seguridad P\u00fablica.<\/p>\n<p>En este sentido, el presidente municipal de Cuernavaca y presidente del consejo, Jos\u00e9 Luis Uri\u00f3stegui Salgado, hizo entrega de reconocimientos a cada uno de los consejeros ciudadanos que desde el 13 de enero del 2022 han participado de manera activa en este \u00f3rgano colegiado, sumando su tiempo y vocaci\u00f3n a la construcci\u00f3n de paz, contando con la integraci\u00f3n tambi\u00e9n de autoridades de la Secretar\u00eda de la Defensa Nacional (SEDENA), de la Guardia Nacional, de la Fiscal\u00eda General del Estado, del Congreso de Morelos, del Consejo Estatal de Seguridad P\u00fablica, entre distintas dependencias de los tres \u00f3rdenes de gobierno.<\/p>\n\n\t\t<style type=\"text\/css\">\n\t\t\t#gallery-1 {\n\t\t\t\tmargin: auto;\n\t\t\t}\n\t\t\t#gallery-1 .gallery-item {\n\t\t\t\tfloat: left;\n\t\t\t\tmargin-top: 10px;\n\t\t\t\ttext-align: center;\n\t\t\t\twidth: 33%;\n\t\t\t}\n\t\t\t#gallery-1 img {\n\t\t\t\tborder: 2px solid #cfcfcf;\n\t\t\t}\n\t\t\t#gallery-1 .gallery-caption {\n\t\t\t\tmargin-left: 0;\n\t\t\t}\n\t\t\t\/* see gallery_shortcode() in wp-includes\/media.php *\/\n\t\t<\/style>\n\t\t<div id='gallery-1' class='gallery galleryid-47235 gallery-columns-3 gallery-size-thumbnail'><dl class='gallery-item'>\n\t\t\t<dt class='gallery-icon landscape'>\n\t\t\t\t<a href='https:\/\/cuernavaca.gob.mx\/?attachment_id=47236'><img width=\"150\" height=\"150\" src=\"https:\/\/cuernavaca.gob.mx\/wp-content\/uploads\/2024\/12\/Construccio\u0301n-de-la-paz-005-150x150.jpeg\" class=\"attachment-thumbnail size-thumbnail\" alt=\"\" loading=\"lazy\" \/><\/a>\n\t\t\t<\/dt><\/dl><dl class='gallery-item'>\n\t\t\t<dt class='gallery-icon landscape'>\n\t\t\t\t<a href='https:\/\/cuernavaca.gob.mx\/?attachment_id=47237'><img width=\"150\" height=\"150\" src=\"https:\/\/cuernavaca.gob.mx\/wp-content\/uploads\/2024\/12\/Construccio\u0301n-de-la-paz-004-150x150.jpeg\" class=\"attachment-thumbnail size-thumbnail\" alt=\"\" loading=\"lazy\" \/><\/a>\n\t\t\t<\/dt><\/dl><dl class='gallery-item'>\n\t\t\t<dt class='gallery-icon landscape'>\n\t\t\t\t<a href='https:\/\/cuernavaca.gob.mx\/?attachment_id=47238'><img width=\"150\" height=\"150\" src=\"https:\/\/cuernavaca.gob.mx\/wp-content\/uploads\/2024\/12\/Construccio\u0301n-de-la-paz-003-150x150.jpeg\" class=\"attachment-thumbnail size-thumbnail\" alt=\"\" loading=\"lazy\" \/><\/a>\n\t\t\t<\/dt><\/dl><br style=\"clear: both\" \/><dl class='gallery-item'>\n\t\t\t<dt class='gallery-icon landscape'>\n\t\t\t\t<a href='https:\/\/cuernavaca.gob.mx\/?attachment_id=47239'><img width=\"150\" height=\"150\" src=\"https:\/\/cuernavaca.gob.mx\/wp-content\/uploads\/2024\/12\/Construccio\u0301n-de-la-paz-002-150x150.jpeg\" class=\"attachment-thumbnail size-thumbnail\" alt=\"\" loading=\"lazy\" \/><\/a>\n\t\t\t<\/dt><\/dl><dl class='gallery-item'>\n\t\t\t<dt class='gallery-icon landscape'>\n\t\t\t\t<a href='https:\/\/cuernavaca.gob.mx\/?attachment_id=47240'><img width=\"150\" height=\"150\" src=\"https:\/\/cuernavaca.gob.mx\/wp-content\/uploads\/2024\/12\/Construccio\u0301n-de-la-paz-001-150x150.jpeg\" class=\"attachment-thumbnail size-thumbnail\" alt=\"\" loading=\"lazy\" \/><\/a>\n\t\t\t<\/dt><\/dl>\n\t\t\t<br style='clear: both' \/>\n\t\t<\/div>\n\n","protected":false},"excerpt":{"rendered":"<p>\u2060A trav\u00e9s de distintas actividades el Secretariado Ejecutivo del Consejo Municipal de Seguridad P\u00fablica benefici\u00f3 del 2022 al 2024 a 154 mil 674 personas en materia de prevenci\u00f3n social de la violencia En tres a\u00f1os de administraci\u00f3n, el Secretariado Ejecutivo del Consejo Municipal de Seguridad P\u00fablica de Cuernavaca ha transformado no solo su organizaci\u00f3n e [&hellip;]<\/p>\n","protected":false},"author":1,"featured_media":47237,"comment_status":"closed","ping_status":"open","sticky":false,"template":"","format":"standard","meta":[],"categories":[20,17],"tags":[619,121,3860,2285,3959,1621,345],"aioseo_notices":[],"_links":{"self":[{"href":"https:\/\/cuernavaca.gob.mx\/index.php?rest_route=\/wp\/v2\/posts\/47235"}],"collection":[{"href":"https:\/\/cuernavaca.gob.mx\/index.php?rest_route=\/wp\/v2\/posts"}],"about":[{"href":"https:\/\/cuernavaca.gob.mx\/index.php?rest_route=\/wp\/v2\/types\/post"}],"author":[{"embeddable":true,"href":"https:\/\/cuernavaca.gob.mx\/index.php?rest_route=\/wp\/v2\/users\/1"}],"replies":[{"embeddable":true,"href":"https:\/\/cuernavaca.gob.mx\/index.php?rest_route=%2Fwp%2Fv2%2Fcomments&post=47235"}],"version-history":[{"count":1,"href":"https:\/\/cuernavaca.gob.mx\/index.php?rest_route=\/wp\/v2\/posts\/47235\/revisions"}],"predecessor-version":[{"id":47241,"href":"https:\/\/cuernavaca.gob.mx\/index.php?rest_route=\/wp\/v2\/posts\/47235\/revisions\/47241"}],"wp:featuredmedia":[{"embeddable":true,"href":"https:\/\/cuernavaca.gob.mx\/index.php?rest_route=\/wp\/v2\/media\/47237"}],"wp:attachment":[{"href":"https:\/\/cuernavaca.gob.mx\/index.php?rest_route=%2Fwp%2Fv2%2Fmedia&parent=47235"}],"wp:term":[{"taxonomy":"category","embeddable":true,"href":"https:\/\/cuernavaca.gob.mx\/index.php?rest_route=%2Fwp%2Fv2%2Fcategories&post=47235"},{"taxonomy":"post_tag","embeddable":true,"href":"https:\/\/cuernavaca.gob.mx\/index.php?rest_route=%2Fwp%2Fv2%2Ftags&post=47235"}],"curies":[{"name":"wp","href":"https:\/\/api.w.org\/{rel}","templated":true}]}}