{"id":47254,"date":"2024-12-28T15:33:13","date_gmt":"2024-12-28T21:33:13","guid":{"rendered":"https:\/\/cuernavaca.gob.mx\/?p=47254"},"modified":"2024-12-28T15:33:13","modified_gmt":"2024-12-28T21:33:13","slug":"f1001-28-12-24-cabildo-de-cuernavaca-entregara-reconocimiento-a-mujeres-y-colectivos-indigenas-destacados","status":"publish","type":"post","link":"https:\/\/cuernavaca.gob.mx\/?p=47254","title":{"rendered":"F1001 28\/12\/24 CABILDO DE CUERNAVACA ENTREGAR\u00c1 RECONOCIMIENTO A MUJERES Y COLECTIVOS IND\u00cdGENAS DESTACADOS"},"content":{"rendered":"<p>Como parte de las acciones de reconocimiento y fortalecimiento a los 12 poblados originarios de Cuernavaca, el Gobierno Municipal considera hacer entrega de la presea \u201cRa\u00edces de Poder. Mujeres Ind\u00edgenas de Cuernavaca\u201d, distinci\u00f3n que honra y celebra la trayectoria, esfuerzo e impacto positivo que las mujeres y colectivos ind\u00edgenas tienen en la sociedad como guardianas de la cultura y promotoras de econom\u00edas locales, actoras claves en la defensa del territorio y sus derechos humanos.<\/p>\n<p>La propuesta fue presentada por la regidora Wendi Salinas Ruiz, oriunda del poblado de Ocotepec, quien subray\u00f3 la necesidad de visibilizar, valorar y reconocer la fuerza, lucha y aportaci\u00f3n de las mujeres ind\u00edgenas en el municipio que si bien han sido pilares fundamentales en la preservaci\u00f3n de las tradiciones, cultura y patrimonio, a lo largo de la historia sus aportaciones han sido invisibilizadas o relegadas, reconociendo el impacto positivo y el liderazgo que tienen en sus comunidades y en la sociedad en general.<\/p>\n<p>Detall\u00f3 que este reconocimiento que se enmarca en el D\u00eda Internacional de la Mujer Ind\u00edgena est\u00e1 dise\u00f1ado para destacar no solo a personas en lo individual, sino tambi\u00e9n a colectivos que desde la organizaci\u00f3n comunitaria est\u00e1n generando un cambio positivo en Cuernavaca en \u00e1mbitos culturales, educativo, social, gastron\u00f3mico y econ\u00f3mico, sirviendo cada mujer y colectivo reconocido como testimonio de potencial y de contribuci\u00f3n a la mujer ind\u00edgena que son esenciales para la sociedad.<\/p>\n<p>El presidente municipal de Cuernavaca, Jos\u00e9 Luis Uri\u00f3stegui, explic\u00f3 que este galard\u00f3n ser\u00e1 entregado a trav\u00e9s de una convocatoria previa cada 05 de septiembre o en fechas cercanas al D\u00eda Internacional de la Mujer Ind\u00edgena distinguiendo en sesi\u00f3n solemne de Cabildo a quienes tengan merito por trabajo, por experiencia o todo lo que pueda destacarse dentro del municipio a favor de los poblados originarios.<\/p>\n\n\t\t<style type=\"text\/css\">\n\t\t\t#gallery-1 {\n\t\t\t\tmargin: auto;\n\t\t\t}\n\t\t\t#gallery-1 .gallery-item {\n\t\t\t\tfloat: left;\n\t\t\t\tmargin-top: 10px;\n\t\t\t\ttext-align: center;\n\t\t\t\twidth: 33%;\n\t\t\t}\n\t\t\t#gallery-1 img {\n\t\t\t\tborder: 2px solid #cfcfcf;\n\t\t\t}\n\t\t\t#gallery-1 .gallery-caption {\n\t\t\t\tmargin-left: 0;\n\t\t\t}\n\t\t\t\/* see gallery_shortcode() in wp-includes\/media.php *\/\n\t\t<\/style>\n\t\t<div id='gallery-1' class='gallery galleryid-47254 gallery-columns-3 gallery-size-thumbnail'><dl class='gallery-item'>\n\t\t\t<dt class='gallery-icon landscape'>\n\t\t\t\t<a href='https:\/\/cuernavaca.gob.mx\/?attachment_id=47255'><img width=\"150\" height=\"150\" src=\"https:\/\/cuernavaca.gob.mx\/wp-content\/uploads\/2024\/12\/Raices-de-poder-001-150x150.jpg\" class=\"attachment-thumbnail size-thumbnail\" alt=\"\" loading=\"lazy\" \/><\/a>\n\t\t\t<\/dt><\/dl><dl class='gallery-item'>\n\t\t\t<dt class='gallery-icon landscape'>\n\t\t\t\t<a href='https:\/\/cuernavaca.gob.mx\/?attachment_id=47256'><img width=\"150\" height=\"150\" src=\"https:\/\/cuernavaca.gob.mx\/wp-content\/uploads\/2024\/12\/Raices-de-poder-002-150x150.jpg\" class=\"attachment-thumbnail size-thumbnail\" alt=\"\" loading=\"lazy\" \/><\/a>\n\t\t\t<\/dt><\/dl><dl class='gallery-item'>\n\t\t\t<dt class='gallery-icon landscape'>\n\t\t\t\t<a href='https:\/\/cuernavaca.gob.mx\/?attachment_id=47257'><img width=\"150\" height=\"150\" src=\"https:\/\/cuernavaca.gob.mx\/wp-content\/uploads\/2024\/12\/Raices-de-poder-003-150x150.jpg\" class=\"attachment-thumbnail size-thumbnail\" alt=\"\" loading=\"lazy\" \/><\/a>\n\t\t\t<\/dt><\/dl><br style=\"clear: both\" \/>\n\t\t<\/div>\n\n","protected":false},"excerpt":{"rendered":"<p>Como parte de las acciones de reconocimiento y fortalecimiento a los 12 poblados originarios de Cuernavaca, el Gobierno Municipal considera hacer entrega de la presea \u201cRa\u00edces de Poder. Mujeres Ind\u00edgenas de Cuernavaca\u201d, distinci\u00f3n que honra y celebra la trayectoria, esfuerzo e impacto positivo que las mujeres y colectivos ind\u00edgenas tienen en la sociedad como guardianas [&hellip;]<\/p>\n","protected":false},"author":1,"featured_media":47255,"comment_status":"closed","ping_status":"open","sticky":false,"template":"","format":"standard","meta":[],"categories":[3047,20,280],"tags":[121,1411,2196,3860,3961,545,3960,712,1105],"aioseo_notices":[],"_links":{"self":[{"href":"https:\/\/cuernavaca.gob.mx\/index.php?rest_route=\/wp\/v2\/posts\/47254"}],"collection":[{"href":"https:\/\/cuernavaca.gob.mx\/index.php?rest_route=\/wp\/v2\/posts"}],"about":[{"href":"https:\/\/cuernavaca.gob.mx\/index.php?rest_route=\/wp\/v2\/types\/post"}],"author":[{"embeddable":true,"href":"https:\/\/cuernavaca.gob.mx\/index.php?rest_route=\/wp\/v2\/users\/1"}],"replies":[{"embeddable":true,"href":"https:\/\/cuernavaca.gob.mx\/index.php?rest_route=%2Fwp%2Fv2%2Fcomments&post=47254"}],"version-history":[{"count":1,"href":"https:\/\/cuernavaca.gob.mx\/index.php?rest_route=\/wp\/v2\/posts\/47254\/revisions"}],"predecessor-version":[{"id":47258,"href":"https:\/\/cuernavaca.gob.mx\/index.php?rest_route=\/wp\/v2\/posts\/47254\/revisions\/47258"}],"wp:featuredmedia":[{"embeddable":true,"href":"https:\/\/cuernavaca.gob.mx\/index.php?rest_route=\/wp\/v2\/media\/47255"}],"wp:attachment":[{"href":"https:\/\/cuernavaca.gob.mx\/index.php?rest_route=%2Fwp%2Fv2%2Fmedia&parent=47254"}],"wp:term":[{"taxonomy":"category","embeddable":true,"href":"https:\/\/cuernavaca.gob.mx\/index.php?rest_route=%2Fwp%2Fv2%2Fcategories&post=47254"},{"taxonomy":"post_tag","embeddable":true,"href":"https:\/\/cuernavaca.gob.mx\/index.php?rest_route=%2Fwp%2Fv2%2Ftags&post=47254"}],"curies":[{"name":"wp","href":"https:\/\/api.w.org\/{rel}","templated":true}]}}