{"id":47259,"date":"2024-12-29T12:15:02","date_gmt":"2024-12-29T18:15:02","guid":{"rendered":"https:\/\/cuernavaca.gob.mx\/?p=47259"},"modified":"2024-12-29T13:35:49","modified_gmt":"2024-12-29T19:35:49","slug":"b2149-29-12-24-cuernavaca-avanza-en-censo-de-inmuebles-para-gestionar-declaratoria-de-zona-de-monumentos-en-cuernavaca","status":"publish","type":"post","link":"https:\/\/cuernavaca.gob.mx\/?p=47259","title":{"rendered":"B2149 29\/12\/24 CUERNAVACA AVANZA EN CENSO DE INMUEBLES PARA GESTIONAR DECLARATORIA DE ZONA DE MONUMENTOS EN CUERNAVACA\u00a0"},"content":{"rendered":"<div><strong>\u2022 Desde el 2022 el Ayuntamiento de Cuernavaca ha sumado esfuerzo con el INAH y la UAEM para actualizar el Cat\u00e1logo de patrimonio de los inmuebles hist\u00f3ricos de la ciudad con el objetivo de obtener esta declaratoria federal\u00a0<\/strong><\/div>\n<div><\/div>\n<div><strong>\u2022 Con ello se garantizar\u00e1 la preservaci\u00f3n del patrimonio cultural edificado, colocando a Cuernavaca como el segundo municipio en el estado en contar con esta declaratoria de zonas de monumentos<\/strong><\/div>\n<div><\/div>\n<div>Como parte de los proyectos sin precedentes que ha impulsado el Ayuntamiento de Cuernavaca se siguen registrando avances significativos en la elaboraci\u00f3n del censo para actualizar datos de los 138 inmuebles que forman parte de la poligonal de Centro Hist\u00f3rico, a fin de integrar el expediente que permita gestionar el reconocimiento a nivel federal de la Declaratoria de Zona de Monumentos de la ciudad de la Eterna Primavera.<\/div>\n<div><\/div>\n<div>Este trabajo arranc\u00f3 de manera formal en el mes de septiembre del 2022 a trav\u00e9s de la suma de esfuerzos entre el Instituto Nacional de Antropolog\u00eda e Historia (INAH), la Universidad Aut\u00f3noma del Estado de Morelos (UAEM) y el Gobierno Municipal que retom\u00f3 el proyecto, mismo que data del a\u00f1o 2014 y que por diferentes razones se interrumpi\u00f3, contando tambi\u00e9n con la participaci\u00f3n de alumnos de la Facultad de Arquitectura y de la Escuela de Turismo de la UAEM que llevaron a cabo los levantamientos arquitect\u00f3nicos en inmuebles catalogados con caracter\u00edsticas hist\u00f3ricas del Siglo XVI a principios del Siglo XX.<\/div>\n<div><\/div>\n<div>El director del Centro INAH Morelos, V\u00edctor Hugo Valencia Valera, afirm\u00f3 que, al ser un proyecto minucioso y con caracter\u00edsticas espec\u00edficas, la reelecci\u00f3n del alcalde Jos\u00e9 Luis Uri\u00f3stegui Salgado permitir\u00e1 darle continuidad a los trabajos que iniciaron desde hace cuatro trienios y que por fin en el actual sexenio, el Gobierno Federal resuelva el proceso, permiti\u00e9ndole a la capital morelense enriquecer y reconocer el patrimonio arquitect\u00f3nico que se sumar\u00e1 al cat\u00e1logo nacional.<\/div>\n<div><\/div>\n<div>Los 138 inmuebles catalogados con caracter\u00edsticas hist\u00f3ricas del Siglo XVI al Siglo XIX que se buscan proteger se ubican dentro de una poligonal que parte de calle Cuauhtemotzin a la zona de El Calvario y la parte lateral a lo que llaman la barranca de los caldos.<\/div>\n<div><\/div>\n<div>Cabe mencionar que en 2014 para la etapa inicial de integraci\u00f3n del Cat\u00e1logo de patrimonio de los inmuebles hist\u00f3ricos de Cuernavaca se cont\u00f3 con la aportaci\u00f3n de cronistas e historiadores que permitieron la conformaci\u00f3n de los bienes a considerar y que ahora se est\u00e1 actualizando con el objetivo de preservar el patrimonio cultural edificado en la ciudad, colocando a Cuernavaca como el segundo municipio en el estado en contar con esta declaratoria de zonas de monumentos.<\/div>\n<div><\/div>\n<div>\n\n\t\t<style type=\"text\/css\">\n\t\t\t#gallery-1 {\n\t\t\t\tmargin: auto;\n\t\t\t}\n\t\t\t#gallery-1 .gallery-item {\n\t\t\t\tfloat: left;\n\t\t\t\tmargin-top: 10px;\n\t\t\t\ttext-align: center;\n\t\t\t\twidth: 33%;\n\t\t\t}\n\t\t\t#gallery-1 img {\n\t\t\t\tborder: 2px solid #cfcfcf;\n\t\t\t}\n\t\t\t#gallery-1 .gallery-caption {\n\t\t\t\tmargin-left: 0;\n\t\t\t}\n\t\t\t\/* see gallery_shortcode() in wp-includes\/media.php *\/\n\t\t<\/style>\n\t\t<div id='gallery-1' class='gallery galleryid-47259 gallery-columns-3 gallery-size-thumbnail'><dl class='gallery-item'>\n\t\t\t<dt class='gallery-icon landscape'>\n\t\t\t\t<a href='https:\/\/cuernavaca.gob.mx\/?attachment_id=47260'><img width=\"150\" height=\"150\" src=\"https:\/\/cuernavaca.gob.mx\/wp-content\/uploads\/2024\/12\/CUERNAVACA-AVANZA-EN-CENSO-DE-INMUEBLES-PARA-GESTIONAR-DECLARATORIA-DE-ZONA-DE-MONUMENTOS-EN-CUERNAVACA-3-150x150.jpeg\" class=\"attachment-thumbnail size-thumbnail\" alt=\"\" loading=\"lazy\" \/><\/a>\n\t\t\t<\/dt><\/dl><dl class='gallery-item'>\n\t\t\t<dt class='gallery-icon landscape'>\n\t\t\t\t<a href='https:\/\/cuernavaca.gob.mx\/?attachment_id=47261'><img width=\"150\" height=\"150\" src=\"https:\/\/cuernavaca.gob.mx\/wp-content\/uploads\/2024\/12\/CUERNAVACA-AVANZA-EN-CENSO-DE-INMUEBLES-PARA-GESTIONAR-DECLARATORIA-DE-ZONA-DE-MONUMENTOS-EN-CUERNAVACA-2-150x150.jpeg\" class=\"attachment-thumbnail size-thumbnail\" alt=\"\" loading=\"lazy\" \/><\/a>\n\t\t\t<\/dt><\/dl><dl class='gallery-item'>\n\t\t\t<dt class='gallery-icon landscape'>\n\t\t\t\t<a href='https:\/\/cuernavaca.gob.mx\/?attachment_id=47262'><img width=\"150\" height=\"150\" src=\"https:\/\/cuernavaca.gob.mx\/wp-content\/uploads\/2024\/12\/CUERNAVACA-AVANZA-EN-CENSO-DE-INMUEBLES-PARA-GESTIONAR-DECLARATORIA-DE-ZONA-DE-MONUMENTOS-EN-CUERNAVACA-1-150x150.jpeg\" class=\"attachment-thumbnail size-thumbnail\" alt=\"\" loading=\"lazy\" \/><\/a>\n\t\t\t<\/dt><\/dl><br style=\"clear: both\" \/>\n\t\t<\/div>\n\n<\/div>\n","protected":false},"excerpt":{"rendered":"<p>\u2022 Desde el 2022 el Ayuntamiento de Cuernavaca ha sumado esfuerzo con el INAH y la UAEM para actualizar el Cat\u00e1logo de patrimonio de los inmuebles hist\u00f3ricos de la ciudad con el objetivo de obtener esta declaratoria federal\u00a0 \u2022 Con ello se garantizar\u00e1 la preservaci\u00f3n del patrimonio cultural edificado, colocando a Cuernavaca como el segundo [&hellip;]<\/p>\n","protected":false},"author":1,"featured_media":47262,"comment_status":"closed","ping_status":"open","sticky":false,"template":"","format":"standard","meta":[],"categories":[20],"tags":[1145,121,190,3962,1071,120,3963,206,127,194],"aioseo_notices":[],"_links":{"self":[{"href":"https:\/\/cuernavaca.gob.mx\/index.php?rest_route=\/wp\/v2\/posts\/47259"}],"collection":[{"href":"https:\/\/cuernavaca.gob.mx\/index.php?rest_route=\/wp\/v2\/posts"}],"about":[{"href":"https:\/\/cuernavaca.gob.mx\/index.php?rest_route=\/wp\/v2\/types\/post"}],"author":[{"embeddable":true,"href":"https:\/\/cuernavaca.gob.mx\/index.php?rest_route=\/wp\/v2\/users\/1"}],"replies":[{"embeddable":true,"href":"https:\/\/cuernavaca.gob.mx\/index.php?rest_route=%2Fwp%2Fv2%2Fcomments&post=47259"}],"version-history":[{"count":1,"href":"https:\/\/cuernavaca.gob.mx\/index.php?rest_route=\/wp\/v2\/posts\/47259\/revisions"}],"predecessor-version":[{"id":47263,"href":"https:\/\/cuernavaca.gob.mx\/index.php?rest_route=\/wp\/v2\/posts\/47259\/revisions\/47263"}],"wp:featuredmedia":[{"embeddable":true,"href":"https:\/\/cuernavaca.gob.mx\/index.php?rest_route=\/wp\/v2\/media\/47262"}],"wp:attachment":[{"href":"https:\/\/cuernavaca.gob.mx\/index.php?rest_route=%2Fwp%2Fv2%2Fmedia&parent=47259"}],"wp:term":[{"taxonomy":"category","embeddable":true,"href":"https:\/\/cuernavaca.gob.mx\/index.php?rest_route=%2Fwp%2Fv2%2Fcategories&post=47259"},{"taxonomy":"post_tag","embeddable":true,"href":"https:\/\/cuernavaca.gob.mx\/index.php?rest_route=%2Fwp%2Fv2%2Ftags&post=47259"}],"curies":[{"name":"wp","href":"https:\/\/api.w.org\/{rel}","templated":true}]}}