{"id":47264,"date":"2024-12-29T12:00:17","date_gmt":"2024-12-29T18:00:17","guid":{"rendered":"https:\/\/cuernavaca.gob.mx\/?p=47264"},"modified":"2024-12-29T13:42:50","modified_gmt":"2024-12-29T19:42:50","slug":"comunicado-de-la-secretaria-de-proteccion-y-auxilio-ciudadano-de-cuernavaca","status":"publish","type":"post","link":"https:\/\/cuernavaca.gob.mx\/?p=47264","title":{"rendered":"COMUNICADO DE LA SECRETAR\u00cdA DE PROTECCI\u00d3N Y AUXILIO CIUDADANO DE CUERNAVACA"},"content":{"rendered":"<p>La Secretar\u00eda de Protecci\u00f3n y Auxilio Ciudadano de Cuernavaca realiz\u00f3 la detenci\u00f3n y puesta a disposici\u00f3n de:RICARDO IV\u00c1N &#8220;N&#8221;, fue detenido por medio de una persecuci\u00f3n a la altura de la autopista en direcci\u00f3n norte a la altura de la Col. Sat\u00e9lite. Esto por su probable participaci\u00f3n en el delito de robo a veh\u00edculo.<\/p>\n<p>Los hechos ocurrieron cuando se report\u00f3 el robo de una unidad automotora marca NISSAN FRONTIER, por lo que se inform\u00f3 a las autoridades localizando el veh\u00edculo sobre la Av. Palmira en direcci\u00f3n norte, al ingresar sobre la Autopista se dio alcance, solicitando al conductor por medio de comandos verbales la detenci\u00f3n de la unidad, el conductor ignor\u00f3 las indicaciones y a la altura de la Col. Sat\u00e9lite detuvo el veh\u00edculo e intent\u00f3 darse a la fuga, el sospechoso al ser interceptado apunt\u00f3 al oficial con un arma de fuego, por lo que siguiendo los protolocos de actuaci\u00f3n el oficial repeli\u00f3 la agresi\u00f3n lesionado al presunto en la pierna izquierda.<\/p>\n<p>El presunto de nombre Ricardo Iv\u00e1n &#8220;N&#8221;, fue detenido y trasladado al servicio m\u00e9dico para su atenci\u00f3n m\u00e9dica, quedando bajo custodia. El veh\u00edculo marca NISSAN FRONTIER fue asegurada y trasladada a la Fiscal\u00eda General del Estado de Morelos; de igual forma el arma de fue asegurada siguiendo los protolocos de cadena de custodia.<\/p>\n<p>Si lo reconoce, DENUNCIE, su participaci\u00f3n es fundamental.<\/p>\n\n\t\t<style type=\"text\/css\">\n\t\t\t#gallery-1 {\n\t\t\t\tmargin: auto;\n\t\t\t}\n\t\t\t#gallery-1 .gallery-item {\n\t\t\t\tfloat: left;\n\t\t\t\tmargin-top: 10px;\n\t\t\t\ttext-align: center;\n\t\t\t\twidth: 33%;\n\t\t\t}\n\t\t\t#gallery-1 img {\n\t\t\t\tborder: 2px solid #cfcfcf;\n\t\t\t}\n\t\t\t#gallery-1 .gallery-caption {\n\t\t\t\tmargin-left: 0;\n\t\t\t}\n\t\t\t\/* see gallery_shortcode() in wp-includes\/media.php *\/\n\t\t<\/style>\n\t\t<div id='gallery-1' class='gallery galleryid-47264 gallery-columns-3 gallery-size-thumbnail'><dl class='gallery-item'>\n\t\t\t<dt class='gallery-icon portrait'>\n\t\t\t\t<a href='https:\/\/cuernavaca.gob.mx\/?attachment_id=47265'><img width=\"150\" height=\"150\" src=\"https:\/\/cuernavaca.gob.mx\/wp-content\/uploads\/2024\/12\/COMUNICADO-DE-LA-SECRETARIA-DE-PROTECCION-Y-AUXILIO-CIUDADANO-DE-CUERNAVACA-5-150x150.jpeg\" class=\"attachment-thumbnail size-thumbnail\" alt=\"\" loading=\"lazy\" \/><\/a>\n\t\t\t<\/dt><\/dl><dl class='gallery-item'>\n\t\t\t<dt class='gallery-icon landscape'>\n\t\t\t\t<a href='https:\/\/cuernavaca.gob.mx\/?attachment_id=47266'><img width=\"150\" height=\"150\" src=\"https:\/\/cuernavaca.gob.mx\/wp-content\/uploads\/2024\/12\/COMUNICADO-DE-LA-SECRETARIA-DE-PROTECCION-Y-AUXILIO-CIUDADANO-DE-CUERNAVACA-4-150x150.jpeg\" class=\"attachment-thumbnail size-thumbnail\" alt=\"\" loading=\"lazy\" \/><\/a>\n\t\t\t<\/dt><\/dl><dl class='gallery-item'>\n\t\t\t<dt class='gallery-icon portrait'>\n\t\t\t\t<a href='https:\/\/cuernavaca.gob.mx\/?attachment_id=47267'><img width=\"150\" height=\"150\" src=\"https:\/\/cuernavaca.gob.mx\/wp-content\/uploads\/2024\/12\/COMUNICADO-DE-LA-SECRETARIA-DE-PROTECCION-Y-AUXILIO-CIUDADANO-DE-CUERNAVACA-3-150x150.jpeg\" class=\"attachment-thumbnail size-thumbnail\" alt=\"\" loading=\"lazy\" \/><\/a>\n\t\t\t<\/dt><\/dl><br style=\"clear: both\" \/><dl class='gallery-item'>\n\t\t\t<dt class='gallery-icon portrait'>\n\t\t\t\t<a href='https:\/\/cuernavaca.gob.mx\/?attachment_id=47268'><img width=\"150\" height=\"150\" src=\"https:\/\/cuernavaca.gob.mx\/wp-content\/uploads\/2024\/12\/COMUNICADO-DE-LA-SECRETARIA-DE-PROTECCION-Y-AUXILIO-CIUDADANO-DE-CUERNAVACA-2-150x150.jpeg\" class=\"attachment-thumbnail size-thumbnail\" alt=\"\" loading=\"lazy\" \/><\/a>\n\t\t\t<\/dt><\/dl><dl class='gallery-item'>\n\t\t\t<dt class='gallery-icon landscape'>\n\t\t\t\t<a href='https:\/\/cuernavaca.gob.mx\/?attachment_id=47269'><img width=\"150\" height=\"150\" src=\"https:\/\/cuernavaca.gob.mx\/wp-content\/uploads\/2024\/12\/COMUNICADO-DE-LA-SECRETARIA-DE-PROTECCION-Y-AUXILIO-CIUDADANO-DE-CUERNAVACA-1-150x150.jpeg\" class=\"attachment-thumbnail size-thumbnail\" alt=\"\" loading=\"lazy\" \/><\/a>\n\t\t\t<\/dt><\/dl>\n\t\t\t<br style='clear: both' \/>\n\t\t<\/div>\n\n","protected":false},"excerpt":{"rendered":"<p>La Secretar\u00eda de Protecci\u00f3n y Auxilio Ciudadano de Cuernavaca realiz\u00f3 la detenci\u00f3n y puesta a disposici\u00f3n de:RICARDO IV\u00c1N &#8220;N&#8221;, fue detenido por medio de una persecuci\u00f3n a la altura de la autopista en direcci\u00f3n norte a la altura de la Col. Sat\u00e9lite. Esto por su probable participaci\u00f3n en el delito de robo a veh\u00edculo. Los [&hellip;]<\/p>\n","protected":false},"author":1,"featured_media":47269,"comment_status":"closed","ping_status":"open","sticky":false,"template":"","format":"standard","meta":[],"categories":[17],"tags":[2582,121,3026,120,206,141,3235,127,414,125],"aioseo_notices":[],"_links":{"self":[{"href":"https:\/\/cuernavaca.gob.mx\/index.php?rest_route=\/wp\/v2\/posts\/47264"}],"collection":[{"href":"https:\/\/cuernavaca.gob.mx\/index.php?rest_route=\/wp\/v2\/posts"}],"about":[{"href":"https:\/\/cuernavaca.gob.mx\/index.php?rest_route=\/wp\/v2\/types\/post"}],"author":[{"embeddable":true,"href":"https:\/\/cuernavaca.gob.mx\/index.php?rest_route=\/wp\/v2\/users\/1"}],"replies":[{"embeddable":true,"href":"https:\/\/cuernavaca.gob.mx\/index.php?rest_route=%2Fwp%2Fv2%2Fcomments&post=47264"}],"version-history":[{"count":1,"href":"https:\/\/cuernavaca.gob.mx\/index.php?rest_route=\/wp\/v2\/posts\/47264\/revisions"}],"predecessor-version":[{"id":47270,"href":"https:\/\/cuernavaca.gob.mx\/index.php?rest_route=\/wp\/v2\/posts\/47264\/revisions\/47270"}],"wp:featuredmedia":[{"embeddable":true,"href":"https:\/\/cuernavaca.gob.mx\/index.php?rest_route=\/wp\/v2\/media\/47269"}],"wp:attachment":[{"href":"https:\/\/cuernavaca.gob.mx\/index.php?rest_route=%2Fwp%2Fv2%2Fmedia&parent=47264"}],"wp:term":[{"taxonomy":"category","embeddable":true,"href":"https:\/\/cuernavaca.gob.mx\/index.php?rest_route=%2Fwp%2Fv2%2Fcategories&post=47264"},{"taxonomy":"post_tag","embeddable":true,"href":"https:\/\/cuernavaca.gob.mx\/index.php?rest_route=%2Fwp%2Fv2%2Ftags&post=47264"}],"curies":[{"name":"wp","href":"https:\/\/api.w.org\/{rel}","templated":true}]}}