{"id":47271,"date":"2024-12-29T12:30:22","date_gmt":"2024-12-29T18:30:22","guid":{"rendered":"https:\/\/cuernavaca.gob.mx\/?p=47271"},"modified":"2024-12-29T13:45:47","modified_gmt":"2024-12-29T19:45:47","slug":"b2151-29-12-24-cuernavaca-destaca-a-nivel-estatal-por-implementar-politicas-publicas-para-mejorar-la-calidad-de-vida-de-la-poblacion","status":"publish","type":"post","link":"https:\/\/cuernavaca.gob.mx\/?p=47271","title":{"rendered":"B2151 29\/12\/24 CUERNAVACA DESTACA A NIVEL ESTATAL POR IMPLEMENTAR POL\u00cdTICAS P\u00daBLICAS PARA MEJORAR LA CALIDAD DE VIDA DE LA POBLACI\u00d3N"},"content":{"rendered":"<div><strong>\u2022 En el marco de la s\u00e9ptima y \u00faltima sesi\u00f3n ordinaria del Comit\u00e9 de Planeaci\u00f3n para el Desarrollo Municipal (Coplademun), se destac\u00f3 el avance hist\u00f3rico que ha tenido Cuernavaca con la creaci\u00f3n del IMPLAN\u00a0<\/strong><\/div>\n<div><\/div>\n<div><strong>\u2022 Se garantiz\u00f3 el cumplimiento de cada uno de los ejes que integran el Plan Municipal de Desarrollo 2022- 2024 que adem\u00e1s fue creado de la mano con la sociedad<\/strong><\/div>\n<div><\/div>\n<div><\/div>\n<div>En tres a\u00f1os, la ciudad de Cuernavaca marc\u00f3 un compromiso decidido hacia el renacimiento de la ciudad guiado por los principios de inclusi\u00f3n social, seguridad, sostenibilidad y eficiencia administrativa que rigieron cada una de las pol\u00edticas p\u00fablicas establecidas en el Plan Municipal de Desarrollo 2022- 2024 que incorpor\u00f3 ejes transversales que garantizaron un enfoque integral en cada programa, abordando prioridades como igualdad de g\u00e9nero, transparencia, participaci\u00f3n ciudadana, transformaci\u00f3n digital y perspectiva de familia y comunitaria.<\/div>\n<div><\/div>\n<div>Lo anterior, fue confirmado en el marco de la s\u00e9ptima y \u00faltima sesi\u00f3n ordinaria del Comit\u00e9 de Planeaci\u00f3n para el Desarrollo Municipal (Coplademun) encabezada por el alcalde Jos\u00e9 Luis Uri\u00f3stegui Salgado y donde se destac\u00f3 el avance hist\u00f3rico que ha tenido la capital morelense con la creaci\u00f3n del Instituto Municipal de Planeaci\u00f3n (IMPLAN) que dot\u00f3 a Cuernavaca de herramientas t\u00e9cnicas y metodol\u00f3gicas para mejorar la planeaci\u00f3n y ejecuci\u00f3n de pol\u00edticas p\u00fablicas, asegurando su alineaci\u00f3n con los planes estatal y nacional.<\/div>\n<div><\/div>\n<div>En un ejercicio de transparencia y rendici\u00f3n de cuentas, el director del IMPLAN, Carlos Hern\u00e1ndez Ad\u00e1n, mencion\u00f3 como avances relevantes del Plan Municipal de Desarrollo 2022- 2024 la implementaci\u00f3n de programas clave que promovieron la equidad y el bienestar comunitario, brindado servicios esenciales de salud, apoyo educativo y de fortalecimiento del tejido social como \u00a0\u201cS\u00ed, Acepto\u201d, \u201cDesde tu Colonia Cuernavaca Renace\u201d, y las \u201cJornadas de la Salud\u201d, dando cumplimiento al eje de gobierno \u201cCuernavaca Socialmente Inclusiva\u201d.<\/div>\n<div><\/div>\n<div>Con lo que respecto al eje \u201cCuernavaca con Movilidad y Desarrollo Urbano\u201d, confirm\u00f3 que, mediante la rehabilitaci\u00f3n de vialidades estrat\u00e9gicas, proyectos emergentes y la ejecuci\u00f3n de m\u00e1s de 275 obras, abonaron a mejorar la calidad de vida de las familias del municipio, la seguridad vial y la conectividad urbana, mientras que la modernizaci\u00f3n de la infraestructura h\u00eddrica benefici\u00f3 a miles de ciudadanos cuernavaquenses, resaltando en este trabajo la transparencia en la asignaci\u00f3n de recursos para obra p\u00fablica y la priorizaci\u00f3n de zonas de alto rezago social, fomentando la cohesi\u00f3n comunitaria y el desarrollo integral de los barrios m\u00e1s vulnerables.<\/div>\n<div><\/div>\n<div>Otros rubros importantes a destacar fue el cumplimiento del eje de gobierno \u201cCuernavaca Sostenible\u201d, para el cual, a partir de un enfoque de preservaci\u00f3n ambiental se llevaron a cabo programas de reforestaci\u00f3n, conservaci\u00f3n de \u00e1reas verdes y mejoramiento de la infraestructura hidr\u00e1ulica, garantizando un uso eficiente de los recursos naturales.<\/div>\n<div><\/div>\n<div>Los ejes transversales de Cero Corrupci\u00f3n, Transformaci\u00f3n Digital y Participaci\u00f3n Ciudadana revolucionaron la gesti\u00f3n p\u00fablica en Cuernavaca con la digitalizaci\u00f3n de tr\u00e1mites y servicios que redujeron tiempos y fortalecieron la confianza ciudadana, con la creaci\u00f3n de comit\u00e9s vecinales y consejos ciudadanos que permitieron un monitoreo activo y transparente de las acciones del Gobierno Municipal sin dejar de lado la transparencia en la asignaci\u00f3n de recursos y el dise\u00f1o de pol\u00edticas p\u00fablicas que fomentaron una gobernanza m\u00e1s cercana y eficiente.<\/div>\n<div><\/div>\n<div>Finalmente, Carlos Hern\u00e1ndez, afirm\u00f3 que la creaci\u00f3n del IMPLAN signific\u00f3 un parteaguas en la planeaci\u00f3n estrat\u00e9gica municipal, coordinando de manera efectiva los ejes rectores y transversales del Plan Municipal que garantizaron una visi\u00f3n de desarrollo sostenible, implementando a su vez herramientas t\u00e9cnicas que permitieron evaluar el impacto de proyectos y priorizar acciones de alta relevancia para la comunidad, articulando tambi\u00e9n planes estatales y federales, fortaleciendo y asegurando el alineamiento con la Agenda 2030.<\/div>\n<div><\/div>\n<div>\n\n\t\t<style type=\"text\/css\">\n\t\t\t#gallery-1 {\n\t\t\t\tmargin: auto;\n\t\t\t}\n\t\t\t#gallery-1 .gallery-item {\n\t\t\t\tfloat: left;\n\t\t\t\tmargin-top: 10px;\n\t\t\t\ttext-align: center;\n\t\t\t\twidth: 33%;\n\t\t\t}\n\t\t\t#gallery-1 img {\n\t\t\t\tborder: 2px solid #cfcfcf;\n\t\t\t}\n\t\t\t#gallery-1 .gallery-caption {\n\t\t\t\tmargin-left: 0;\n\t\t\t}\n\t\t\t\/* see gallery_shortcode() in wp-includes\/media.php *\/\n\t\t<\/style>\n\t\t<div id='gallery-1' class='gallery galleryid-47271 gallery-columns-3 gallery-size-thumbnail'><dl class='gallery-item'>\n\t\t\t<dt class='gallery-icon landscape'>\n\t\t\t\t<a href='https:\/\/cuernavaca.gob.mx\/?attachment_id=47272'><img width=\"150\" height=\"150\" src=\"https:\/\/cuernavaca.gob.mx\/wp-content\/uploads\/2024\/12\/CUERNAVACA-DESTACA-A-NIVEL-ESTATAL-POR-IMPLEMENTAR-POLITICAS-PUBLICAS-PARA-MEJORAR-LA-CALIDAD-DE-VIDA-DE-LA-POBLACION-3-150x150.jpeg\" class=\"attachment-thumbnail size-thumbnail\" alt=\"\" loading=\"lazy\" \/><\/a>\n\t\t\t<\/dt><\/dl><dl class='gallery-item'>\n\t\t\t<dt class='gallery-icon landscape'>\n\t\t\t\t<a href='https:\/\/cuernavaca.gob.mx\/?attachment_id=47273'><img width=\"150\" height=\"150\" src=\"https:\/\/cuernavaca.gob.mx\/wp-content\/uploads\/2024\/12\/CUERNAVACA-DESTACA-A-NIVEL-ESTATAL-POR-IMPLEMENTAR-POLITICAS-PUBLICAS-PARA-MEJORAR-LA-CALIDAD-DE-VIDA-DE-LA-POBLACION-2-150x150.jpeg\" class=\"attachment-thumbnail size-thumbnail\" alt=\"\" loading=\"lazy\" \/><\/a>\n\t\t\t<\/dt><\/dl><dl class='gallery-item'>\n\t\t\t<dt class='gallery-icon landscape'>\n\t\t\t\t<a href='https:\/\/cuernavaca.gob.mx\/?attachment_id=47274'><img width=\"150\" height=\"150\" src=\"https:\/\/cuernavaca.gob.mx\/wp-content\/uploads\/2024\/12\/CUERNAVACA-DESTACA-A-NIVEL-ESTATAL-POR-IMPLEMENTAR-POLITICAS-PUBLICAS-PARA-MEJORAR-LA-CALIDAD-DE-VIDA-DE-LA-POBLACION-1-150x150.jpeg\" class=\"attachment-thumbnail size-thumbnail\" alt=\"\" loading=\"lazy\" \/><\/a>\n\t\t\t<\/dt><\/dl><br style=\"clear: both\" \/>\n\t\t<\/div>\n\n<\/div>\n","protected":false},"excerpt":{"rendered":"<p>\u2022 En el marco de la s\u00e9ptima y \u00faltima sesi\u00f3n ordinaria del Comit\u00e9 de Planeaci\u00f3n para el Desarrollo Municipal (Coplademun), se destac\u00f3 el avance hist\u00f3rico que ha tenido Cuernavaca con la creaci\u00f3n del IMPLAN\u00a0 \u2022 Se garantiz\u00f3 el cumplimiento de cada uno de los ejes que integran el Plan Municipal de Desarrollo 2022- 2024 que [&hellip;]<\/p>\n","protected":false},"author":1,"featured_media":47273,"comment_status":"closed","ping_status":"open","sticky":false,"template":"","format":"standard","meta":[],"categories":[20],"tags":[121,515,1929,301,120,206,640,127,369],"aioseo_notices":[],"_links":{"self":[{"href":"https:\/\/cuernavaca.gob.mx\/index.php?rest_route=\/wp\/v2\/posts\/47271"}],"collection":[{"href":"https:\/\/cuernavaca.gob.mx\/index.php?rest_route=\/wp\/v2\/posts"}],"about":[{"href":"https:\/\/cuernavaca.gob.mx\/index.php?rest_route=\/wp\/v2\/types\/post"}],"author":[{"embeddable":true,"href":"https:\/\/cuernavaca.gob.mx\/index.php?rest_route=\/wp\/v2\/users\/1"}],"replies":[{"embeddable":true,"href":"https:\/\/cuernavaca.gob.mx\/index.php?rest_route=%2Fwp%2Fv2%2Fcomments&post=47271"}],"version-history":[{"count":1,"href":"https:\/\/cuernavaca.gob.mx\/index.php?rest_route=\/wp\/v2\/posts\/47271\/revisions"}],"predecessor-version":[{"id":47275,"href":"https:\/\/cuernavaca.gob.mx\/index.php?rest_route=\/wp\/v2\/posts\/47271\/revisions\/47275"}],"wp:featuredmedia":[{"embeddable":true,"href":"https:\/\/cuernavaca.gob.mx\/index.php?rest_route=\/wp\/v2\/media\/47273"}],"wp:attachment":[{"href":"https:\/\/cuernavaca.gob.mx\/index.php?rest_route=%2Fwp%2Fv2%2Fmedia&parent=47271"}],"wp:term":[{"taxonomy":"category","embeddable":true,"href":"https:\/\/cuernavaca.gob.mx\/index.php?rest_route=%2Fwp%2Fv2%2Fcategories&post=47271"},{"taxonomy":"post_tag","embeddable":true,"href":"https:\/\/cuernavaca.gob.mx\/index.php?rest_route=%2Fwp%2Fv2%2Ftags&post=47271"}],"curies":[{"name":"wp","href":"https:\/\/api.w.org\/{rel}","templated":true}]}}