{"id":47276,"date":"2024-12-29T12:20:31","date_gmt":"2024-12-29T18:20:31","guid":{"rendered":"https:\/\/cuernavaca.gob.mx\/?p=47276"},"modified":"2024-12-29T15:43:50","modified_gmt":"2024-12-29T21:43:50","slug":"b2150-29-12-24-ayuntamiento-de-cuernavaca-a-la-vanguardia-con-la-incorporacion-del-atlas-municipal-de-peligros-y-riesgo-al-atlas-nacional-de-riesgos","status":"publish","type":"post","link":"https:\/\/cuernavaca.gob.mx\/?p=47276","title":{"rendered":"B2150 29\/12\/24 AYUNTAMIENTO DE CUERNAVACA A LA VANGUARDIA CON LA INCORPORACI\u00d3N DEL ATLAS MUNICIPAL DE PELIGROS Y RIESGO AL ATLAS NACIONAL DE RIESGOS"},"content":{"rendered":"<div>\u2022 Tras seis a\u00f1os inactivo, este documento fue actualizado permitiendo contribuir en la toma de decisiones para salvaguardar la integridad de los cuernavaquenses<\/div>\n<div><\/div>\n<div>\u2022 Se puede consultar en la p\u00e1gina oficial del CENAPRED y del Municipio de Cuernavaca<\/div>\n<div><\/div>\n<div><\/div>\n<div>Cuernavaca se convierte en el \u00fanico municipio en el estado de Morelos en contar con un Atlas de Peligros y Riesgos actualizado y publicado en la p\u00e1gina oficial del Centro Nacional de Prevenci\u00f3n de Desastres (CENAPRED), con lo cual forma parte del Atlas Nacional de Riesgos, permitiendo una mejor planeaci\u00f3n del desarrollo, contar con infraestructura m\u00e1s segura y contribuir en la toma de decisiones para salvaguardar la integridad de los cuernavaquenses.<\/div>\n<div><\/div>\n<div>Esta actualizaci\u00f3n forma parte del compromiso adquirido por la administraci\u00f3n municipal encabezada por Jos\u00e9 Luis Uri\u00f3stegui Salgado para renovar los distintos instrumentos de planeaci\u00f3n que rigen a la ciudad, mismo que fue elaborado de manera coordinada con la empresa consultora Soluciones SIG que se vincul\u00f3 con \u00e1reas t\u00e9cnicas del municipio para identificar, evaluar y visualizar riesgos potenciales que pueden afectar a una zona, teniendo este documento una composici\u00f3n geogr\u00e1fica de los 200 kil\u00f3metros cuadrados que abarcan el territorio.<\/div>\n<div><\/div>\n<div>El Atlas de Peligros y Riesgos, contempla el an\u00e1lisis de fen\u00f3menos hist\u00f3ricos que se han presentado en Cuernavaca, los impactos que se vivieron, los da\u00f1os materiales y la p\u00e9rdida de vidas humanas, protocolo que la Coordinaci\u00f3n Municipal de Protecci\u00f3n Civil, Bomberos y \u00e1reas relacionadas particularmente tendr\u00e1n que tomar en cuenta para ejecutar programas operativos anuales que privilegien la seguridad de las personas, su patrimonio y su entorno.<\/div>\n<div><\/div>\n<div>Cabe subrayar que el Atlas de Peligros y Riesgos del Municipio de Cuernavaca fue validado por el CENAPRED, el Sistema Nacional de Protecci\u00f3n Civil y la Coordinaci\u00f3n Estatal de Protecci\u00f3n Civil, lo que lo hace \u00fanico en Morelos y que puede ser consultado en la p\u00e1gina http:\/\/www.atlasnacionalderiesgos.gob.mx\/archivo\/cob-atlas-municipales.html de CENAPRED.<\/div>\n<div><\/div>\n<div>Desde el a\u00f1o pasado el Ayuntamiento de Cuernavaca ha invertido m\u00e1s de cinco millones de pesos para actualizar el Atlas Municipal de Peligros y Riesgos, pero tambi\u00e9n el Programa de Ordenamiento Ecol\u00f3gico Local y la Ortofoto que se suman al apoyo de un mill\u00f3n de pesos que recibieron del Gobierno Federal, a trav\u00e9s de la SEDATU, para actualizar el Programa Municipal de Desarrollo Urbano Sustentable que han sido presentado a la sociedad, quien puede consultarlos y utilizarlos.<\/div>\n<div>\n\n\t\t<style type=\"text\/css\">\n\t\t\t#gallery-1 {\n\t\t\t\tmargin: auto;\n\t\t\t}\n\t\t\t#gallery-1 .gallery-item {\n\t\t\t\tfloat: left;\n\t\t\t\tmargin-top: 10px;\n\t\t\t\ttext-align: center;\n\t\t\t\twidth: 33%;\n\t\t\t}\n\t\t\t#gallery-1 img {\n\t\t\t\tborder: 2px solid #cfcfcf;\n\t\t\t}\n\t\t\t#gallery-1 .gallery-caption {\n\t\t\t\tmargin-left: 0;\n\t\t\t}\n\t\t\t\/* see gallery_shortcode() in wp-includes\/media.php *\/\n\t\t<\/style>\n\t\t<div id='gallery-1' class='gallery galleryid-47276 gallery-columns-3 gallery-size-thumbnail'><dl class='gallery-item'>\n\t\t\t<dt class='gallery-icon landscape'>\n\t\t\t\t<a href='https:\/\/cuernavaca.gob.mx\/?attachment_id=47277'><img width=\"150\" height=\"150\" src=\"https:\/\/cuernavaca.gob.mx\/wp-content\/uploads\/2024\/12\/AYUNTAMIENTO-DE-CUERNAVACA-A-LA-VANGUARDIA-CON-LA-INCORPORACION-DEL-ATLAS-MUNICIPAL-DE-PELIGROS-Y-RIESGO-AL-ATLAS-NACIONAL-DE-RIESGOS-4-150x150.jpeg\" class=\"attachment-thumbnail size-thumbnail\" alt=\"\" loading=\"lazy\" \/><\/a>\n\t\t\t<\/dt><\/dl><dl class='gallery-item'>\n\t\t\t<dt class='gallery-icon landscape'>\n\t\t\t\t<a href='https:\/\/cuernavaca.gob.mx\/?attachment_id=47278'><img width=\"150\" height=\"150\" src=\"https:\/\/cuernavaca.gob.mx\/wp-content\/uploads\/2024\/12\/AYUNTAMIENTO-DE-CUERNAVACA-A-LA-VANGUARDIA-CON-LA-INCORPORACION-DEL-ATLAS-MUNICIPAL-DE-PELIGROS-Y-RIESGO-AL-ATLAS-NACIONAL-DE-RIESGOS-3-150x150.jpeg\" class=\"attachment-thumbnail size-thumbnail\" alt=\"\" loading=\"lazy\" \/><\/a>\n\t\t\t<\/dt><\/dl><dl class='gallery-item'>\n\t\t\t<dt class='gallery-icon landscape'>\n\t\t\t\t<a href='https:\/\/cuernavaca.gob.mx\/?attachment_id=47279'><img width=\"150\" height=\"150\" src=\"https:\/\/cuernavaca.gob.mx\/wp-content\/uploads\/2024\/12\/AYUNTAMIENTO-DE-CUERNAVACA-A-LA-VANGUARDIA-CON-LA-INCORPORACION-DEL-ATLAS-MUNICIPAL-DE-PELIGROS-Y-RIESGO-AL-ATLAS-NACIONAL-DE-RIESGOS-2-150x150.jpeg\" class=\"attachment-thumbnail size-thumbnail\" alt=\"\" loading=\"lazy\" \/><\/a>\n\t\t\t<\/dt><\/dl><br style=\"clear: both\" \/><dl class='gallery-item'>\n\t\t\t<dt class='gallery-icon landscape'>\n\t\t\t\t<a href='https:\/\/cuernavaca.gob.mx\/?attachment_id=47280'><img width=\"150\" height=\"150\" src=\"https:\/\/cuernavaca.gob.mx\/wp-content\/uploads\/2024\/12\/AYUNTAMIENTO-DE-CUERNAVACA-A-LA-VANGUARDIA-CON-LA-INCORPORACION-DEL-ATLAS-MUNICIPAL-DE-PELIGROS-Y-RIESGO-AL-ATLAS-NACIONAL-DE-RIESGOS-1-150x150.jpeg\" class=\"attachment-thumbnail size-thumbnail\" alt=\"\" loading=\"lazy\" \/><\/a>\n\t\t\t<\/dt><\/dl>\n\t\t\t<br style='clear: both' \/>\n\t\t<\/div>\n\n<\/div>\n","protected":false},"excerpt":{"rendered":"<p>\u2022 Tras seis a\u00f1os inactivo, este documento fue actualizado permitiendo contribuir en la toma de decisiones para salvaguardar la integridad de los cuernavaquenses \u2022 Se puede consultar en la p\u00e1gina oficial del CENAPRED y del Municipio de Cuernavaca Cuernavaca se convierte en el \u00fanico municipio en el estado de Morelos en contar con un Atlas [&hellip;]<\/p>\n","protected":false},"author":1,"featured_media":47279,"comment_status":"closed","ping_status":"open","sticky":false,"template":"","format":"standard","meta":[],"categories":[2227],"tags":[3313,3964,121,120,206,127,403,172,125],"aioseo_notices":[],"_links":{"self":[{"href":"https:\/\/cuernavaca.gob.mx\/index.php?rest_route=\/wp\/v2\/posts\/47276"}],"collection":[{"href":"https:\/\/cuernavaca.gob.mx\/index.php?rest_route=\/wp\/v2\/posts"}],"about":[{"href":"https:\/\/cuernavaca.gob.mx\/index.php?rest_route=\/wp\/v2\/types\/post"}],"author":[{"embeddable":true,"href":"https:\/\/cuernavaca.gob.mx\/index.php?rest_route=\/wp\/v2\/users\/1"}],"replies":[{"embeddable":true,"href":"https:\/\/cuernavaca.gob.mx\/index.php?rest_route=%2Fwp%2Fv2%2Fcomments&post=47276"}],"version-history":[{"count":1,"href":"https:\/\/cuernavaca.gob.mx\/index.php?rest_route=\/wp\/v2\/posts\/47276\/revisions"}],"predecessor-version":[{"id":47281,"href":"https:\/\/cuernavaca.gob.mx\/index.php?rest_route=\/wp\/v2\/posts\/47276\/revisions\/47281"}],"wp:featuredmedia":[{"embeddable":true,"href":"https:\/\/cuernavaca.gob.mx\/index.php?rest_route=\/wp\/v2\/media\/47279"}],"wp:attachment":[{"href":"https:\/\/cuernavaca.gob.mx\/index.php?rest_route=%2Fwp%2Fv2%2Fmedia&parent=47276"}],"wp:term":[{"taxonomy":"category","embeddable":true,"href":"https:\/\/cuernavaca.gob.mx\/index.php?rest_route=%2Fwp%2Fv2%2Fcategories&post=47276"},{"taxonomy":"post_tag","embeddable":true,"href":"https:\/\/cuernavaca.gob.mx\/index.php?rest_route=%2Fwp%2Fv2%2Ftags&post=47276"}],"curies":[{"name":"wp","href":"https:\/\/api.w.org\/{rel}","templated":true}]}}