{"id":47282,"date":"2024-12-30T16:26:08","date_gmt":"2024-12-30T22:26:08","guid":{"rendered":"https:\/\/cuernavaca.gob.mx\/?p=47282"},"modified":"2024-12-30T16:26:08","modified_gmt":"2024-12-30T22:26:08","slug":"b2152-30-12-24-toman-protesta-jose-luis-uriostegui-como-presidente-municipal-reelecto-y-el-nuevo-cabildo-de-cuernavaca-para-el-periodo-2025-2027","status":"publish","type":"post","link":"https:\/\/cuernavaca.gob.mx\/?p=47282","title":{"rendered":"B2152 30\/12\/24 TOMAN PROTESTA JOS\u00c9 LUIS URI\u00d3STEGUI COMO PRESIDENTE MUNICIPAL REELECTO Y EL NUEVO CABILDO DE CUERNAVACA PARA EL PERIODO 2025-2027"},"content":{"rendered":"<p>\u2022 Confirm\u00f3 que el gran reto de la nueva administraci\u00f3n ser\u00e1 superar los logros que en tres a\u00f1os lograron en la reconstrucci\u00f3n de la capital morelense<\/p>\n<p>\u2022 El alcalde destac\u00f3 que despu\u00e9s de seis a\u00f1os de abandono por el pasado Ejecutivo Estatal, hoy la administraci\u00f3n municipal trabaja de manera coordinada con el Gobierno del Estado<\/p>\n<p>Como un hecho sin precedentes en la historia moderna de la capital morelense, Jos\u00e9 Luis Uri\u00f3stegui Salgado tom\u00f3 protesta este lunes 30 de diciembre para un nuevo periodo como presidente municipal de Cuernavaca, donde asegur\u00f3 que el nuevo Cabildo iniciar\u00e1 una administraci\u00f3n sustentada en el impulso de tres a\u00f1os de esfuerzo, austeridad y manejo honesto de los recursos p\u00fablicos, trabajando en esta nueva administraci\u00f3n 2025- 2027 en la justicia social, inspirado en valores democr\u00e1ticos, teniendo como fin \u00faltimo el bien com\u00fan.<\/p>\n<p>Tras tomar la protesta de ley en esta sesi\u00f3n solemne de Cabildo a la s\u00edndica municipal, Paula Trade Hidalgo; las regidoras Elia Ortiz Garc\u00eda, Arnett Juliana Jim\u00e9nez Gaspar, Paz Hern\u00e1ndez Pardo, Erika Lastra Jaimes y Miriam Aidee Barajas Basilio; adem\u00e1s de los regidores Alan Salvador Moreno, Gabriel Rivas R\u00edos, \u00d3scar Armando Cano Mondrag\u00f3n, Salvador Aguilar Rea, Alfredo Gonz\u00e1lez S\u00e1nchez y Juan Manuel Serrano Gastelum, el alcalde capitalino dej\u00f3 en claro que hoy Cuernavaca no parte de cero ni en las mismas condiciones que recibieron el Ayuntamiento hace tres a\u00f1os, pues el trabajo comprometido llevado a cabo por el Cabildo y el Gabinete salientes permite que las circunstancias sean mejores para seguir dando resultados.<\/p>\n<p>En presencia de su esposa, Luz Mar\u00eda Zagal Guzm\u00e1n, presidenta del Sistema Municipal DIF Cuernavaca, as\u00ed como de dirigentes de partidos pol\u00edticos, diputados federales y locales, notarios, representantes de c\u00e1maras empresariales y de grupos sociales, y colonos, Jos\u00e9 Luis Uri\u00f3stegui hizo una remembranza de los resultados obtenidos en la administraci\u00f3n 2022- 2024, destacando la reducci\u00f3n de la deuda p\u00fablica heredada que paso de mil 046 millones de pesos a 224 millones de pesos, siendo el objetivo en este nuevo periodo entregar la administraci\u00f3n el 31 de diciembre del 2027 con cero pesos de deuda, tanto en el sector central como en el Sistema de Agua Potable y Alcantarillado de Cuernavaca (SAPAC).<\/p>\n<p>El presidente municipal reelecto, enfatiz\u00f3: \u201cNuestro reto es superar los logros de la administraci\u00f3n que ma\u00f1ana concluye e inscribir nuestros nombres en los anales de la historia como el mejor Ayuntamiento que haya servido a Cuernavaca\u201d.<\/p>\n<p>Teniendo como escenario la explanada del hist\u00f3rico Museo Regional de los Pueblos de Morelos (Palacio de Cort\u00e9s) reconoci\u00f3 la apertura de la primera gobernadora de Morelos, Margarita Gonz\u00e1lez Saravia, hacia el municipio de Cuernavaca despu\u00e9s de seis a\u00f1os de abandono por el Ejecutivo Estatal anterior, manifestando la disposici\u00f3n de la administraci\u00f3n entrante para sumarse a los trabajos conjuntos que garanticen el progreso de la ciudad dentro del marco legal de autonom\u00eda municipal.<\/p>\n<p>En su intervenci\u00f3n y como representante de la gobernadora, el secretario de Gobierno, Juan Salgado Brito, reitero que la nueva administraci\u00f3n municipal, contar\u00e1 con el apoyo solidario de Margarita Gonz\u00e1lez Saravia y del Gobierno del Estado para privilegiar sobre todo aquellos temas que requieren la mayor atenci\u00f3n como es la seguridad, para la cual respetando la autonom\u00eda municipal tendr\u00e1n el respaldo del Ej\u00e9rcito, de la Guardia Nacional, de la Marina y de la Secretar\u00eda de Seguridad y Protecci\u00f3n Ciudadana de Morelos, a fin de conducir bajo el liderazgo de Jos\u00e9 Luis Uri\u00f3stegui Salgado y de manera coordinada las pol\u00edticas de seguridad, de combate a la impunidad y a la corrupci\u00f3n, as\u00ed como la dignificaci\u00f3n del gobierno en todos los \u00e1mbitos, procurando siempre y al m\u00e1ximo la mayor participaci\u00f3n ciudadana.<\/p>\n<p>En esta sesi\u00f3n solemne de Cabildo estuvieron presentes tambi\u00e9n el coronel de Infanter\u00eda Diplomado de Estado Mayor, Rodolfo Altamirano Moctezuma en representaci\u00f3n del comandante de la 24va Zona Militar de Morelos, Jos\u00e9 Luis Bucio Quiroz; el inspector Jos\u00e9 Alberto Alvarado Llanos en representaci\u00f3n de la Guardia Nacional, la diputada presidenta de la Mesa Directiva del Congreso de Morelos, Jazm\u00edn Solano L\u00f3pez; el magistrado presidente del Tribunal Superior de Justicia, Jorge Gamboa Olea y la magistrada del Tribunal de Justicia Administrativa, Vanessa Carmona Viveros, entre otros distinguidos invitados.<\/p>\n\n\t\t<style type=\"text\/css\">\n\t\t\t#gallery-1 {\n\t\t\t\tmargin: auto;\n\t\t\t}\n\t\t\t#gallery-1 .gallery-item {\n\t\t\t\tfloat: left;\n\t\t\t\tmargin-top: 10px;\n\t\t\t\ttext-align: center;\n\t\t\t\twidth: 33%;\n\t\t\t}\n\t\t\t#gallery-1 img {\n\t\t\t\tborder: 2px solid #cfcfcf;\n\t\t\t}\n\t\t\t#gallery-1 .gallery-caption {\n\t\t\t\tmargin-left: 0;\n\t\t\t}\n\t\t\t\/* see gallery_shortcode() in wp-includes\/media.php *\/\n\t\t<\/style>\n\t\t<div id='gallery-1' class='gallery galleryid-47282 gallery-columns-3 gallery-size-thumbnail'><dl class='gallery-item'>\n\t\t\t<dt class='gallery-icon landscape'>\n\t\t\t\t<a href='https:\/\/cuernavaca.gob.mx\/?attachment_id=47296'><img width=\"150\" height=\"150\" src=\"https:\/\/cuernavaca.gob.mx\/wp-content\/uploads\/2024\/12\/TOMAN-PROTESTA-JOSE\u0301-LUIS-URIO\u0301STEGUI-COMO-PRESIDENTTE-MUNICIPAL-REELECTO-Y-EL-NUEVO-CABILDO-DE-CUERNAVACA-PARA-EL-PERIODO-2025-2027-1-150x150.jpeg\" class=\"attachment-thumbnail size-thumbnail\" alt=\"\" loading=\"lazy\" \/><\/a>\n\t\t\t<\/dt><\/dl><dl class='gallery-item'>\n\t\t\t<dt class='gallery-icon landscape'>\n\t\t\t\t<a href='https:\/\/cuernavaca.gob.mx\/?attachment_id=47291'><img width=\"150\" height=\"150\" src=\"https:\/\/cuernavaca.gob.mx\/wp-content\/uploads\/2024\/12\/TOMAN-PROTESTA-JOSE\u0301-LUIS-URIO\u0301STEGUI-COMO-PRESIDENTTE-MUNICIPAL-REELECTO-Y-EL-NUEVO-CABILDO-DE-CUERNAVACA-PARA-EL-PERIODO-2025-2027_6-150x150.jpeg\" class=\"attachment-thumbnail size-thumbnail\" alt=\"\" loading=\"lazy\" \/><\/a>\n\t\t\t<\/dt><\/dl><dl class='gallery-item'>\n\t\t\t<dt class='gallery-icon landscape'>\n\t\t\t\t<a href='https:\/\/cuernavaca.gob.mx\/?attachment_id=47292'><img width=\"150\" height=\"150\" src=\"https:\/\/cuernavaca.gob.mx\/wp-content\/uploads\/2024\/12\/TOMAN-PROTESTA-JOSE\u0301-LUIS-URIO\u0301STEGUI-COMO-PRESIDENTTE-MUNICIPAL-REELECTO-Y-EL-NUEVO-CABILDO-DE-CUERNAVACA-PARA-EL-PERIODO-2025-2027_10-150x150.jpeg\" class=\"attachment-thumbnail size-thumbnail\" alt=\"\" loading=\"lazy\" \/><\/a>\n\t\t\t<\/dt><\/dl><br style=\"clear: both\" \/><dl class='gallery-item'>\n\t\t\t<dt class='gallery-icon landscape'>\n\t\t\t\t<a href='https:\/\/cuernavaca.gob.mx\/?attachment_id=47290'><img width=\"150\" height=\"150\" src=\"https:\/\/cuernavaca.gob.mx\/wp-content\/uploads\/2024\/12\/TOMAN-PROTESTA-JOSE\u0301-LUIS-URIO\u0301STEGUI-COMO-PRESIDENTTE-MUNICIPAL-REELECTO-Y-EL-NUEVO-CABILDO-DE-CUERNAVACA-PARA-EL-PERIODO-2025-2027_1-150x150.jpeg\" class=\"attachment-thumbnail size-thumbnail\" alt=\"\" loading=\"lazy\" \/><\/a>\n\t\t\t<\/dt><\/dl><dl class='gallery-item'>\n\t\t\t<dt class='gallery-icon landscape'>\n\t\t\t\t<a href='https:\/\/cuernavaca.gob.mx\/?attachment_id=47293'><img width=\"150\" height=\"150\" src=\"https:\/\/cuernavaca.gob.mx\/wp-content\/uploads\/2024\/12\/TOMAN-PROTESTA-JOSE\u0301-LUIS-URIO\u0301STEGUI-COMO-PRESIDENTTE-MUNICIPAL-REELECTO-Y-EL-NUEVO-CABILDO-DE-CUERNAVACA-PARA-EL-PERIODO-2025-2027_11-150x150.jpeg\" class=\"attachment-thumbnail size-thumbnail\" alt=\"\" loading=\"lazy\" \/><\/a>\n\t\t\t<\/dt><\/dl><dl class='gallery-item'>\n\t\t\t<dt class='gallery-icon landscape'>\n\t\t\t\t<a href='https:\/\/cuernavaca.gob.mx\/?attachment_id=47294'><img width=\"150\" height=\"150\" src=\"https:\/\/cuernavaca.gob.mx\/wp-content\/uploads\/2024\/12\/TOMAN-PROTESTA-JOSE\u0301-LUIS-URIO\u0301STEGUI-COMO-PRESIDENTTE-MUNICIPAL-REELECTO-Y-EL-NUEVO-CABILDO-DE-CUERNAVACA-PARA-EL-PERIODO-2025-2027_12-150x150.jpeg\" class=\"attachment-thumbnail size-thumbnail\" alt=\"\" loading=\"lazy\" \/><\/a>\n\t\t\t<\/dt><\/dl><br style=\"clear: both\" \/><dl class='gallery-item'>\n\t\t\t<dt class='gallery-icon landscape'>\n\t\t\t\t<a href='https:\/\/cuernavaca.gob.mx\/?attachment_id=47295'><img width=\"150\" height=\"150\" src=\"https:\/\/cuernavaca.gob.mx\/wp-content\/uploads\/2024\/12\/TOMAN-PROTESTA-JOSE\u0301-LUIS-URIO\u0301STEGUI-COMO-PRESIDENTTE-MUNICIPAL-REELECTO-Y-EL-NUEVO-CABILDO-DE-CUERNAVACA-PARA-EL-PERIODO-2025-2027_13-150x150.jpeg\" class=\"attachment-thumbnail size-thumbnail\" alt=\"\" loading=\"lazy\" \/><\/a>\n\t\t\t<\/dt><\/dl><dl class='gallery-item'>\n\t\t\t<dt class='gallery-icon landscape'>\n\t\t\t\t<a href='https:\/\/cuernavaca.gob.mx\/?attachment_id=47297'><img width=\"150\" height=\"150\" src=\"https:\/\/cuernavaca.gob.mx\/wp-content\/uploads\/2024\/12\/TOMAN-PROTESTA-JOSE\u0301-LUIS-URIO\u0301STEGUI-COMO-PRESIDENTTE-MUNICIPAL-REELECTO-Y-EL-NUEVO-CABILDO-DE-CUERNAVACA-PARA-EL-PERIODO-2025-20272-1-150x150.jpeg\" class=\"attachment-thumbnail size-thumbnail\" alt=\"\" loading=\"lazy\" \/><\/a>\n\t\t\t<\/dt><\/dl><dl class='gallery-item'>\n\t\t\t<dt class='gallery-icon landscape'>\n\t\t\t\t<a href='https:\/\/cuernavaca.gob.mx\/?attachment_id=47298'><img width=\"150\" height=\"150\" src=\"https:\/\/cuernavaca.gob.mx\/wp-content\/uploads\/2024\/12\/TOMAN-PROTESTA-JOSE\u0301-LUIS-URIO\u0301STEGUI-COMO-PRESIDENTTE-MUNICIPAL-REELECTO-Y-EL-NUEVO-CABILDO-DE-CUERNAVACA-PARA-EL-PERIODO-2025-20273-1-150x150.jpeg\" class=\"attachment-thumbnail size-thumbnail\" alt=\"\" loading=\"lazy\" \/><\/a>\n\t\t\t<\/dt><\/dl><br style=\"clear: both\" \/><dl class='gallery-item'>\n\t\t\t<dt class='gallery-icon landscape'>\n\t\t\t\t<a href='https:\/\/cuernavaca.gob.mx\/?attachment_id=47299'><img width=\"150\" height=\"150\" src=\"https:\/\/cuernavaca.gob.mx\/wp-content\/uploads\/2024\/12\/TOMAN-PROTESTA-JOSE\u0301-LUIS-URIO\u0301STEGUI-COMO-PRESIDENTTE-MUNICIPAL-REELECTO-Y-EL-NUEVO-CABILDO-DE-CUERNAVACA-PARA-EL-PERIODO-2025-20274-1-150x150.jpeg\" class=\"attachment-thumbnail size-thumbnail\" alt=\"\" loading=\"lazy\" \/><\/a>\n\t\t\t<\/dt><\/dl><dl class='gallery-item'>\n\t\t\t<dt class='gallery-icon landscape'>\n\t\t\t\t<a href='https:\/\/cuernavaca.gob.mx\/?attachment_id=47300'><img width=\"150\" height=\"150\" src=\"https:\/\/cuernavaca.gob.mx\/wp-content\/uploads\/2024\/12\/TOMAN-PROTESTA-JOSE\u0301-LUIS-URIO\u0301STEGUI-COMO-PRESIDENTTE-MUNICIPAL-REELECTO-Y-EL-NUEVO-CABILDO-DE-CUERNAVACA-PARA-EL-PERIODO-2025-20275-1-150x150.jpeg\" class=\"attachment-thumbnail size-thumbnail\" alt=\"\" loading=\"lazy\" \/><\/a>\n\t\t\t<\/dt><\/dl><dl class='gallery-item'>\n\t\t\t<dt class='gallery-icon landscape'>\n\t\t\t\t<a href='https:\/\/cuernavaca.gob.mx\/?attachment_id=47301'><img width=\"150\" height=\"150\" src=\"https:\/\/cuernavaca.gob.mx\/wp-content\/uploads\/2024\/12\/TOMAN-PROTESTA-JOSE\u0301-LUIS-URIO\u0301STEGUI-COMO-PRESIDENTTE-MUNICIPAL-REELECTO-Y-EL-NUEVO-CABILDO-DE-CUERNAVACA-PARA-EL-PERIODO-2025-20276-1-150x150.jpeg\" class=\"attachment-thumbnail size-thumbnail\" alt=\"\" loading=\"lazy\" \/><\/a>\n\t\t\t<\/dt><\/dl><br style=\"clear: both\" \/><dl class='gallery-item'>\n\t\t\t<dt class='gallery-icon landscape'>\n\t\t\t\t<a href='https:\/\/cuernavaca.gob.mx\/?attachment_id=47302'><img width=\"150\" height=\"150\" src=\"https:\/\/cuernavaca.gob.mx\/wp-content\/uploads\/2024\/12\/TOMAN-PROTESTA-JOSE\u0301-LUIS-URIO\u0301STEGUI-COMO-PRESIDENTTE-MUNICIPAL-REELECTO-Y-EL-NUEVO-CABILDO-DE-CUERNAVACA-PARA-EL-PERIODO-2025-20277-150x150.jpeg\" class=\"attachment-thumbnail size-thumbnail\" alt=\"\" loading=\"lazy\" \/><\/a>\n\t\t\t<\/dt><\/dl><dl class='gallery-item'>\n\t\t\t<dt class='gallery-icon landscape'>\n\t\t\t\t<a href='https:\/\/cuernavaca.gob.mx\/?attachment_id=47303'><img width=\"150\" height=\"150\" src=\"https:\/\/cuernavaca.gob.mx\/wp-content\/uploads\/2024\/12\/TOMAN-PROTESTA-JOSE\u0301-LUIS-URIO\u0301STEGUI-COMO-PRESIDENTTE-MUNICIPAL-REELECTO-Y-EL-NUEVO-CABILDO-DE-CUERNAVACA-PARA-EL-PERIODO-2025-20278-150x150.jpeg\" class=\"attachment-thumbnail size-thumbnail\" alt=\"\" loading=\"lazy\" \/><\/a>\n\t\t\t<\/dt><\/dl><dl class='gallery-item'>\n\t\t\t<dt class='gallery-icon landscape'>\n\t\t\t\t<a href='https:\/\/cuernavaca.gob.mx\/?attachment_id=47304'><img width=\"150\" height=\"150\" src=\"https:\/\/cuernavaca.gob.mx\/wp-content\/uploads\/2024\/12\/TOMAN-PROTESTA-JOSE\u0301-LUIS-URIO\u0301STEGUI-COMO-PRESIDENTTE-MUNICIPAL-REELECTO-Y-EL-NUEVO-CABILDO-DE-CUERNAVACA-PARA-EL-PERIODO-2025-20279-150x150.jpeg\" class=\"attachment-thumbnail size-thumbnail\" alt=\"\" loading=\"lazy\" \/><\/a>\n\t\t\t<\/dt><\/dl><br style=\"clear: both\" \/>\n\t\t<\/div>\n\n","protected":false},"excerpt":{"rendered":"<p>\u2022 Confirm\u00f3 que el gran reto de la nueva administraci\u00f3n ser\u00e1 superar los logros que en tres a\u00f1os lograron en la reconstrucci\u00f3n de la capital morelense \u2022 El alcalde destac\u00f3 que despu\u00e9s de seis a\u00f1os de abandono por el pasado Ejecutivo Estatal, hoy la administraci\u00f3n municipal trabaja de manera coordinada con el Gobierno del Estado [&hellip;]<\/p>\n","protected":false},"author":1,"featured_media":47296,"comment_status":"closed","ping_status":"open","sticky":false,"template":"","format":"standard","meta":[],"categories":[3047,20],"tags":[3306,3965,3966,3154,3034,158,121,3726],"aioseo_notices":[],"_links":{"self":[{"href":"https:\/\/cuernavaca.gob.mx\/index.php?rest_route=\/wp\/v2\/posts\/47282"}],"collection":[{"href":"https:\/\/cuernavaca.gob.mx\/index.php?rest_route=\/wp\/v2\/posts"}],"about":[{"href":"https:\/\/cuernavaca.gob.mx\/index.php?rest_route=\/wp\/v2\/types\/post"}],"author":[{"embeddable":true,"href":"https:\/\/cuernavaca.gob.mx\/index.php?rest_route=\/wp\/v2\/users\/1"}],"replies":[{"embeddable":true,"href":"https:\/\/cuernavaca.gob.mx\/index.php?rest_route=%2Fwp%2Fv2%2Fcomments&post=47282"}],"version-history":[{"count":1,"href":"https:\/\/cuernavaca.gob.mx\/index.php?rest_route=\/wp\/v2\/posts\/47282\/revisions"}],"predecessor-version":[{"id":47305,"href":"https:\/\/cuernavaca.gob.mx\/index.php?rest_route=\/wp\/v2\/posts\/47282\/revisions\/47305"}],"wp:featuredmedia":[{"embeddable":true,"href":"https:\/\/cuernavaca.gob.mx\/index.php?rest_route=\/wp\/v2\/media\/47296"}],"wp:attachment":[{"href":"https:\/\/cuernavaca.gob.mx\/index.php?rest_route=%2Fwp%2Fv2%2Fmedia&parent=47282"}],"wp:term":[{"taxonomy":"category","embeddable":true,"href":"https:\/\/cuernavaca.gob.mx\/index.php?rest_route=%2Fwp%2Fv2%2Fcategories&post=47282"},{"taxonomy":"post_tag","embeddable":true,"href":"https:\/\/cuernavaca.gob.mx\/index.php?rest_route=%2Fwp%2Fv2%2Ftags&post=47282"}],"curies":[{"name":"wp","href":"https:\/\/api.w.org\/{rel}","templated":true}]}}