{"id":47306,"date":"2024-12-30T18:00:45","date_gmt":"2024-12-31T00:00:45","guid":{"rendered":"https:\/\/cuernavaca.gob.mx\/?p=47306"},"modified":"2024-12-30T21:43:04","modified_gmt":"2024-12-31T03:43:04","slug":"b2153-30-12-24-el-nuevo-cabildo-de-cuernavaca-2025-2027-hara-un-frente-comun-para-continuar-en-el-camino-del-progreso-y-desarrollo-de-la-ciudad-capital","status":"publish","type":"post","link":"https:\/\/cuernavaca.gob.mx\/?p=47306","title":{"rendered":"B2153 30\/12\/24 EL NUEVO CABILDO DE CUERNAVACA 2025- 2027, HAR\u00c1 UN FRENTE COM\u00daN PARA CONTINUAR EN EL CAMINO DEL PROGRESO Y DESARROLLO DE LA CIUDAD CAPITAL"},"content":{"rendered":"<div><strong>\u2022 Las y los regidores de las cinco fuerzas pol\u00edticas que integran el cuerpo edilicio coincidieron en su disposici\u00f3n y voluntad para coadyuvar de manera conjunta en acciones que transformen la calidad de vida de la poblaci\u00f3n\u00a0<\/strong><\/div>\n<div><\/div>\n<div><strong>\u2022 El Cabildo tiene la representaci\u00f3n del partido Verde Ecologista de M\u00e9xico, el Partido Revolucionario Institucional, Movimiento Ciudadano, Partido Acci\u00f3n Nacional y Movimiento de Regeneraci\u00f3n Nacional<\/strong><\/div>\n<div><\/div>\n<div>Al tomar protesta como integrantes del Cabildo del Ayuntamiento de Cuernavaca para el periodo 2025- 2027, las y los regidores dieron a conocer los planes de trabajo que estar\u00e1n impulsando desde sus partidos en este nuevo gobierno coincidiendo en su compromiso por dejar de lado las siglas partidistas para generar un frente com\u00fan con el presidente municipal, Jos\u00e9 Luis Uri\u00f3stegui Salgado y la s\u00edndica municipal, Paula Trade Hidalgo, que consolide el progreso del municipio a favor de las y los cuernavaquenses.<\/div>\n<div><\/div>\n<div>En el marco de presentaci\u00f3n de las fuerzas pol\u00edticas, el regidor Juan Miguel Serrano Gastelum del partido Verde Ecologista de M\u00e9xico (PVEM), afirm\u00f3 que su objetivo ser\u00e1 generar condiciones adecuadas de gobernabilidad con todas y cada una de las \u00e1reas que conlleva el Ayuntamiento como son seguridad p\u00fablica, desarrollo econ\u00f3mico, turismo, agua potable para toda la poblaci\u00f3n, bienestar social, servicios p\u00fablicos, entre otros, sin dejar de lado el cuidado del medio ambiente y el desarrollo sustentable de la ciudad.<\/div>\n<div><\/div>\n<div>Por su lado, el regidor Salvador Aguilar Rea, del Partido Revolucionario Institucional (PRI), destac\u00f3 entre las iniciativas impostergables a presentar para obtener los mejores resultados de la ciudad, la consolidaci\u00f3n de la Contralor\u00eda Social, de obras de autogesti\u00f3n y por cooperaci\u00f3n, la implementaci\u00f3n de un programa de Mejora Regulatoria que revise la tramitolog\u00eda municipal y elimine los tr\u00e1mites duplicados y excesivos burocr\u00e1ticos para generar inversiones y empleos, as\u00ed como la creaci\u00f3n de un organismo interno que a trav\u00e9s de una composici\u00f3n bipartita con los representantes del gobierno municipal y de representantes de las trabajadoras municipales investigue, prevenga y sancione casos de violencia de g\u00e9nero en el \u00e1mbito laboral.<\/div>\n<div><\/div>\n<div>A su vez, la regidora Erika Lastra Jaimes del partido Movimiento Ciudadano, subray\u00f3 que su lucha es el bienestar y desarrollo del municipio, por lo cual en estos tres a\u00f1os de gesti\u00f3n se enfocar\u00e1 en escuchar las necesidades y preocupaciones de la ciudadan\u00eda, trabajando siempre en coordinaci\u00f3n con el presidente municipal de Cuernavaca, Jos\u00e9 Luis Uri\u00f3stegui Salgado y sus colegas concejales para encontrar soluciones objetivas en beneficio de la ciudad, extendiendo su mano a los trabajadores municipales, al tiempo de resaltar que su prioridad ser\u00e1 la transparencia, la rendici\u00f3n de cuentas, la participaci\u00f3n ciudadana, la igualdad, la educaci\u00f3n y la seguridad de todas y todos, poniendo en el centro a las ni\u00f1as, ni\u00f1os, adolescentes, mujeres y adultos mayores.<\/div>\n<div><\/div>\n<div>El regidor Alfredo Gonz\u00e1lez S\u00e1nchez, del Partido Acci\u00f3n Nacional (PAN), indic\u00f3 que la agenda pol\u00edtica del partido blanquiazul ser\u00e1 a partir de un enfoque social profundo buscando reconstruir el tejido social desde la red social por excelencia que es la calle sin dejar de lado la libertad de expresi\u00f3n que es y ser\u00e1 siempre un punto a destacar en el gobierno.<\/div>\n<div><\/div>\n<div>Al tiempo, la regidora Elia Ortiz Garc\u00eda, del partido Movimiento de Regeneraci\u00f3n Nacional (Morena), cerr\u00f3 la ronda de intervenciones resaltando el compromiso por ser un gobierno sensible y cercano a la gente, de territorio y no de escritorio, fortaleciendo la comunicaci\u00f3n y la fraternidad, desterrando viejas pr\u00e1cticas como son el influyent\u00edsimo y nepotismo, comprometi\u00e9ndose a crear y construir puentes de colaboraci\u00f3n con todas las fuerzas pol\u00edticas que conforman el Cabildo para que la calidad de vida de las y los cuernavaquenses mejore con adecuados servicios p\u00fablicos.<\/div>\n<div><\/div>\n<div>\n\n\t\t<style type=\"text\/css\">\n\t\t\t#gallery-1 {\n\t\t\t\tmargin: auto;\n\t\t\t}\n\t\t\t#gallery-1 .gallery-item {\n\t\t\t\tfloat: left;\n\t\t\t\tmargin-top: 10px;\n\t\t\t\ttext-align: center;\n\t\t\t\twidth: 33%;\n\t\t\t}\n\t\t\t#gallery-1 img {\n\t\t\t\tborder: 2px solid #cfcfcf;\n\t\t\t}\n\t\t\t#gallery-1 .gallery-caption {\n\t\t\t\tmargin-left: 0;\n\t\t\t}\n\t\t\t\/* see gallery_shortcode() in wp-includes\/media.php *\/\n\t\t<\/style>\n\t\t<div id='gallery-1' class='gallery galleryid-47306 gallery-columns-3 gallery-size-thumbnail'><dl class='gallery-item'>\n\t\t\t<dt class='gallery-icon landscape'>\n\t\t\t\t<a href='https:\/\/cuernavaca.gob.mx\/?attachment_id=47307'><img width=\"150\" height=\"150\" src=\"https:\/\/cuernavaca.gob.mx\/wp-content\/uploads\/2024\/12\/EL-NUEVO-CABILDO-DE-CUERNAVACA-2025-2027-HARA-UN-FRENTE-COMUN-PARA-CONTINUAR-EN-EL-CAMINO-DEL-PROGRESO-Y-DESARROLLO-DE-LA-CIUDAD-CAPITAL-5-150x150.jpeg\" class=\"attachment-thumbnail size-thumbnail\" alt=\"\" loading=\"lazy\" \/><\/a>\n\t\t\t<\/dt><\/dl><dl class='gallery-item'>\n\t\t\t<dt class='gallery-icon landscape'>\n\t\t\t\t<a href='https:\/\/cuernavaca.gob.mx\/?attachment_id=47308'><img width=\"150\" height=\"150\" src=\"https:\/\/cuernavaca.gob.mx\/wp-content\/uploads\/2024\/12\/EL-NUEVO-CABILDO-DE-CUERNAVACA-2025-2027-HARA-UN-FRENTE-COMUN-PARA-CONTINUAR-EN-EL-CAMINO-DEL-PROGRESO-Y-DESARROLLO-DE-LA-CIUDAD-CAPITAL-11-150x150.jpeg\" class=\"attachment-thumbnail size-thumbnail\" alt=\"\" loading=\"lazy\" \/><\/a>\n\t\t\t<\/dt><\/dl><dl class='gallery-item'>\n\t\t\t<dt class='gallery-icon landscape'>\n\t\t\t\t<a href='https:\/\/cuernavaca.gob.mx\/?attachment_id=47309'><img width=\"150\" height=\"150\" src=\"https:\/\/cuernavaca.gob.mx\/wp-content\/uploads\/2024\/12\/EL-NUEVO-CABILDO-DE-CUERNAVACA-2025-2027-HARA-UN-FRENTE-COMUN-PARA-CONTINUAR-EN-EL-CAMINO-DEL-PROGRESO-Y-DESARROLLO-DE-LA-CIUDAD-CAPITAL-4-150x150.jpeg\" class=\"attachment-thumbnail size-thumbnail\" alt=\"\" loading=\"lazy\" \/><\/a>\n\t\t\t<\/dt><\/dl><br style=\"clear: both\" \/><dl class='gallery-item'>\n\t\t\t<dt class='gallery-icon landscape'>\n\t\t\t\t<a href='https:\/\/cuernavaca.gob.mx\/?attachment_id=47310'><img width=\"150\" height=\"150\" src=\"https:\/\/cuernavaca.gob.mx\/wp-content\/uploads\/2024\/12\/EL-NUEVO-CABILDO-DE-CUERNAVACA-2025-2027-HARA-UN-FRENTE-COMUN-PARA-CONTINUAR-EN-EL-CAMINO-DEL-PROGRESO-Y-DESARROLLO-DE-LA-CIUDAD-CAPITAL-10-150x150.jpeg\" class=\"attachment-thumbnail size-thumbnail\" alt=\"\" loading=\"lazy\" \/><\/a>\n\t\t\t<\/dt><\/dl><dl class='gallery-item'>\n\t\t\t<dt class='gallery-icon landscape'>\n\t\t\t\t<a href='https:\/\/cuernavaca.gob.mx\/?attachment_id=47311'><img width=\"150\" height=\"150\" src=\"https:\/\/cuernavaca.gob.mx\/wp-content\/uploads\/2024\/12\/EL-NUEVO-CABILDO-DE-CUERNAVACA-2025-2027-HARA-UN-FRENTE-COMUN-PARA-CONTINUAR-EN-EL-CAMINO-DEL-PROGRESO-Y-DESARROLLO-DE-LA-CIUDAD-CAPITAL-9-150x150.jpeg\" class=\"attachment-thumbnail size-thumbnail\" alt=\"\" loading=\"lazy\" \/><\/a>\n\t\t\t<\/dt><\/dl><dl class='gallery-item'>\n\t\t\t<dt class='gallery-icon landscape'>\n\t\t\t\t<a href='https:\/\/cuernavaca.gob.mx\/?attachment_id=47312'><img width=\"150\" height=\"150\" src=\"https:\/\/cuernavaca.gob.mx\/wp-content\/uploads\/2024\/12\/EL-NUEVO-CABILDO-DE-CUERNAVACA-2025-2027-HARA-UN-FRENTE-COMUN-PARA-CONTINUAR-EN-EL-CAMINO-DEL-PROGRESO-Y-DESARROLLO-DE-LA-CIUDAD-CAPITAL-3-150x150.jpeg\" class=\"attachment-thumbnail size-thumbnail\" alt=\"\" loading=\"lazy\" \/><\/a>\n\t\t\t<\/dt><\/dl><br style=\"clear: both\" \/><dl class='gallery-item'>\n\t\t\t<dt class='gallery-icon landscape'>\n\t\t\t\t<a href='https:\/\/cuernavaca.gob.mx\/?attachment_id=47313'><img width=\"150\" height=\"150\" src=\"https:\/\/cuernavaca.gob.mx\/wp-content\/uploads\/2024\/12\/EL-NUEVO-CABILDO-DE-CUERNAVACA-2025-2027-HARA-UN-FRENTE-COMUN-PARA-CONTINUAR-EN-EL-CAMINO-DEL-PROGRESO-Y-DESARROLLO-DE-LA-CIUDAD-CAPITAL-8-150x150.jpeg\" class=\"attachment-thumbnail size-thumbnail\" alt=\"\" loading=\"lazy\" \/><\/a>\n\t\t\t<\/dt><\/dl><dl class='gallery-item'>\n\t\t\t<dt class='gallery-icon landscape'>\n\t\t\t\t<a href='https:\/\/cuernavaca.gob.mx\/?attachment_id=47314'><img width=\"150\" height=\"150\" src=\"https:\/\/cuernavaca.gob.mx\/wp-content\/uploads\/2024\/12\/EL-NUEVO-CABILDO-DE-CUERNAVACA-2025-2027-HARA-UN-FRENTE-COMUN-PARA-CONTINUAR-EN-EL-CAMINO-DEL-PROGRESO-Y-DESARROLLO-DE-LA-CIUDAD-CAPITAL-2-150x150.jpeg\" class=\"attachment-thumbnail size-thumbnail\" alt=\"\" loading=\"lazy\" \/><\/a>\n\t\t\t<\/dt><\/dl><dl class='gallery-item'>\n\t\t\t<dt class='gallery-icon landscape'>\n\t\t\t\t<a href='https:\/\/cuernavaca.gob.mx\/?attachment_id=47315'><img width=\"150\" height=\"150\" src=\"https:\/\/cuernavaca.gob.mx\/wp-content\/uploads\/2024\/12\/EL-NUEVO-CABILDO-DE-CUERNAVACA-2025-2027-HARA-UN-FRENTE-COMUN-PARA-CONTINUAR-EN-EL-CAMINO-DEL-PROGRESO-Y-DESARROLLO-DE-LA-CIUDAD-CAPITAL-7-150x150.jpeg\" class=\"attachment-thumbnail size-thumbnail\" alt=\"\" loading=\"lazy\" \/><\/a>\n\t\t\t<\/dt><\/dl><br style=\"clear: both\" \/><dl class='gallery-item'>\n\t\t\t<dt class='gallery-icon landscape'>\n\t\t\t\t<a href='https:\/\/cuernavaca.gob.mx\/?attachment_id=47316'><img width=\"150\" height=\"150\" src=\"https:\/\/cuernavaca.gob.mx\/wp-content\/uploads\/2024\/12\/EL-NUEVO-CABILDO-DE-CUERNAVACA-2025-2027-HARA-UN-FRENTE-COMUN-PARA-CONTINUAR-EN-EL-CAMINO-DEL-PROGRESO-Y-DESARROLLO-DE-LA-CIUDAD-CAPITAL-1-150x150.jpeg\" class=\"attachment-thumbnail size-thumbnail\" alt=\"\" loading=\"lazy\" \/><\/a>\n\t\t\t<\/dt><\/dl><dl class='gallery-item'>\n\t\t\t<dt class='gallery-icon landscape'>\n\t\t\t\t<a href='https:\/\/cuernavaca.gob.mx\/?attachment_id=47317'><img width=\"150\" height=\"150\" src=\"https:\/\/cuernavaca.gob.mx\/wp-content\/uploads\/2024\/12\/EL-NUEVO-CABILDO-DE-CUERNAVACA-2025-2027-HARA-UN-FRENTE-COMUN-PARA-CONTINUAR-EN-EL-CAMINO-DEL-PROGRESO-Y-DESARROLLO-DE-LA-CIUDAD-CAPITAL-6-150x150.jpeg\" class=\"attachment-thumbnail size-thumbnail\" alt=\"\" loading=\"lazy\" \/><\/a>\n\t\t\t<\/dt><\/dl><dl class='gallery-item'>\n\t\t\t<dt class='gallery-icon landscape'>\n\t\t\t\t<a href='https:\/\/cuernavaca.gob.mx\/?attachment_id=47318'><img width=\"150\" height=\"150\" src=\"https:\/\/cuernavaca.gob.mx\/wp-content\/uploads\/2024\/12\/EL-NUEVO-CABILDO-DE-CUERNAVACA-2025-2027-HARA-UN-FRENTE-COMUN-PARA-CONTINUAR-EN-EL-CAMINO-DEL-PROGRESO-Y-DESARROLLO-DE-LA-CIUDAD-CAPITAL-17-150x150.jpeg\" class=\"attachment-thumbnail size-thumbnail\" alt=\"\" loading=\"lazy\" \/><\/a>\n\t\t\t<\/dt><\/dl><br style=\"clear: both\" \/><dl class='gallery-item'>\n\t\t\t<dt class='gallery-icon landscape'>\n\t\t\t\t<a href='https:\/\/cuernavaca.gob.mx\/?attachment_id=47319'><img width=\"150\" height=\"150\" src=\"https:\/\/cuernavaca.gob.mx\/wp-content\/uploads\/2024\/12\/EL-NUEVO-CABILDO-DE-CUERNAVACA-2025-2027-HARA-UN-FRENTE-COMUN-PARA-CONTINUAR-EN-EL-CAMINO-DEL-PROGRESO-Y-DESARROLLO-DE-LA-CIUDAD-CAPITAL-16-150x150.jpeg\" class=\"attachment-thumbnail size-thumbnail\" alt=\"\" loading=\"lazy\" \/><\/a>\n\t\t\t<\/dt><\/dl><dl class='gallery-item'>\n\t\t\t<dt class='gallery-icon landscape'>\n\t\t\t\t<a href='https:\/\/cuernavaca.gob.mx\/?attachment_id=47320'><img width=\"150\" height=\"150\" src=\"https:\/\/cuernavaca.gob.mx\/wp-content\/uploads\/2024\/12\/EL-NUEVO-CABILDO-DE-CUERNAVACA-2025-2027-HARA-UN-FRENTE-COMUN-PARA-CONTINUAR-EN-EL-CAMINO-DEL-PROGRESO-Y-DESARROLLO-DE-LA-CIUDAD-CAPITAL-15-150x150.jpeg\" class=\"attachment-thumbnail size-thumbnail\" alt=\"\" loading=\"lazy\" \/><\/a>\n\t\t\t<\/dt><\/dl><dl class='gallery-item'>\n\t\t\t<dt class='gallery-icon landscape'>\n\t\t\t\t<a href='https:\/\/cuernavaca.gob.mx\/?attachment_id=47321'><img width=\"150\" height=\"150\" src=\"https:\/\/cuernavaca.gob.mx\/wp-content\/uploads\/2024\/12\/EL-NUEVO-CABILDO-DE-CUERNAVACA-2025-2027-HARA-UN-FRENTE-COMUN-PARA-CONTINUAR-EN-EL-CAMINO-DEL-PROGRESO-Y-DESARROLLO-DE-LA-CIUDAD-CAPITAL-14-150x150.jpeg\" class=\"attachment-thumbnail size-thumbnail\" alt=\"\" loading=\"lazy\" \/><\/a>\n\t\t\t<\/dt><\/dl><br style=\"clear: both\" \/><dl class='gallery-item'>\n\t\t\t<dt class='gallery-icon landscape'>\n\t\t\t\t<a href='https:\/\/cuernavaca.gob.mx\/?attachment_id=47322'><img width=\"150\" height=\"150\" src=\"https:\/\/cuernavaca.gob.mx\/wp-content\/uploads\/2024\/12\/EL-NUEVO-CABILDO-DE-CUERNAVACA-2025-2027-HARA-UN-FRENTE-COMUN-PARA-CONTINUAR-EN-EL-CAMINO-DEL-PROGRESO-Y-DESARROLLO-DE-LA-CIUDAD-CAPITAL-13-150x150.jpeg\" class=\"attachment-thumbnail size-thumbnail\" alt=\"\" loading=\"lazy\" \/><\/a>\n\t\t\t<\/dt><\/dl>\n\t\t\t<br style='clear: both' \/>\n\t\t<\/div>\n\n<\/div>\n","protected":false},"excerpt":{"rendered":"<p>\u2022 Las y los regidores de las cinco fuerzas pol\u00edticas que integran el cuerpo edilicio coincidieron en su disposici\u00f3n y voluntad para coadyuvar de manera conjunta en acciones que transformen la calidad de vida de la poblaci\u00f3n\u00a0 \u2022 El Cabildo tiene la representaci\u00f3n del partido Verde Ecologista de M\u00e9xico, el Partido Revolucionario Institucional, Movimiento Ciudadano, [&hellip;]<\/p>\n","protected":false},"author":1,"featured_media":47313,"comment_status":"closed","ping_status":"open","sticky":false,"template":"","format":"standard","meta":[],"categories":[3047],"tags":[158,121,1929,120,206,127],"aioseo_notices":[],"_links":{"self":[{"href":"https:\/\/cuernavaca.gob.mx\/index.php?rest_route=\/wp\/v2\/posts\/47306"}],"collection":[{"href":"https:\/\/cuernavaca.gob.mx\/index.php?rest_route=\/wp\/v2\/posts"}],"about":[{"href":"https:\/\/cuernavaca.gob.mx\/index.php?rest_route=\/wp\/v2\/types\/post"}],"author":[{"embeddable":true,"href":"https:\/\/cuernavaca.gob.mx\/index.php?rest_route=\/wp\/v2\/users\/1"}],"replies":[{"embeddable":true,"href":"https:\/\/cuernavaca.gob.mx\/index.php?rest_route=%2Fwp%2Fv2%2Fcomments&post=47306"}],"version-history":[{"count":1,"href":"https:\/\/cuernavaca.gob.mx\/index.php?rest_route=\/wp\/v2\/posts\/47306\/revisions"}],"predecessor-version":[{"id":47323,"href":"https:\/\/cuernavaca.gob.mx\/index.php?rest_route=\/wp\/v2\/posts\/47306\/revisions\/47323"}],"wp:featuredmedia":[{"embeddable":true,"href":"https:\/\/cuernavaca.gob.mx\/index.php?rest_route=\/wp\/v2\/media\/47313"}],"wp:attachment":[{"href":"https:\/\/cuernavaca.gob.mx\/index.php?rest_route=%2Fwp%2Fv2%2Fmedia&parent=47306"}],"wp:term":[{"taxonomy":"category","embeddable":true,"href":"https:\/\/cuernavaca.gob.mx\/index.php?rest_route=%2Fwp%2Fv2%2Fcategories&post=47306"},{"taxonomy":"post_tag","embeddable":true,"href":"https:\/\/cuernavaca.gob.mx\/index.php?rest_route=%2Fwp%2Fv2%2Ftags&post=47306"}],"curies":[{"name":"wp","href":"https:\/\/api.w.org\/{rel}","templated":true}]}}