{"id":47338,"date":"2024-12-31T15:00:08","date_gmt":"2024-12-31T21:00:08","guid":{"rendered":"https:\/\/cuernavaca.gob.mx\/?p=47338"},"modified":"2024-12-31T18:09:22","modified_gmt":"2025-01-01T00:09:22","slug":"b2154-31-12-24-cierra-jose-luis-uriostegui-administracion-2022-2024-entregando-obras-que-dignifican-areas-municipales","status":"publish","type":"post","link":"https:\/\/cuernavaca.gob.mx\/?p=47338","title":{"rendered":"B2154 31\/12\/24 CIERRA JOS\u00c9 LUIS URI\u00d3STEGUI ADMINISTRACI\u00d3N 2022- 2024 ENTREGANDO OBRAS QUE DIGNIFICAN \u00c1REAS MUNICIPALES"},"content":{"rendered":"<p><strong>\u00b0 El alcalde de Cuernavaca inaugur\u00f3 la rehabilitaci\u00f3n de las instalaciones del Registro Civil No. 1 y 3, esta \u00faltima ubicada en Parque Alameda Solidaridad<\/strong><\/p>\n<p>Con la finalidad de seguir mejorando la infraestructura de las oficinas del Ayuntamiento, el presidente municipal de Cuernavaca, Jos\u00e9 Luis Uri\u00f3stegui Salgado, encabez\u00f3 este martes la inauguraci\u00f3n de la rehabilitaci\u00f3n de las instalaciones del Registro Civil No. 1 y 3, para este \u00faltimo ubicado al interior del parque Alameda Solidaridad se destin\u00f3 un monto de inversi\u00f3n de un mill\u00f3n 499 mil 900.68 pesos de recursos propios municipales que garantizar\u00e1 una mejor atenci\u00f3n y servicio a la ciudadan\u00eda.<\/p>\n<p>Como parte de estos trabajos, la Secretar\u00eda de Desarrollo Urbano y Obras P\u00fablicas renov\u00f3 alba\u00f1iler\u00edas y acabados, puertas de acceso, luminarias, as\u00ed como la instalaci\u00f3n hidr\u00e1ulica y el\u00e9ctrica de las dos Oficial\u00edas; adem\u00e1s de rehabilitar los sanitarios de la Oficial\u00eda No. 3 y algunos muebles de ba\u00f1o de la Oficial\u00eda No. 1, recuperando un piso de m\u00e1rmol que desde hace muchos a\u00f1os padec\u00eda la falta de mantenimiento.<\/p>\n<p>De acuerdo con la oficial del Registro Civil No. 3, Claudia Popoca Gonz\u00e1lez, en este espacio se realizan un promedio de 350 actos al mes desde matrimonios hasta nacimientos, actas de defunciones, divorcios, certificaciones y reconocimientos, siendo fundamental su atenci\u00f3n tras cerca de 15 a\u00f1os de falta de mantenimiento, con lo cual no solo se ver\u00e1 beneficiada la poblaci\u00f3n, sino tambi\u00e9n los propios trabajadores municipales que tendr\u00e1n un espacio digno donde laborar.<\/p>\n<p>Acompa\u00f1ado de la regidora Mireya Delgado Romero, el alcalde Jos\u00e9 Luis Uri\u00f3stegui Salgado, expres\u00f3 que esta inversi\u00f3n de recursos propios municipales representa el esfuerzo que se ha hecho durante tres a\u00f1os en la administraci\u00f3n para dignificar las \u00e1reas municipales con la \u00fanica finalidad de brindar espacios adecuados para los cuernavaquenses donde puedan sentirse c\u00f3modos durante el tiempo que permanezcan.<\/p>\n<p>Destac\u00f3 que en este caso se suma tambi\u00e9n a la iniciativa hecha por su esposa, Luz Mar\u00eda Zagal Guzm\u00e1n, presidenta del Sistema Municipal DIF Cuernavaca que desde 2022 lider\u00f3 la apertura de Salas de Lactancia en las Oficial\u00edas del Registro Civil para garantizar a las madres trabajadoras y visitantes su derecho a contar con un espacio confortable, limpio y digno para la extracci\u00f3n de leche materna en beneficio de su salud y la de sus beb\u00e9s.<\/p>\n<p>La inauguraci\u00f3n de obra cont\u00f3 con la presencia de autoridades de la Oficial\u00eda del Registro Civil No. 3 y de la Secretar\u00eda de Desarrollo Sustentable y Servicios P\u00fablicos que se ubica al interior del Parque Alameda Solidaridad donde Sala de Lactancia mantiene un horario de lunes a viernes de 08:00 a 16:00 horas y que solo en este a\u00f1o ha recibido a un aproximado de 330 personas, entre mujeres y hombres.<\/p>\n\n\t\t<style type=\"text\/css\">\n\t\t\t#gallery-1 {\n\t\t\t\tmargin: auto;\n\t\t\t}\n\t\t\t#gallery-1 .gallery-item {\n\t\t\t\tfloat: left;\n\t\t\t\tmargin-top: 10px;\n\t\t\t\ttext-align: center;\n\t\t\t\twidth: 33%;\n\t\t\t}\n\t\t\t#gallery-1 img {\n\t\t\t\tborder: 2px solid #cfcfcf;\n\t\t\t}\n\t\t\t#gallery-1 .gallery-caption {\n\t\t\t\tmargin-left: 0;\n\t\t\t}\n\t\t\t\/* see gallery_shortcode() in wp-includes\/media.php *\/\n\t\t<\/style>\n\t\t<div id='gallery-1' class='gallery galleryid-47338 gallery-columns-3 gallery-size-thumbnail'><dl class='gallery-item'>\n\t\t\t<dt class='gallery-icon landscape'>\n\t\t\t\t<a href='https:\/\/cuernavaca.gob.mx\/?attachment_id=47339'><img width=\"150\" height=\"150\" src=\"https:\/\/cuernavaca.gob.mx\/wp-content\/uploads\/2024\/12\/CIERRA-JOSE-LUIS-URIOSTEGUI-ADMINISTRACION-2022-2024-ENTREGANDO-OBRAS-QUE-DIGNIFICAN-AREAS-MUNICIPALES-1-150x150.jpeg\" class=\"attachment-thumbnail size-thumbnail\" alt=\"\" loading=\"lazy\" \/><\/a>\n\t\t\t<\/dt><\/dl><dl class='gallery-item'>\n\t\t\t<dt class='gallery-icon landscape'>\n\t\t\t\t<a href='https:\/\/cuernavaca.gob.mx\/?attachment_id=47340'><img width=\"150\" height=\"150\" src=\"https:\/\/cuernavaca.gob.mx\/wp-content\/uploads\/2024\/12\/CIERRA-JOSE-LUIS-URIOSTEGUI-ADMINISTRACION-2022-2024-ENTREGANDO-OBRAS-QUE-DIGNIFICAN-AREAS-MUNICIPALES-2-150x150.jpeg\" class=\"attachment-thumbnail size-thumbnail\" alt=\"\" loading=\"lazy\" \/><\/a>\n\t\t\t<\/dt><\/dl><dl class='gallery-item'>\n\t\t\t<dt class='gallery-icon landscape'>\n\t\t\t\t<a href='https:\/\/cuernavaca.gob.mx\/?attachment_id=47341'><img width=\"150\" height=\"150\" src=\"https:\/\/cuernavaca.gob.mx\/wp-content\/uploads\/2024\/12\/CIERRA-JOSE-LUIS-URIOSTEGUI-ADMINISTRACION-2022-2024-ENTREGANDO-OBRAS-QUE-DIGNIFICAN-AREAS-MUNICIPALES-3-150x150.jpeg\" class=\"attachment-thumbnail size-thumbnail\" alt=\"\" loading=\"lazy\" \/><\/a>\n\t\t\t<\/dt><\/dl><br style=\"clear: both\" \/><dl class='gallery-item'>\n\t\t\t<dt class='gallery-icon landscape'>\n\t\t\t\t<a href='https:\/\/cuernavaca.gob.mx\/?attachment_id=47342'><img width=\"150\" height=\"150\" src=\"https:\/\/cuernavaca.gob.mx\/wp-content\/uploads\/2024\/12\/CIERRA-JOSE-LUIS-URIOSTEGUI-ADMINISTRACION-2022-2024-ENTREGANDO-OBRAS-QUE-DIGNIFICAN-AREAS-MUNICIPALES-4-150x150.jpeg\" class=\"attachment-thumbnail size-thumbnail\" alt=\"\" loading=\"lazy\" \/><\/a>\n\t\t\t<\/dt><\/dl><dl class='gallery-item'>\n\t\t\t<dt class='gallery-icon landscape'>\n\t\t\t\t<a href='https:\/\/cuernavaca.gob.mx\/?attachment_id=47343'><img width=\"150\" height=\"150\" src=\"https:\/\/cuernavaca.gob.mx\/wp-content\/uploads\/2024\/12\/CIERRA-JOSE-LUIS-URIOSTEGUI-ADMINISTRACION-2022-2024-ENTREGANDO-OBRAS-QUE-DIGNIFICAN-AREAS-MUNICIPALES-5-150x150.jpeg\" class=\"attachment-thumbnail size-thumbnail\" alt=\"\" loading=\"lazy\" \/><\/a>\n\t\t\t<\/dt><\/dl><dl class='gallery-item'>\n\t\t\t<dt class='gallery-icon landscape'>\n\t\t\t\t<a href='https:\/\/cuernavaca.gob.mx\/?attachment_id=47344'><img width=\"150\" height=\"150\" src=\"https:\/\/cuernavaca.gob.mx\/wp-content\/uploads\/2024\/12\/CIERRA-JOSE-LUIS-URIOSTEGUI-ADMINISTRACION-2022-2024-ENTREGANDO-OBRAS-QUE-DIGNIFICAN-AREAS-MUNICIPALES-6-150x150.jpeg\" class=\"attachment-thumbnail size-thumbnail\" alt=\"\" loading=\"lazy\" \/><\/a>\n\t\t\t<\/dt><\/dl><br style=\"clear: both\" \/><dl class='gallery-item'>\n\t\t\t<dt class='gallery-icon landscape'>\n\t\t\t\t<a href='https:\/\/cuernavaca.gob.mx\/?attachment_id=47345'><img width=\"150\" height=\"150\" src=\"https:\/\/cuernavaca.gob.mx\/wp-content\/uploads\/2024\/12\/CIERRA-JOSE-LUIS-URIOSTEGUI-ADMINISTRACION-2022-2024-ENTREGANDO-OBRAS-QUE-DIGNIFICAN-AREAS-MUNICIPALES-7-150x150.jpeg\" class=\"attachment-thumbnail size-thumbnail\" alt=\"\" loading=\"lazy\" \/><\/a>\n\t\t\t<\/dt><\/dl><dl class='gallery-item'>\n\t\t\t<dt class='gallery-icon landscape'>\n\t\t\t\t<a href='https:\/\/cuernavaca.gob.mx\/?attachment_id=47346'><img width=\"150\" height=\"150\" src=\"https:\/\/cuernavaca.gob.mx\/wp-content\/uploads\/2024\/12\/CIERRA-JOSE-LUIS-URIOSTEGUI-ADMINISTRACION-2022-2024-ENTREGANDO-OBRAS-QUE-DIGNIFICAN-AREAS-MUNICIPALES-8-150x150.jpeg\" class=\"attachment-thumbnail size-thumbnail\" alt=\"\" loading=\"lazy\" \/><\/a>\n\t\t\t<\/dt><\/dl><dl class='gallery-item'>\n\t\t\t<dt class='gallery-icon landscape'>\n\t\t\t\t<a href='https:\/\/cuernavaca.gob.mx\/?attachment_id=47347'><img width=\"150\" height=\"150\" src=\"https:\/\/cuernavaca.gob.mx\/wp-content\/uploads\/2024\/12\/CIERRA-JOSE-LUIS-URIOSTEGUI-ADMINISTRACION-2022-2024-ENTREGANDO-OBRAS-QUE-DIGNIFICAN-AREAS-MUNICIPALES-9-150x150.jpeg\" class=\"attachment-thumbnail size-thumbnail\" alt=\"\" loading=\"lazy\" \/><\/a>\n\t\t\t<\/dt><\/dl><br style=\"clear: both\" \/><dl class='gallery-item'>\n\t\t\t<dt class='gallery-icon landscape'>\n\t\t\t\t<a href='https:\/\/cuernavaca.gob.mx\/?attachment_id=47348'><img width=\"150\" height=\"150\" src=\"https:\/\/cuernavaca.gob.mx\/wp-content\/uploads\/2024\/12\/CIERRA-JOSE-LUIS-URIOSTEGUI-ADMINISTRACION-2022-2024-ENTREGANDO-OBRAS-QUE-DIGNIFICAN-AREAS-MUNICIPALES-10-150x150.jpeg\" class=\"attachment-thumbnail size-thumbnail\" alt=\"\" loading=\"lazy\" \/><\/a>\n\t\t\t<\/dt><\/dl>\n\t\t\t<br style='clear: both' \/>\n\t\t<\/div>\n\n","protected":false},"excerpt":{"rendered":"<p>\u00b0 El alcalde de Cuernavaca inaugur\u00f3 la rehabilitaci\u00f3n de las instalaciones del Registro Civil No. 1 y 3, esta \u00faltima ubicada en Parque Alameda Solidaridad Con la finalidad de seguir mejorando la infraestructura de las oficinas del Ayuntamiento, el presidente municipal de Cuernavaca, Jos\u00e9 Luis Uri\u00f3stegui Salgado, encabez\u00f3 este martes la inauguraci\u00f3n de la rehabilitaci\u00f3n [&hellip;]<\/p>\n","protected":false},"author":1,"featured_media":47339,"comment_status":"closed","ping_status":"open","sticky":false,"template":"","format":"standard","meta":[],"categories":[18],"tags":[121,120,206,356,232,127,270,2303],"aioseo_notices":[],"_links":{"self":[{"href":"https:\/\/cuernavaca.gob.mx\/index.php?rest_route=\/wp\/v2\/posts\/47338"}],"collection":[{"href":"https:\/\/cuernavaca.gob.mx\/index.php?rest_route=\/wp\/v2\/posts"}],"about":[{"href":"https:\/\/cuernavaca.gob.mx\/index.php?rest_route=\/wp\/v2\/types\/post"}],"author":[{"embeddable":true,"href":"https:\/\/cuernavaca.gob.mx\/index.php?rest_route=\/wp\/v2\/users\/1"}],"replies":[{"embeddable":true,"href":"https:\/\/cuernavaca.gob.mx\/index.php?rest_route=%2Fwp%2Fv2%2Fcomments&post=47338"}],"version-history":[{"count":1,"href":"https:\/\/cuernavaca.gob.mx\/index.php?rest_route=\/wp\/v2\/posts\/47338\/revisions"}],"predecessor-version":[{"id":47349,"href":"https:\/\/cuernavaca.gob.mx\/index.php?rest_route=\/wp\/v2\/posts\/47338\/revisions\/47349"}],"wp:featuredmedia":[{"embeddable":true,"href":"https:\/\/cuernavaca.gob.mx\/index.php?rest_route=\/wp\/v2\/media\/47339"}],"wp:attachment":[{"href":"https:\/\/cuernavaca.gob.mx\/index.php?rest_route=%2Fwp%2Fv2%2Fmedia&parent=47338"}],"wp:term":[{"taxonomy":"category","embeddable":true,"href":"https:\/\/cuernavaca.gob.mx\/index.php?rest_route=%2Fwp%2Fv2%2Fcategories&post=47338"},{"taxonomy":"post_tag","embeddable":true,"href":"https:\/\/cuernavaca.gob.mx\/index.php?rest_route=%2Fwp%2Fv2%2Ftags&post=47338"}],"curies":[{"name":"wp","href":"https:\/\/api.w.org\/{rel}","templated":true}]}}