{"id":47399,"date":"2025-01-01T15:00:22","date_gmt":"2025-01-01T21:00:22","guid":{"rendered":"https:\/\/cuernavaca.gob.mx\/?p=47399"},"modified":"2025-01-01T16:06:16","modified_gmt":"2025-01-01T22:06:16","slug":"b01-01-01-25-formaliza-cabildo-de-cuernavaca-integracion-del-gabinete-para-la-administracion-2025-2027","status":"publish","type":"post","link":"https:\/\/cuernavaca.gob.mx\/?p=47399","title":{"rendered":"B01 01\/01\/25 FORMALIZA CABILDO DE CUERNAVACA INTEGRACI\u00d3N DEL GABINETE PARA LA ADMINISTRACI\u00d3N 2025 &#8211; 2027\u00a0"},"content":{"rendered":"<div>\u2022 En la primera sesi\u00f3n p\u00fablica de Cabildo se design\u00f3 a las y los nuevos integrantes del Gabinete municipal, as\u00ed como se ratific\u00f3 en el cargo a seis titulares de secretar\u00edas y direcciones de la administraci\u00f3n 2022- 2024<\/div>\n<div><\/div>\n<div>El presidente municipal de Cuernavaca, Jos\u00e9 Luis Uri\u00f3stegui Salgado, con la aprobaci\u00f3n de la totalidad de integrantes del Cabildo, design\u00f3 y tom\u00f3 protesta este mi\u00e9rcoles 01 de enero a las y los servidores p\u00fablicos que estar\u00e1n al frente de las secretar\u00edas del Gabinete, as\u00ed como a titulares de dependencias que conformar\u00e1n este nuevo periodo en la administraci\u00f3n 2025 &#8211; 2027.<\/div>\n<div><\/div>\n<div>En la primera sesi\u00f3n p\u00fablica de Cabildo, realizada en el Sal\u00f3n Presidentes del Museo de la Ciudad (MuCiC), rindieron protesta Luz Mar\u00eda Zagal Guzm\u00e1n como presidenta del Sistema Municipal DIF Cuernavaca y \u00d3scar Armando Cano Mondrag\u00f3n como secretario del Ayuntamiento. Este \u00faltimo, de manera previa, solicit\u00f3 licencia definitiva al cargo como regidor, quedando en su lugar Sergio Hugo Bar\u00f3n Pulido quien se suma a las filas de la bancada panista.<\/div>\n<div><\/div>\n<div>Dentro de este listado, se ratificaron en el cargo a Carlos Javier Arozarena Salazar al frente de la Tesorer\u00eda Municipal, a Alicia V\u00e1zquez Luna como titular de la Secretar\u00eda de Protecci\u00f3n y Auxilio Ciudadano (SEPRAC), a Guillermo L\u00f3pez Mej\u00eda como secretario de Desarrollo Sustentable y Servicios P\u00fablicos, a Demetrio Chavira de la Torre como secretario de Desarrollo Urbano y Obras P\u00fablicas, y a Lorena Elizabeth Castillo Castillo como directora general del Instituto de la Mujer (IMC).<\/div>\n<div><\/div>\n<div>Con el consenso de regidoras y regidores, as\u00ed como de la s\u00edndica municipal, Paula Trade Hidalgo, Marcos Manuel Su\u00e1rez Gerard estar\u00e1 al frente de la Secretar\u00eda de Desarrollo Econ\u00f3mico y Turismo, Tania Berenice Ulloa Zamora de la Contralor\u00eda Municipal, Sandra Adelina Pinz\u00f3n S\u00e1nchez de la Secretar\u00eda de Desarrollo Humano y Participaci\u00f3n Social, Silvia Bello Rend\u00f3n de la Consejer\u00eda Jur\u00eddica y Nuri Quiterio Trenado de la Secretar\u00eda de Administraci\u00f3n.<\/div>\n<div><\/div>\n<div>En el caso de las Oficial\u00edas del Registro Civil, Gerardo Enrique G\u00fcemes Manzo estar\u00e1 al frente de la Oficial\u00eda No. 1 y Teresita de Jes\u00fas Tinajero Molina de la Oficial\u00eda No. 3; en tanto, el cuerpo edilicio design\u00f3 tambi\u00e9n a Emmanuel G\u00f3mez Cano, Jos\u00e9 Luis Silva D\u00edaz y Daniela Castillo Villada como jueces c\u00edvicos. Asimismo, se ratific\u00f3 al Consejo Local de Tutelas de Cuernavaca integrado por personas de la sociedad que deciden apoyar al municipio de manera honoraria, como es el caso de Marisol Rodr\u00edguez Gonz\u00e1lez, en su calidad de presidenta, y Mar\u00eda de Jes\u00fas L\u00f3pez Ch\u00e1vez y Cecilia Blanchet Pezet como vocales.<\/div>\n<div><\/div>\n<div>Cabe se\u00f1alar que, en su mensaje, el alcalde Jos\u00e9 Luis Uri\u00f3stegui Salgado refiri\u00f3 que el presidente municipal es ejecutor de las pol\u00edticas y acciones p\u00fablicas del municipio, pero tambi\u00e9n es un mandatario de lo que acuerde el Cabildo, por lo que siempre en su labor tendr\u00e1 en cuenta todas las acciones, programas, propuestas e ideas que ayuden a mejorar el funcionamiento del Ayuntamiento de Cuernavaca, y sobre todo, que sea la poblaci\u00f3n quien observe resultados m\u00e1s notorios cada d\u00eda.<\/div>\n<div><\/div>\n<div>Precis\u00f3 que, si bien la pasada administraci\u00f3n tuvo deficiencias, tambi\u00e9n logr\u00f3 varios aciertos, por lo cual es fundamental dar continuidad a pol\u00edticas p\u00fablicas que han mostrado ser positivas para la ciudad, al mismo tiempo manifest\u00f3 al cuerpo edilicio todo su apoyo con respeto, prudencia, di\u00e1logo, conciliaci\u00f3n y suma de esfuerzos que logren mejores resultados en la capital morelense.<\/div>\n<div><\/div>\n<div>\n\n\t\t<style type=\"text\/css\">\n\t\t\t#gallery-1 {\n\t\t\t\tmargin: auto;\n\t\t\t}\n\t\t\t#gallery-1 .gallery-item {\n\t\t\t\tfloat: left;\n\t\t\t\tmargin-top: 10px;\n\t\t\t\ttext-align: center;\n\t\t\t\twidth: 33%;\n\t\t\t}\n\t\t\t#gallery-1 img {\n\t\t\t\tborder: 2px solid #cfcfcf;\n\t\t\t}\n\t\t\t#gallery-1 .gallery-caption {\n\t\t\t\tmargin-left: 0;\n\t\t\t}\n\t\t\t\/* see gallery_shortcode() in wp-includes\/media.php *\/\n\t\t<\/style>\n\t\t<div id='gallery-1' class='gallery galleryid-47399 gallery-columns-3 gallery-size-thumbnail'><dl class='gallery-item'>\n\t\t\t<dt class='gallery-icon landscape'>\n\t\t\t\t<a href='https:\/\/cuernavaca.gob.mx\/?attachment_id=47400'><img width=\"150\" height=\"150\" src=\"https:\/\/cuernavaca.gob.mx\/wp-content\/uploads\/2025\/01\/FORMALIZA-CABILDO-DE-CUERNAVACA-INTEGRACION-DEL-GABINETE-PARA-LA-ADMINISTRACION-2025-2027-1-150x150.jpeg\" class=\"attachment-thumbnail size-thumbnail\" alt=\"\" loading=\"lazy\" \/><\/a>\n\t\t\t<\/dt><\/dl><dl class='gallery-item'>\n\t\t\t<dt class='gallery-icon landscape'>\n\t\t\t\t<a href='https:\/\/cuernavaca.gob.mx\/?attachment_id=47401'><img width=\"150\" height=\"150\" src=\"https:\/\/cuernavaca.gob.mx\/wp-content\/uploads\/2025\/01\/FORMALIZA-CABILDO-DE-CUERNAVACA-INTEGRACION-DEL-GABINETE-PARA-LA-ADMINISTRACION-2025-2027-2-150x150.jpeg\" class=\"attachment-thumbnail size-thumbnail\" alt=\"\" loading=\"lazy\" \/><\/a>\n\t\t\t<\/dt><\/dl><dl class='gallery-item'>\n\t\t\t<dt class='gallery-icon landscape'>\n\t\t\t\t<a href='https:\/\/cuernavaca.gob.mx\/?attachment_id=47402'><img width=\"150\" height=\"150\" src=\"https:\/\/cuernavaca.gob.mx\/wp-content\/uploads\/2025\/01\/FORMALIZA-CABILDO-DE-CUERNAVACA-INTEGRACION-DEL-GABINETE-PARA-LA-ADMINISTRACION-2025-2027-3-150x150.jpeg\" class=\"attachment-thumbnail size-thumbnail\" alt=\"\" loading=\"lazy\" \/><\/a>\n\t\t\t<\/dt><\/dl><br style=\"clear: both\" \/><dl class='gallery-item'>\n\t\t\t<dt class='gallery-icon landscape'>\n\t\t\t\t<a href='https:\/\/cuernavaca.gob.mx\/?attachment_id=47403'><img width=\"150\" height=\"150\" src=\"https:\/\/cuernavaca.gob.mx\/wp-content\/uploads\/2025\/01\/FORMALIZA-CABILDO-DE-CUERNAVACA-INTEGRACION-DEL-GABINETE-PARA-LA-ADMINISTRACION-2025-2027-4-150x150.jpeg\" class=\"attachment-thumbnail size-thumbnail\" alt=\"\" loading=\"lazy\" \/><\/a>\n\t\t\t<\/dt><\/dl><dl class='gallery-item'>\n\t\t\t<dt class='gallery-icon landscape'>\n\t\t\t\t<a href='https:\/\/cuernavaca.gob.mx\/?attachment_id=47404'><img width=\"150\" height=\"150\" src=\"https:\/\/cuernavaca.gob.mx\/wp-content\/uploads\/2025\/01\/FORMALIZA-CABILDO-DE-CUERNAVACA-INTEGRACION-DEL-GABINETE-PARA-LA-ADMINISTRACION-2025-2027-5-150x150.jpeg\" class=\"attachment-thumbnail size-thumbnail\" alt=\"\" loading=\"lazy\" \/><\/a>\n\t\t\t<\/dt><\/dl><dl class='gallery-item'>\n\t\t\t<dt class='gallery-icon landscape'>\n\t\t\t\t<a href='https:\/\/cuernavaca.gob.mx\/?attachment_id=47405'><img width=\"150\" height=\"150\" src=\"https:\/\/cuernavaca.gob.mx\/wp-content\/uploads\/2025\/01\/FORMALIZA-CABILDO-DE-CUERNAVACA-INTEGRACION-DEL-GABINETE-PARA-LA-ADMINISTRACION-2025-2027-6-150x150.jpeg\" class=\"attachment-thumbnail size-thumbnail\" alt=\"\" loading=\"lazy\" \/><\/a>\n\t\t\t<\/dt><\/dl><br style=\"clear: both\" \/><dl class='gallery-item'>\n\t\t\t<dt class='gallery-icon landscape'>\n\t\t\t\t<a href='https:\/\/cuernavaca.gob.mx\/?attachment_id=47406'><img width=\"150\" height=\"150\" src=\"https:\/\/cuernavaca.gob.mx\/wp-content\/uploads\/2025\/01\/FORMALIZA-CABILDO-DE-CUERNAVACA-INTEGRACION-DEL-GABINETE-PARA-LA-ADMINISTRACION-2025-2027-7-150x150.jpeg\" class=\"attachment-thumbnail size-thumbnail\" alt=\"\" loading=\"lazy\" \/><\/a>\n\t\t\t<\/dt><\/dl><dl class='gallery-item'>\n\t\t\t<dt class='gallery-icon landscape'>\n\t\t\t\t<a href='https:\/\/cuernavaca.gob.mx\/?attachment_id=47407'><img width=\"150\" height=\"150\" src=\"https:\/\/cuernavaca.gob.mx\/wp-content\/uploads\/2025\/01\/FORMALIZA-CABILDO-DE-CUERNAVACA-INTEGRACION-DEL-GABINETE-PARA-LA-ADMINISTRACION-2025-2027-8-150x150.jpeg\" class=\"attachment-thumbnail size-thumbnail\" alt=\"\" loading=\"lazy\" \/><\/a>\n\t\t\t<\/dt><\/dl><dl class='gallery-item'>\n\t\t\t<dt class='gallery-icon landscape'>\n\t\t\t\t<a href='https:\/\/cuernavaca.gob.mx\/?attachment_id=47408'><img width=\"150\" height=\"150\" src=\"https:\/\/cuernavaca.gob.mx\/wp-content\/uploads\/2025\/01\/FORMALIZA-CABILDO-DE-CUERNAVACA-INTEGRACION-DEL-GABINETE-PARA-LA-ADMINISTRACION-2025-2027-9-150x150.jpeg\" class=\"attachment-thumbnail size-thumbnail\" alt=\"\" loading=\"lazy\" \/><\/a>\n\t\t\t<\/dt><\/dl><br style=\"clear: both\" \/><dl class='gallery-item'>\n\t\t\t<dt class='gallery-icon landscape'>\n\t\t\t\t<a href='https:\/\/cuernavaca.gob.mx\/?attachment_id=47409'><img width=\"150\" height=\"150\" src=\"https:\/\/cuernavaca.gob.mx\/wp-content\/uploads\/2025\/01\/FORMALIZA-CABILDO-DE-CUERNAVACA-INTEGRACION-DEL-GABINETE-PARA-LA-ADMINISTRACION-2025-2027-10-150x150.jpeg\" class=\"attachment-thumbnail size-thumbnail\" alt=\"\" loading=\"lazy\" \/><\/a>\n\t\t\t<\/dt><\/dl><dl class='gallery-item'>\n\t\t\t<dt class='gallery-icon landscape'>\n\t\t\t\t<a href='https:\/\/cuernavaca.gob.mx\/?attachment_id=47410'><img width=\"150\" height=\"150\" src=\"https:\/\/cuernavaca.gob.mx\/wp-content\/uploads\/2025\/01\/FORMALIZA-CABILDO-DE-CUERNAVACA-INTEGRACION-DEL-GABINETE-PARA-LA-ADMINISTRACION-2025-2027-11-150x150.jpeg\" class=\"attachment-thumbnail size-thumbnail\" alt=\"\" loading=\"lazy\" \/><\/a>\n\t\t\t<\/dt><\/dl><dl class='gallery-item'>\n\t\t\t<dt class='gallery-icon landscape'>\n\t\t\t\t<a href='https:\/\/cuernavaca.gob.mx\/?attachment_id=47411'><img width=\"150\" height=\"150\" src=\"https:\/\/cuernavaca.gob.mx\/wp-content\/uploads\/2025\/01\/FORMALIZA-CABILDO-DE-CUERNAVACA-INTEGRACION-DEL-GABINETE-PARA-LA-ADMINISTRACION-2025-2027-12-150x150.jpeg\" class=\"attachment-thumbnail size-thumbnail\" alt=\"\" loading=\"lazy\" \/><\/a>\n\t\t\t<\/dt><\/dl><br style=\"clear: both\" \/><dl class='gallery-item'>\n\t\t\t<dt class='gallery-icon landscape'>\n\t\t\t\t<a href='https:\/\/cuernavaca.gob.mx\/?attachment_id=47412'><img width=\"150\" height=\"150\" src=\"https:\/\/cuernavaca.gob.mx\/wp-content\/uploads\/2025\/01\/FORMALIZA-CABILDO-DE-CUERNAVACA-INTEGRACION-DEL-GABINETE-PARA-LA-ADMINISTRACION-2025-2027-13-150x150.jpeg\" class=\"attachment-thumbnail size-thumbnail\" alt=\"\" loading=\"lazy\" \/><\/a>\n\t\t\t<\/dt><\/dl><dl class='gallery-item'>\n\t\t\t<dt class='gallery-icon landscape'>\n\t\t\t\t<a href='https:\/\/cuernavaca.gob.mx\/?attachment_id=47413'><img width=\"150\" height=\"150\" src=\"https:\/\/cuernavaca.gob.mx\/wp-content\/uploads\/2025\/01\/FORMALIZA-CABILDO-DE-CUERNAVACA-INTEGRACION-DEL-GABINETE-PARA-LA-ADMINISTRACION-2025-2027-14-150x150.jpeg\" class=\"attachment-thumbnail size-thumbnail\" alt=\"\" loading=\"lazy\" \/><\/a>\n\t\t\t<\/dt><\/dl><dl class='gallery-item'>\n\t\t\t<dt class='gallery-icon landscape'>\n\t\t\t\t<a href='https:\/\/cuernavaca.gob.mx\/?attachment_id=47414'><img width=\"150\" height=\"150\" src=\"https:\/\/cuernavaca.gob.mx\/wp-content\/uploads\/2025\/01\/FORMALIZA-CABILDO-DE-CUERNAVACA-INTEGRACION-DEL-GABINETE-PARA-LA-ADMINISTRACION-2025-2027-15-150x150.jpeg\" class=\"attachment-thumbnail size-thumbnail\" alt=\"\" loading=\"lazy\" \/><\/a>\n\t\t\t<\/dt><\/dl><br style=\"clear: both\" \/><dl class='gallery-item'>\n\t\t\t<dt class='gallery-icon landscape'>\n\t\t\t\t<a href='https:\/\/cuernavaca.gob.mx\/?attachment_id=47415'><img width=\"150\" height=\"150\" src=\"https:\/\/cuernavaca.gob.mx\/wp-content\/uploads\/2025\/01\/FORMALIZA-CABILDO-DE-CUERNAVACA-INTEGRACION-DEL-GABINETE-PARA-LA-ADMINISTRACION-2025-2027-16-150x150.jpeg\" class=\"attachment-thumbnail size-thumbnail\" alt=\"\" loading=\"lazy\" \/><\/a>\n\t\t\t<\/dt><\/dl><dl class='gallery-item'>\n\t\t\t<dt class='gallery-icon landscape'>\n\t\t\t\t<a href='https:\/\/cuernavaca.gob.mx\/?attachment_id=47416'><img width=\"150\" height=\"150\" src=\"https:\/\/cuernavaca.gob.mx\/wp-content\/uploads\/2025\/01\/FORMALIZA-CABILDO-DE-CUERNAVACA-INTEGRACION-DEL-GABINETE-PARA-LA-ADMINISTRACION-2025-2027-17-150x150.jpeg\" class=\"attachment-thumbnail size-thumbnail\" alt=\"\" loading=\"lazy\" \/><\/a>\n\t\t\t<\/dt><\/dl><dl class='gallery-item'>\n\t\t\t<dt class='gallery-icon landscape'>\n\t\t\t\t<a href='https:\/\/cuernavaca.gob.mx\/?attachment_id=47417'><img width=\"150\" height=\"150\" src=\"https:\/\/cuernavaca.gob.mx\/wp-content\/uploads\/2025\/01\/FORMALIZA-CABILDO-DE-CUERNAVACA-INTEGRACION-DEL-GABINETE-PARA-LA-ADMINISTRACION-2025-2027-18-150x150.jpeg\" class=\"attachment-thumbnail size-thumbnail\" alt=\"\" loading=\"lazy\" \/><\/a>\n\t\t\t<\/dt><\/dl><br style=\"clear: both\" \/><dl class='gallery-item'>\n\t\t\t<dt class='gallery-icon landscape'>\n\t\t\t\t<a href='https:\/\/cuernavaca.gob.mx\/?attachment_id=47418'><img width=\"150\" height=\"150\" src=\"https:\/\/cuernavaca.gob.mx\/wp-content\/uploads\/2025\/01\/FORMALIZA-CABILDO-DE-CUERNAVACA-INTEGRACION-DEL-GABINETE-PARA-LA-ADMINISTRACION-2025-2027-19-150x150.jpeg\" class=\"attachment-thumbnail size-thumbnail\" alt=\"\" loading=\"lazy\" \/><\/a>\n\t\t\t<\/dt><\/dl><dl class='gallery-item'>\n\t\t\t<dt class='gallery-icon landscape'>\n\t\t\t\t<a href='https:\/\/cuernavaca.gob.mx\/?attachment_id=47419'><img width=\"150\" height=\"150\" src=\"https:\/\/cuernavaca.gob.mx\/wp-content\/uploads\/2025\/01\/FORMALIZA-CABILDO-DE-CUERNAVACA-INTEGRACION-DEL-GABINETE-PARA-LA-ADMINISTRACION-2025-2027-20-150x150.jpeg\" class=\"attachment-thumbnail size-thumbnail\" alt=\"\" loading=\"lazy\" \/><\/a>\n\t\t\t<\/dt><\/dl>\n\t\t\t<br style='clear: both' \/>\n\t\t<\/div>\n\n<\/div>\n","protected":false},"excerpt":{"rendered":"<p>\u2022 En la primera sesi\u00f3n p\u00fablica de Cabildo se design\u00f3 a las y los nuevos integrantes del Gabinete municipal, as\u00ed como se ratific\u00f3 en el cargo a seis titulares de secretar\u00edas y direcciones de la administraci\u00f3n 2022- 2024 El presidente municipal de Cuernavaca, Jos\u00e9 Luis Uri\u00f3stegui Salgado, con la aprobaci\u00f3n de la totalidad de integrantes [&hellip;]<\/p>\n","protected":false},"author":1,"featured_media":47419,"comment_status":"closed","ping_status":"open","sticky":false,"template":"","format":"standard","meta":[],"categories":[3047],"tags":[160,158,121,1833,2965,1929,120,206,127,3967],"aioseo_notices":[],"_links":{"self":[{"href":"https:\/\/cuernavaca.gob.mx\/index.php?rest_route=\/wp\/v2\/posts\/47399"}],"collection":[{"href":"https:\/\/cuernavaca.gob.mx\/index.php?rest_route=\/wp\/v2\/posts"}],"about":[{"href":"https:\/\/cuernavaca.gob.mx\/index.php?rest_route=\/wp\/v2\/types\/post"}],"author":[{"embeddable":true,"href":"https:\/\/cuernavaca.gob.mx\/index.php?rest_route=\/wp\/v2\/users\/1"}],"replies":[{"embeddable":true,"href":"https:\/\/cuernavaca.gob.mx\/index.php?rest_route=%2Fwp%2Fv2%2Fcomments&post=47399"}],"version-history":[{"count":1,"href":"https:\/\/cuernavaca.gob.mx\/index.php?rest_route=\/wp\/v2\/posts\/47399\/revisions"}],"predecessor-version":[{"id":47420,"href":"https:\/\/cuernavaca.gob.mx\/index.php?rest_route=\/wp\/v2\/posts\/47399\/revisions\/47420"}],"wp:featuredmedia":[{"embeddable":true,"href":"https:\/\/cuernavaca.gob.mx\/index.php?rest_route=\/wp\/v2\/media\/47419"}],"wp:attachment":[{"href":"https:\/\/cuernavaca.gob.mx\/index.php?rest_route=%2Fwp%2Fv2%2Fmedia&parent=47399"}],"wp:term":[{"taxonomy":"category","embeddable":true,"href":"https:\/\/cuernavaca.gob.mx\/index.php?rest_route=%2Fwp%2Fv2%2Fcategories&post=47399"},{"taxonomy":"post_tag","embeddable":true,"href":"https:\/\/cuernavaca.gob.mx\/index.php?rest_route=%2Fwp%2Fv2%2Ftags&post=47399"}],"curies":[{"name":"wp","href":"https:\/\/api.w.org\/{rel}","templated":true}]}}