{"id":47421,"date":"2025-01-02T10:00:39","date_gmt":"2025-01-02T16:00:39","guid":{"rendered":"https:\/\/cuernavaca.gob.mx\/?p=47421"},"modified":"2025-01-02T11:33:29","modified_gmt":"2025-01-02T17:33:29","slug":"b02-02-01-25-cabildo-del-ayuntamiento-2025-2027-integra-comisiones-permanentes-para-avanzar-en-el-desarrollo-de-cuernavaca","status":"publish","type":"post","link":"https:\/\/cuernavaca.gob.mx\/?p=47421","title":{"rendered":"B02 02\/01\/25 CABILDO DEL AYUNTAMIENTO 2025 &#8211; 2027 INTEGRA COMISIONES PERMANENTES PARA AVANZAR EN EL DESARROLLO DE CUERNAVACA"},"content":{"rendered":"<p><strong>\u2022 Integrantes del cuerpo edilicio aprobaron por unanimidad la integraci\u00f3n de cuerpos colegiados donde participan las cinco fuerzas pol\u00edticas para fortalecer los planes de trabajo municipal<\/strong><\/p>\n<p>En el marco de la primera sesi\u00f3n p\u00fablica del Ayuntamiento de Cuernavaca 2025 -2027, el Cabildo aprob\u00f3 la conformaci\u00f3n de comisiones que durante los pr\u00f3ximos tres a\u00f1os de gobierno se encargar\u00e1n del estudio, examen y propuesta de soluciones que atiendan temas diversos que aquejan a la poblaci\u00f3n, con el fin \u00fanico de seguir abonando a mejorar la calidad de vida de las y los cuernavaquenses.<\/p>\n<p>Las comisiones est\u00e1n conformadas por representantes de las cinco fuerzas pol\u00edticas que integran el Cabildo, como son el Partido Acci\u00f3n Nacional (PAN), el partido Movimiento de Regeneraci\u00f3n Nacional (Morena), el Partido Revolucionario Institucional (PRI), Movimiento Ciudadano, y el Partido Verde Ecologista de M\u00e9xico (PVEM).<\/p>\n<p>Es as\u00ed como la regidora Paz Hern\u00e1ndez Pardo del PAN presidir\u00e1 las Comisiones de Gobernaci\u00f3n y Reglamentos; Desarrollo Agropecuario; Participaci\u00f3n Ciudadana, y la de Comunicaci\u00f3n Social y Relaciones P\u00fablicas.<\/p>\n<p>La regidora Arnett Juliana Jim\u00e9nez Gaspar de Morena estar\u00e1 al frente de las Comisiones de Planificaci\u00f3n y Desarrollo; de Asuntos Migratorios, y de Asuntos de la Juventud.<\/p>\n<p>La regidora Erika Lastra Jaimes de Movimiento Ciudadano liderar\u00e1 las Comisiones de Desarrollo Urbano, Vivienda y Obras P\u00fablicas; Ciencia, Tecnolog\u00eda e Innovaci\u00f3n y de Diversidad Sexual.<\/p>\n<p>Asimismo, la regidora Miriam Aidee Barajas Basilio del PAN encabezar\u00e1 las Comisiones de Bienestar Social, adem\u00e1s de Educaci\u00f3n, Cultura y Recreaci\u00f3n.<\/p>\n<p>La regidora Elia Ort\u00edz Garc\u00eda de Morena presidir\u00e1 las Comisiones de Seguridad P\u00fablica y Tr\u00e1nsito; Asuntos Ind\u00edgenas, Colonias y Poblados, y la de Igualdad y Equidad de G\u00e9nero.<\/p>\n<p>El regidor Alfredo Gonz\u00e1lez S\u00e1nchez del PAN dirigir\u00e1 los trabajos de la Comisi\u00f3n de Hacienda, Programaci\u00f3n y Presupuesto.<br \/>\nEl regidor Salvador Aguilar Rea del PRI abanderar\u00e1 la Comisi\u00f3n de Servicios P\u00fablicos Municipales y la Comisi\u00f3n Dictaminadora de Pensiones.<\/p>\n<p>De igual forma, el regidor Al\u00e1n Salvador Moreno Dom\u00ednguez de Morena encabezar\u00e1 las Comisiones de Desarrollo Econ\u00f3mico; Protecci\u00f3n del Patrimonio Cultural; Transparencia y Protecci\u00f3n de Datos Personales, Rendici\u00f3n de Cuentas y Combate a la Corrupci\u00f3n.<\/p>\n<p>El regidor Sergio Hugo Bar\u00f3n Pulido del PAN estar\u00e1 al frente de la Comisi\u00f3n de Coordinaci\u00f3n de Organismos Descentralizados.<\/p>\n<p>A su vez, el regidor Juan Miguel Serrano Gastelum del PVEM dirigir\u00e1 la Comisi\u00f3n de Protecci\u00f3n Ambiental y Desarrollo Sustentable, as\u00ed como de Turismo.<\/p>\n<p>El regidor Gabriel Rivas R\u00edos de Morena presidir\u00e1 los trabajos de las Comisiones de Derechos Humanos; Patrimonio Municipal y la de Atenci\u00f3n a Personas con Discapacidad.<\/p>\n<p>Cabe mencionar que, de conformidad con lo establecido en la Ley Org\u00e1nica Municipal del Estado de Morelos, el cuerpo edilicio autoriz\u00f3 tambi\u00e9n la integraci\u00f3n de la Comisi\u00f3n Temporal Especial de Recepci\u00f3n, la cual se encargar\u00e1 de revisar el proceso de entrega &#8211; recepci\u00f3n de la administraci\u00f3n saliente, estando a cargo de esta labor la regidora Erika Lastra Jaimes y los regidores Alfredo Gonz\u00e1lez S\u00e1nchez, Al\u00e1n Salvador Moreno Dom\u00ednguez, Salvador Aguilar Rea y Juan Miguel Serrano Gastelum.<\/p>\n<p>En este sentido, se aprob\u00f3 la incorporaci\u00f3n de la Comisi\u00f3n Especial para la Elaboraci\u00f3n del Proyecto del Reglamento de Gobierno y la Administraci\u00f3n P\u00fablica Municipal de Cuernavaca integrada por las regidoras Paz Hern\u00e1ndez Pardo, Arnett Juliana Jim\u00e9nez Gaspar, Erika Lastra Jaimes, adem\u00e1s de los regidores Salvador Aguilar Rea y Juan Miguel Serrano Gastelum.<\/p>\n\n\t\t<style type=\"text\/css\">\n\t\t\t#gallery-1 {\n\t\t\t\tmargin: auto;\n\t\t\t}\n\t\t\t#gallery-1 .gallery-item {\n\t\t\t\tfloat: left;\n\t\t\t\tmargin-top: 10px;\n\t\t\t\ttext-align: center;\n\t\t\t\twidth: 33%;\n\t\t\t}\n\t\t\t#gallery-1 img {\n\t\t\t\tborder: 2px solid #cfcfcf;\n\t\t\t}\n\t\t\t#gallery-1 .gallery-caption {\n\t\t\t\tmargin-left: 0;\n\t\t\t}\n\t\t\t\/* see gallery_shortcode() in wp-includes\/media.php *\/\n\t\t<\/style>\n\t\t<div id='gallery-1' class='gallery galleryid-47421 gallery-columns-3 gallery-size-thumbnail'><dl class='gallery-item'>\n\t\t\t<dt class='gallery-icon landscape'>\n\t\t\t\t<a href='https:\/\/cuernavaca.gob.mx\/?attachment_id=47422'><img width=\"150\" height=\"150\" src=\"https:\/\/cuernavaca.gob.mx\/wp-content\/uploads\/2025\/01\/CABILDO-DEL-AYUNTAMIENTO-2025-2027-INTEGRA-COMISIONES-PERMANENTES-PARA-AVANZAR-EN-EL-DESARROLLO-DE-CUERNAVACA-1-150x150.jpg\" class=\"attachment-thumbnail size-thumbnail\" alt=\"\" loading=\"lazy\" \/><\/a>\n\t\t\t<\/dt><\/dl><dl class='gallery-item'>\n\t\t\t<dt class='gallery-icon landscape'>\n\t\t\t\t<a href='https:\/\/cuernavaca.gob.mx\/?attachment_id=47423'><img width=\"150\" height=\"150\" src=\"https:\/\/cuernavaca.gob.mx\/wp-content\/uploads\/2025\/01\/CABILDO-DEL-AYUNTAMIENTO-2025-2027-INTEGRA-COMISIONES-PERMANENTES-PARA-AVANZAR-EN-EL-DESARROLLO-DE-CUERNAVACA-2-150x150.jpg\" class=\"attachment-thumbnail size-thumbnail\" alt=\"\" loading=\"lazy\" \/><\/a>\n\t\t\t<\/dt><\/dl><dl class='gallery-item'>\n\t\t\t<dt class='gallery-icon landscape'>\n\t\t\t\t<a href='https:\/\/cuernavaca.gob.mx\/?attachment_id=47424'><img width=\"150\" height=\"150\" src=\"https:\/\/cuernavaca.gob.mx\/wp-content\/uploads\/2025\/01\/CABILDO-DEL-AYUNTAMIENTO-2025-2027-INTEGRA-COMISIONES-PERMANENTES-PARA-AVANZAR-EN-EL-DESARROLLO-DE-CUERNAVACA-3-150x150.jpg\" class=\"attachment-thumbnail size-thumbnail\" alt=\"\" loading=\"lazy\" \/><\/a>\n\t\t\t<\/dt><\/dl><br style=\"clear: both\" \/><dl class='gallery-item'>\n\t\t\t<dt class='gallery-icon landscape'>\n\t\t\t\t<a href='https:\/\/cuernavaca.gob.mx\/?attachment_id=47425'><img width=\"150\" height=\"150\" src=\"https:\/\/cuernavaca.gob.mx\/wp-content\/uploads\/2025\/01\/CABILDO-DEL-AYUNTAMIENTO-2025-2027-INTEGRA-COMISIONES-PERMANENTES-PARA-AVANZAR-EN-EL-DESARROLLO-DE-CUERNAVACA-4-150x150.jpg\" class=\"attachment-thumbnail size-thumbnail\" alt=\"\" loading=\"lazy\" \/><\/a>\n\t\t\t<\/dt><\/dl><dl class='gallery-item'>\n\t\t\t<dt class='gallery-icon landscape'>\n\t\t\t\t<a href='https:\/\/cuernavaca.gob.mx\/?attachment_id=47426'><img width=\"150\" height=\"150\" src=\"https:\/\/cuernavaca.gob.mx\/wp-content\/uploads\/2025\/01\/CABILDO-DEL-AYUNTAMIENTO-2025-2027-INTEGRA-COMISIONES-PERMANENTES-PARA-AVANZAR-EN-EL-DESARROLLO-DE-CUERNAVACA-5-150x150.jpg\" class=\"attachment-thumbnail size-thumbnail\" alt=\"\" loading=\"lazy\" \/><\/a>\n\t\t\t<\/dt><\/dl><dl class='gallery-item'>\n\t\t\t<dt class='gallery-icon landscape'>\n\t\t\t\t<a href='https:\/\/cuernavaca.gob.mx\/?attachment_id=47427'><img width=\"150\" height=\"150\" src=\"https:\/\/cuernavaca.gob.mx\/wp-content\/uploads\/2025\/01\/CABILDO-DEL-AYUNTAMIENTO-2025-2027-INTEGRA-COMISIONES-PERMANENTES-PARA-AVANZAR-EN-EL-DESARROLLO-DE-CUERNAVACA-6-150x150.jpg\" class=\"attachment-thumbnail size-thumbnail\" alt=\"\" loading=\"lazy\" \/><\/a>\n\t\t\t<\/dt><\/dl><br style=\"clear: both\" \/><dl class='gallery-item'>\n\t\t\t<dt class='gallery-icon landscape'>\n\t\t\t\t<a href='https:\/\/cuernavaca.gob.mx\/?attachment_id=47428'><img width=\"150\" height=\"150\" src=\"https:\/\/cuernavaca.gob.mx\/wp-content\/uploads\/2025\/01\/CABILDO-DEL-AYUNTAMIENTO-2025-2027-INTEGRA-COMISIONES-PERMANENTES-PARA-AVANZAR-EN-EL-DESARROLLO-DE-CUERNAVACA-7-150x150.jpg\" class=\"attachment-thumbnail size-thumbnail\" alt=\"\" loading=\"lazy\" \/><\/a>\n\t\t\t<\/dt><\/dl><dl class='gallery-item'>\n\t\t\t<dt class='gallery-icon landscape'>\n\t\t\t\t<a href='https:\/\/cuernavaca.gob.mx\/?attachment_id=47429'><img width=\"150\" height=\"150\" src=\"https:\/\/cuernavaca.gob.mx\/wp-content\/uploads\/2025\/01\/CABILDO-DEL-AYUNTAMIENTO-2025-2027-INTEGRA-COMISIONES-PERMANENTES-PARA-AVANZAR-EN-EL-DESARROLLO-DE-CUERNAVACA-8-150x150.jpg\" class=\"attachment-thumbnail size-thumbnail\" alt=\"\" loading=\"lazy\" \/><\/a>\n\t\t\t<\/dt><\/dl><dl class='gallery-item'>\n\t\t\t<dt class='gallery-icon landscape'>\n\t\t\t\t<a href='https:\/\/cuernavaca.gob.mx\/?attachment_id=47430'><img width=\"150\" height=\"150\" src=\"https:\/\/cuernavaca.gob.mx\/wp-content\/uploads\/2025\/01\/CABILDO-DEL-AYUNTAMIENTO-2025-2027-INTEGRA-COMISIONES-PERMANENTES-PARA-AVANZAR-EN-EL-DESARROLLO-DE-CUERNAVACA-9-150x150.jpg\" class=\"attachment-thumbnail size-thumbnail\" alt=\"\" loading=\"lazy\" \/><\/a>\n\t\t\t<\/dt><\/dl><br style=\"clear: both\" \/><dl class='gallery-item'>\n\t\t\t<dt class='gallery-icon landscape'>\n\t\t\t\t<a href='https:\/\/cuernavaca.gob.mx\/?attachment_id=47431'><img width=\"150\" height=\"150\" src=\"https:\/\/cuernavaca.gob.mx\/wp-content\/uploads\/2025\/01\/CABILDO-DEL-AYUNTAMIENTO-2025-2027-INTEGRA-COMISIONES-PERMANENTES-PARA-AVANZAR-EN-EL-DESARROLLO-DE-CUERNAVACA-10-150x150.jpg\" class=\"attachment-thumbnail size-thumbnail\" alt=\"\" loading=\"lazy\" \/><\/a>\n\t\t\t<\/dt><\/dl><dl class='gallery-item'>\n\t\t\t<dt class='gallery-icon landscape'>\n\t\t\t\t<a href='https:\/\/cuernavaca.gob.mx\/?attachment_id=47432'><img width=\"150\" height=\"150\" src=\"https:\/\/cuernavaca.gob.mx\/wp-content\/uploads\/2025\/01\/CABILDO-DEL-AYUNTAMIENTO-2025-2027-INTEGRA-COMISIONES-PERMANENTES-PARA-AVANZAR-EN-EL-DESARROLLO-DE-CUERNAVACA-11-150x150.jpg\" class=\"attachment-thumbnail size-thumbnail\" alt=\"\" loading=\"lazy\" \/><\/a>\n\t\t\t<\/dt><\/dl><dl class='gallery-item'>\n\t\t\t<dt class='gallery-icon landscape'>\n\t\t\t\t<a href='https:\/\/cuernavaca.gob.mx\/?attachment_id=47433'><img width=\"150\" height=\"150\" src=\"https:\/\/cuernavaca.gob.mx\/wp-content\/uploads\/2025\/01\/CABILDO-DEL-AYUNTAMIENTO-2025-2027-INTEGRA-COMISIONES-PERMANENTES-PARA-AVANZAR-EN-EL-DESARROLLO-DE-CUERNAVACA-12-150x150.jpg\" class=\"attachment-thumbnail size-thumbnail\" alt=\"\" loading=\"lazy\" \/><\/a>\n\t\t\t<\/dt><\/dl><br style=\"clear: both\" \/>\n\t\t<\/div>\n\n","protected":false},"excerpt":{"rendered":"<p>\u2022 Integrantes del cuerpo edilicio aprobaron por unanimidad la integraci\u00f3n de cuerpos colegiados donde participan las cinco fuerzas pol\u00edticas para fortalecer los planes de trabajo municipal En el marco de la primera sesi\u00f3n p\u00fablica del Ayuntamiento de Cuernavaca 2025 -2027, el Cabildo aprob\u00f3 la conformaci\u00f3n de comisiones que durante los pr\u00f3ximos tres a\u00f1os de gobierno [&hellip;]<\/p>\n","protected":false},"author":1,"featured_media":47430,"comment_status":"closed","ping_status":"open","sticky":false,"template":"","format":"standard","meta":[],"categories":[3047],"tags":[158,3540,121,120,206,127,706,372],"aioseo_notices":[],"_links":{"self":[{"href":"https:\/\/cuernavaca.gob.mx\/index.php?rest_route=\/wp\/v2\/posts\/47421"}],"collection":[{"href":"https:\/\/cuernavaca.gob.mx\/index.php?rest_route=\/wp\/v2\/posts"}],"about":[{"href":"https:\/\/cuernavaca.gob.mx\/index.php?rest_route=\/wp\/v2\/types\/post"}],"author":[{"embeddable":true,"href":"https:\/\/cuernavaca.gob.mx\/index.php?rest_route=\/wp\/v2\/users\/1"}],"replies":[{"embeddable":true,"href":"https:\/\/cuernavaca.gob.mx\/index.php?rest_route=%2Fwp%2Fv2%2Fcomments&post=47421"}],"version-history":[{"count":1,"href":"https:\/\/cuernavaca.gob.mx\/index.php?rest_route=\/wp\/v2\/posts\/47421\/revisions"}],"predecessor-version":[{"id":47434,"href":"https:\/\/cuernavaca.gob.mx\/index.php?rest_route=\/wp\/v2\/posts\/47421\/revisions\/47434"}],"wp:featuredmedia":[{"embeddable":true,"href":"https:\/\/cuernavaca.gob.mx\/index.php?rest_route=\/wp\/v2\/media\/47430"}],"wp:attachment":[{"href":"https:\/\/cuernavaca.gob.mx\/index.php?rest_route=%2Fwp%2Fv2%2Fmedia&parent=47421"}],"wp:term":[{"taxonomy":"category","embeddable":true,"href":"https:\/\/cuernavaca.gob.mx\/index.php?rest_route=%2Fwp%2Fv2%2Fcategories&post=47421"},{"taxonomy":"post_tag","embeddable":true,"href":"https:\/\/cuernavaca.gob.mx\/index.php?rest_route=%2Fwp%2Fv2%2Ftags&post=47421"}],"curies":[{"name":"wp","href":"https:\/\/api.w.org\/{rel}","templated":true}]}}