{"id":47435,"date":"2025-01-02T11:31:15","date_gmt":"2025-01-02T17:31:15","guid":{"rendered":"https:\/\/cuernavaca.gob.mx\/?p=47435"},"modified":"2025-01-02T12:53:31","modified_gmt":"2025-01-02T18:53:31","slug":"b03-02-02-24-designa-junta-de-gobierno-del-sapac-a-arnoldo-heredia-romero-como-nuevo-director-general","status":"publish","type":"post","link":"https:\/\/cuernavaca.gob.mx\/?p=47435","title":{"rendered":"B03 02\/02\/24 DESIGNA JUNTA DE GOBIERNO DEL SAPAC A ARNOLDO HEREDIA ROMERO COMO NUEVO DIRECTOR GENERAL"},"content":{"rendered":"<p><strong>\u2022 Francisco Javier Vargas Saavedra asume como nuevo Comisario del Organismo<\/strong><\/p>\n<p>La Junta de Gobierno del Sistema de Agua Potable y Alcantarillado de Cuernavaca (SAPAC) design\u00f3 este 02 de enero del 2025 al Ing. Arnoldo Heredia Romero como nuevo director general del organismo. Su nombramiento busca garantizar la continuidad de los proyectos de agua potable y alcantarillado en beneficio de los habitantes de Cuernavaca.<\/p>\n<p>Durante la sesi\u00f3n extraordinaria celebrada en las oficinas del organismo operador, Jos\u00e9 Luis Uri\u00f3stegui Salgado, presidente municipal y presidente de la Junta de Gobierno, present\u00f3 una terna de candidatos integrada por la Mtra. Evelia Flores Hern\u00e1ndez, el Ing. Arnoldo Heredia Romero y el Ing. Dante Figueroa Castelar. Tras un proceso de an\u00e1lisis y deliberaci\u00f3n, se eligi\u00f3 a Arnoldo Heredia Romero, quien asume el cargo a partir de esta fecha.<\/p>\n<p>En la misma sesi\u00f3n, se nombr\u00f3 al L.D. Francisco Javier Vargas Saavedra como nuevo comisario del organismo. Su encomienda ser\u00e1 vigilar el correcto funcionamiento del sistema operador, actuando con total transparencia y redoblando esfuerzos en favor de la ciudadan\u00eda.<\/p>\n<p>Adem\u00e1s, se realiz\u00f3 la toma de protesta a los integrantes de la renovada Junta de Gobierno del SAPAC, conformada por: Paula Trade Hidalgo, s\u00edndica municipal; Salvador Aguilar Rea, regidor presidente de Servicios P\u00fablicos Municipales; Juan Miguel Serrano Gastelum, regidor presidente de Protecci\u00f3n Ambiental y Desarrollo Sustentable; Miriam Aidee Barajas Basilio, regidora presidenta de Bienestar Social; Alfredo Gonz\u00e1lez S\u00e1nchez, regidor presidente de Hacienda, Programaci\u00f3n y Presupuesto; Sergio Hugo Bar\u00f3n Pulido, regidor presidente de la Coordinaci\u00f3n de Organismo Descentralizados y Paz Hern\u00e1ndez Pardo, regidora presidenta de Relaciones P\u00fablicas y Comunicaci\u00f3n Social.<\/p>\n<p>El alcalde Jos\u00e9 Luis Uri\u00f3stegui agradeci\u00f3 la destacada labor de la Mtra. Evelia Flores Hern\u00e1ndez al frente de SAPAC durante la administraci\u00f3n 2022- 2024, reconociendo su compromiso con la ciudadan\u00eda y su contribuci\u00f3n al fortalecimiento del organismo; asimismo, se dirigi\u00f3 al nuevo director, el Ing. Arnoldo Heredia Romero, a quien le record\u00f3 la importancia de dar continuidad a los proyectos en curso, reforzar la colaboraci\u00f3n con instituciones como Conagua y Ceagua, e implementar pol\u00edticas integrales para el desarrollo sostenible del sistema h\u00eddrico en Cuernavaca.<\/p>\n<p>Con estos nombramientos se consolidan los avances en agua potable y saneamiento, adem\u00e1s de impulsar nuevas estrategias que atiendan las necesidades de la poblaci\u00f3n en esta \u00e1rea tan fundamental para mejorar la calidad de vida de las y los cuernavaquenses.<\/p>\n\n\t\t<style type=\"text\/css\">\n\t\t\t#gallery-1 {\n\t\t\t\tmargin: auto;\n\t\t\t}\n\t\t\t#gallery-1 .gallery-item {\n\t\t\t\tfloat: left;\n\t\t\t\tmargin-top: 10px;\n\t\t\t\ttext-align: center;\n\t\t\t\twidth: 33%;\n\t\t\t}\n\t\t\t#gallery-1 img {\n\t\t\t\tborder: 2px solid #cfcfcf;\n\t\t\t}\n\t\t\t#gallery-1 .gallery-caption {\n\t\t\t\tmargin-left: 0;\n\t\t\t}\n\t\t\t\/* see gallery_shortcode() in wp-includes\/media.php *\/\n\t\t<\/style>\n\t\t<div id='gallery-1' class='gallery galleryid-47435 gallery-columns-3 gallery-size-thumbnail'><dl class='gallery-item'>\n\t\t\t<dt class='gallery-icon landscape'>\n\t\t\t\t<a href='https:\/\/cuernavaca.gob.mx\/?attachment_id=47436'><img width=\"150\" height=\"150\" src=\"https:\/\/cuernavaca.gob.mx\/wp-content\/uploads\/2025\/01\/DESIGNA-JUNTA-DE-GOBIERNO-DEL-SAPAC-A-ARNOLDO-HEREDIA-ROMERO-COMO-NUEVO-DIRECTOR-GENERAL-1-150x150.jpg\" class=\"attachment-thumbnail size-thumbnail\" alt=\"\" loading=\"lazy\" \/><\/a>\n\t\t\t<\/dt><\/dl><dl class='gallery-item'>\n\t\t\t<dt class='gallery-icon landscape'>\n\t\t\t\t<a href='https:\/\/cuernavaca.gob.mx\/?attachment_id=47437'><img width=\"150\" height=\"150\" src=\"https:\/\/cuernavaca.gob.mx\/wp-content\/uploads\/2025\/01\/DESIGNA-JUNTA-DE-GOBIERNO-DEL-SAPAC-A-ARNOLDO-HEREDIA-ROMERO-COMO-NUEVO-DIRECTOR-GENERAL-2-150x150.jpg\" class=\"attachment-thumbnail size-thumbnail\" alt=\"\" loading=\"lazy\" \/><\/a>\n\t\t\t<\/dt><\/dl><dl class='gallery-item'>\n\t\t\t<dt class='gallery-icon landscape'>\n\t\t\t\t<a href='https:\/\/cuernavaca.gob.mx\/?attachment_id=47438'><img width=\"150\" height=\"150\" src=\"https:\/\/cuernavaca.gob.mx\/wp-content\/uploads\/2025\/01\/DESIGNA-JUNTA-DE-GOBIERNO-DEL-SAPAC-A-ARNOLDO-HEREDIA-ROMERO-COMO-NUEVO-DIRECTOR-GENERAL-3-150x150.jpg\" class=\"attachment-thumbnail size-thumbnail\" alt=\"\" loading=\"lazy\" \/><\/a>\n\t\t\t<\/dt><\/dl><br style=\"clear: both\" \/><dl class='gallery-item'>\n\t\t\t<dt class='gallery-icon landscape'>\n\t\t\t\t<a href='https:\/\/cuernavaca.gob.mx\/?attachment_id=47439'><img width=\"150\" height=\"150\" src=\"https:\/\/cuernavaca.gob.mx\/wp-content\/uploads\/2025\/01\/DESIGNA-JUNTA-DE-GOBIERNO-DEL-SAPAC-A-ARNOLDO-HEREDIA-ROMERO-COMO-NUEVO-DIRECTOR-GENERAL-4-150x150.jpg\" class=\"attachment-thumbnail size-thumbnail\" alt=\"\" loading=\"lazy\" \/><\/a>\n\t\t\t<\/dt><\/dl><dl class='gallery-item'>\n\t\t\t<dt class='gallery-icon landscape'>\n\t\t\t\t<a href='https:\/\/cuernavaca.gob.mx\/?attachment_id=47440'><img width=\"150\" height=\"150\" src=\"https:\/\/cuernavaca.gob.mx\/wp-content\/uploads\/2025\/01\/DESIGNA-JUNTA-DE-GOBIERNO-DEL-SAPAC-A-ARNOLDO-HEREDIA-ROMERO-COMO-NUEVO-DIRECTOR-GENERAL-5-150x150.jpg\" class=\"attachment-thumbnail size-thumbnail\" alt=\"\" loading=\"lazy\" \/><\/a>\n\t\t\t<\/dt><\/dl><dl class='gallery-item'>\n\t\t\t<dt class='gallery-icon landscape'>\n\t\t\t\t<a href='https:\/\/cuernavaca.gob.mx\/?attachment_id=47441'><img width=\"150\" height=\"150\" src=\"https:\/\/cuernavaca.gob.mx\/wp-content\/uploads\/2025\/01\/DESIGNA-JUNTA-DE-GOBIERNO-DEL-SAPAC-A-ARNOLDO-HEREDIA-ROMERO-COMO-NUEVO-DIRECTOR-GENERAL-6-150x150.jpg\" class=\"attachment-thumbnail size-thumbnail\" alt=\"\" loading=\"lazy\" \/><\/a>\n\t\t\t<\/dt><\/dl><br style=\"clear: both\" \/><dl class='gallery-item'>\n\t\t\t<dt class='gallery-icon landscape'>\n\t\t\t\t<a href='https:\/\/cuernavaca.gob.mx\/?attachment_id=47442'><img width=\"150\" height=\"150\" src=\"https:\/\/cuernavaca.gob.mx\/wp-content\/uploads\/2025\/01\/DESIGNA-JUNTA-DE-GOBIERNO-DEL-SAPAC-A-ARNOLDO-HEREDIA-ROMERO-COMO-NUEVO-DIRECTOR-GENERAL-7-150x150.jpg\" class=\"attachment-thumbnail size-thumbnail\" alt=\"\" loading=\"lazy\" \/><\/a>\n\t\t\t<\/dt><\/dl><dl class='gallery-item'>\n\t\t\t<dt class='gallery-icon landscape'>\n\t\t\t\t<a href='https:\/\/cuernavaca.gob.mx\/?attachment_id=47443'><img width=\"150\" height=\"150\" src=\"https:\/\/cuernavaca.gob.mx\/wp-content\/uploads\/2025\/01\/DESIGNA-JUNTA-DE-GOBIERNO-DEL-SAPAC-A-ARNOLDO-HEREDIA-ROMERO-COMO-NUEVO-DIRECTOR-GENERAL-8-150x150.jpg\" class=\"attachment-thumbnail size-thumbnail\" alt=\"\" loading=\"lazy\" \/><\/a>\n\t\t\t<\/dt><\/dl><dl class='gallery-item'>\n\t\t\t<dt class='gallery-icon landscape'>\n\t\t\t\t<a href='https:\/\/cuernavaca.gob.mx\/?attachment_id=47444'><img width=\"150\" height=\"150\" src=\"https:\/\/cuernavaca.gob.mx\/wp-content\/uploads\/2025\/01\/DESIGNA-JUNTA-DE-GOBIERNO-DEL-SAPAC-A-ARNOLDO-HEREDIA-ROMERO-COMO-NUEVO-DIRECTOR-GENERAL-9-150x150.jpg\" class=\"attachment-thumbnail size-thumbnail\" alt=\"\" loading=\"lazy\" \/><\/a>\n\t\t\t<\/dt><\/dl><br style=\"clear: both\" \/><dl class='gallery-item'>\n\t\t\t<dt class='gallery-icon landscape'>\n\t\t\t\t<a href='https:\/\/cuernavaca.gob.mx\/?attachment_id=47445'><img width=\"150\" height=\"150\" src=\"https:\/\/cuernavaca.gob.mx\/wp-content\/uploads\/2025\/01\/DESIGNA-JUNTA-DE-GOBIERNO-DEL-SAPAC-A-ARNOLDO-HEREDIA-ROMERO-COMO-NUEVO-DIRECTOR-GENERAL-10-150x150.jpg\" class=\"attachment-thumbnail size-thumbnail\" alt=\"\" loading=\"lazy\" \/><\/a>\n\t\t\t<\/dt><\/dl><dl class='gallery-item'>\n\t\t\t<dt class='gallery-icon landscape'>\n\t\t\t\t<a href='https:\/\/cuernavaca.gob.mx\/?attachment_id=47446'><img width=\"150\" height=\"150\" src=\"https:\/\/cuernavaca.gob.mx\/wp-content\/uploads\/2025\/01\/DESIGNA-JUNTA-DE-GOBIERNO-DEL-SAPAC-A-ARNOLDO-HEREDIA-ROMERO-COMO-NUEVO-DIRECTOR-GENERAL-11-150x150.jpg\" class=\"attachment-thumbnail size-thumbnail\" alt=\"\" loading=\"lazy\" \/><\/a>\n\t\t\t<\/dt><\/dl><dl class='gallery-item'>\n\t\t\t<dt class='gallery-icon landscape'>\n\t\t\t\t<a href='https:\/\/cuernavaca.gob.mx\/?attachment_id=47447'><img width=\"150\" height=\"150\" src=\"https:\/\/cuernavaca.gob.mx\/wp-content\/uploads\/2025\/01\/DESIGNA-JUNTA-DE-GOBIERNO-DEL-SAPAC-A-ARNOLDO-HEREDIA-ROMERO-COMO-NUEVO-DIRECTOR-GENERAL-12-150x150.jpg\" class=\"attachment-thumbnail size-thumbnail\" alt=\"\" loading=\"lazy\" \/><\/a>\n\t\t\t<\/dt><\/dl><br style=\"clear: both\" \/><dl class='gallery-item'>\n\t\t\t<dt class='gallery-icon landscape'>\n\t\t\t\t<a href='https:\/\/cuernavaca.gob.mx\/?attachment_id=47448'><img width=\"150\" height=\"150\" src=\"https:\/\/cuernavaca.gob.mx\/wp-content\/uploads\/2025\/01\/DESIGNA-JUNTA-DE-GOBIERNO-DEL-SAPAC-A-ARNOLDO-HEREDIA-ROMERO-COMO-NUEVO-DIRECTOR-GENERAL-13-150x150.jpg\" class=\"attachment-thumbnail size-thumbnail\" alt=\"\" loading=\"lazy\" \/><\/a>\n\t\t\t<\/dt><\/dl><dl class='gallery-item'>\n\t\t\t<dt class='gallery-icon landscape'>\n\t\t\t\t<a href='https:\/\/cuernavaca.gob.mx\/?attachment_id=47449'><img width=\"150\" height=\"150\" src=\"https:\/\/cuernavaca.gob.mx\/wp-content\/uploads\/2025\/01\/DESIGNA-JUNTA-DE-GOBIERNO-DEL-SAPAC-A-ARNOLDO-HEREDIA-ROMERO-COMO-NUEVO-DIRECTOR-GENERAL-14-150x150.jpg\" class=\"attachment-thumbnail size-thumbnail\" alt=\"\" loading=\"lazy\" \/><\/a>\n\t\t\t<\/dt><\/dl>\n\t\t\t<br style='clear: both' \/>\n\t\t<\/div>\n\n","protected":false},"excerpt":{"rendered":"<p>\u2022 Francisco Javier Vargas Saavedra asume como nuevo Comisario del Organismo La Junta de Gobierno del Sistema de Agua Potable y Alcantarillado de Cuernavaca (SAPAC) design\u00f3 este 02 de enero del 2025 al Ing. Arnoldo Heredia Romero como nuevo director general del organismo. Su nombramiento busca garantizar la continuidad de los proyectos de agua potable [&hellip;]<\/p>\n","protected":false},"author":1,"featured_media":47441,"comment_status":"closed","ping_status":"open","sticky":false,"template":"","format":"standard","meta":[],"categories":[145],"tags":[395,615,121,120,206,127,124,639,2112],"aioseo_notices":[],"_links":{"self":[{"href":"https:\/\/cuernavaca.gob.mx\/index.php?rest_route=\/wp\/v2\/posts\/47435"}],"collection":[{"href":"https:\/\/cuernavaca.gob.mx\/index.php?rest_route=\/wp\/v2\/posts"}],"about":[{"href":"https:\/\/cuernavaca.gob.mx\/index.php?rest_route=\/wp\/v2\/types\/post"}],"author":[{"embeddable":true,"href":"https:\/\/cuernavaca.gob.mx\/index.php?rest_route=\/wp\/v2\/users\/1"}],"replies":[{"embeddable":true,"href":"https:\/\/cuernavaca.gob.mx\/index.php?rest_route=%2Fwp%2Fv2%2Fcomments&post=47435"}],"version-history":[{"count":1,"href":"https:\/\/cuernavaca.gob.mx\/index.php?rest_route=\/wp\/v2\/posts\/47435\/revisions"}],"predecessor-version":[{"id":47450,"href":"https:\/\/cuernavaca.gob.mx\/index.php?rest_route=\/wp\/v2\/posts\/47435\/revisions\/47450"}],"wp:featuredmedia":[{"embeddable":true,"href":"https:\/\/cuernavaca.gob.mx\/index.php?rest_route=\/wp\/v2\/media\/47441"}],"wp:attachment":[{"href":"https:\/\/cuernavaca.gob.mx\/index.php?rest_route=%2Fwp%2Fv2%2Fmedia&parent=47435"}],"wp:term":[{"taxonomy":"category","embeddable":true,"href":"https:\/\/cuernavaca.gob.mx\/index.php?rest_route=%2Fwp%2Fv2%2Fcategories&post=47435"},{"taxonomy":"post_tag","embeddable":true,"href":"https:\/\/cuernavaca.gob.mx\/index.php?rest_route=%2Fwp%2Fv2%2Ftags&post=47435"}],"curies":[{"name":"wp","href":"https:\/\/api.w.org\/{rel}","templated":true}]}}