{"id":47451,"date":"2025-01-02T13:00:12","date_gmt":"2025-01-02T19:00:12","guid":{"rendered":"https:\/\/cuernavaca.gob.mx\/?p=47451"},"modified":"2025-01-02T13:49:10","modified_gmt":"2025-01-02T19:49:10","slug":"f01-02-02-25-jose-luis-uriostegui-reafirma-compromiso-por-hacer-de-cuernavaca-un-municipio-mejor-para-todas-y-todos","status":"publish","type":"post","link":"https:\/\/cuernavaca.gob.mx\/?p=47451","title":{"rendered":"F01  02\/02\/25 JOS\u00c9 LUIS URI\u00d3STEGUI REAFIRMA COMPROMISO POR HACER DE CUERNAVACA UN MUNICIPIO MEJOR PARA TODAS Y TODOS"},"content":{"rendered":"<p>Durante la primera reuni\u00f3n de gabinete del periodo 2025-2027, Jos\u00e9 Luis Uri\u00f3stegui Salgado, presidente municipal de Cuernavaca, expres\u00f3 su compromiso de poner a Cuernavaca en el camino del progreso, mejorando su infraestructura, seguridad y los servicios p\u00fablicos para el bienestar de todos sus habitantes<\/p>\n<p>&#8220;Mi compromiso es claro, trabajar de manera responsable y con determinaci\u00f3n para que Cuernavaca sea un lugar mejor para todas y todos. La \u00fanica obligaci\u00f3n que tengo es con las y los ciudadanos, y sobre ello basar\u00e9 todas mis acciones&#8221;.<\/p>\n<p>Al dar inicio al nuevo periodo de trabajo, el edil reiter\u00f3 que se privilegiar\u00e1 la toma de decisiones centradas en los intereses de la ciudadan\u00eda, con el objetivo de lograr soluciones efectivas que contribuyan al desarrollo integral de Cuernavaca, a su vez que asegur\u00f3 que se mantendr\u00e1 una administraci\u00f3n abierta y accesible para garantizar la comunicaci\u00f3n y participaci\u00f3n ciudadana.<\/p>\n<p>Tambi\u00e9n, se acord\u00f3 dar continuidad a pol\u00edticas p\u00fablicas que han dado resultados positivos, as\u00ed como implementar acciones que fortalezcan la atenci\u00f3n de las necesidades m\u00e1s urgentes de la poblaci\u00f3n, con especial \u00e9nfasis en tres \u00e1reas clave seguridad, servicios y obras p\u00fablicas.<\/p>\n\n\t\t<style type=\"text\/css\">\n\t\t\t#gallery-1 {\n\t\t\t\tmargin: auto;\n\t\t\t}\n\t\t\t#gallery-1 .gallery-item {\n\t\t\t\tfloat: left;\n\t\t\t\tmargin-top: 10px;\n\t\t\t\ttext-align: center;\n\t\t\t\twidth: 33%;\n\t\t\t}\n\t\t\t#gallery-1 img {\n\t\t\t\tborder: 2px solid #cfcfcf;\n\t\t\t}\n\t\t\t#gallery-1 .gallery-caption {\n\t\t\t\tmargin-left: 0;\n\t\t\t}\n\t\t\t\/* see gallery_shortcode() in wp-includes\/media.php *\/\n\t\t<\/style>\n\t\t<div id='gallery-1' class='gallery galleryid-47451 gallery-columns-3 gallery-size-thumbnail'><dl class='gallery-item'>\n\t\t\t<dt class='gallery-icon landscape'>\n\t\t\t\t<a href='https:\/\/cuernavaca.gob.mx\/?attachment_id=47452'><img width=\"150\" height=\"150\" src=\"https:\/\/cuernavaca.gob.mx\/wp-content\/uploads\/2025\/01\/JOSE\u0301-LUIS-URIO\u0301STEGUI-REAFIRMA-COMPROMISO-POR-HACER-DE-CUERNAVACA-UN-MUNICIPIO-MEJOR-PARA-TODAS-Y-TODOS-1-150x150.jpg\" class=\"attachment-thumbnail size-thumbnail\" alt=\"\" loading=\"lazy\" \/><\/a>\n\t\t\t<\/dt><\/dl><dl class='gallery-item'>\n\t\t\t<dt class='gallery-icon landscape'>\n\t\t\t\t<a href='https:\/\/cuernavaca.gob.mx\/?attachment_id=47453'><img width=\"150\" height=\"150\" src=\"https:\/\/cuernavaca.gob.mx\/wp-content\/uploads\/2025\/01\/JOSE\u0301-LUIS-URIO\u0301STEGUI-REAFIRMA-COMPROMISO-POR-HACER-DE-CUERNAVACA-UN-MUNICIPIO-MEJOR-PARA-TODAS-Y-TODOS-2-150x150.jpg\" class=\"attachment-thumbnail size-thumbnail\" alt=\"\" loading=\"lazy\" \/><\/a>\n\t\t\t<\/dt><\/dl><dl class='gallery-item'>\n\t\t\t<dt class='gallery-icon landscape'>\n\t\t\t\t<a href='https:\/\/cuernavaca.gob.mx\/?attachment_id=47454'><img width=\"150\" height=\"150\" src=\"https:\/\/cuernavaca.gob.mx\/wp-content\/uploads\/2025\/01\/JOSE\u0301-LUIS-URIO\u0301STEGUI-REAFIRMA-COMPROMISO-POR-HACER-DE-CUERNAVACA-UN-MUNICIPIO-MEJOR-PARA-TODAS-Y-TODOS-3-150x150.jpg\" class=\"attachment-thumbnail size-thumbnail\" alt=\"\" loading=\"lazy\" \/><\/a>\n\t\t\t<\/dt><\/dl><br style=\"clear: both\" \/><dl class='gallery-item'>\n\t\t\t<dt class='gallery-icon landscape'>\n\t\t\t\t<a href='https:\/\/cuernavaca.gob.mx\/?attachment_id=47455'><img width=\"150\" height=\"150\" src=\"https:\/\/cuernavaca.gob.mx\/wp-content\/uploads\/2025\/01\/JOSE\u0301-LUIS-URIO\u0301STEGUI-REAFIRMA-COMPROMISO-POR-HACER-DE-CUERNAVACA-UN-MUNICIPIO-MEJOR-PARA-TODAS-Y-TODOS-4-150x150.jpg\" class=\"attachment-thumbnail size-thumbnail\" alt=\"\" loading=\"lazy\" \/><\/a>\n\t\t\t<\/dt><\/dl><dl class='gallery-item'>\n\t\t\t<dt class='gallery-icon landscape'>\n\t\t\t\t<a href='https:\/\/cuernavaca.gob.mx\/?attachment_id=47456'><img width=\"150\" height=\"150\" src=\"https:\/\/cuernavaca.gob.mx\/wp-content\/uploads\/2025\/01\/JOSE\u0301-LUIS-URIO\u0301STEGUI-REAFIRMA-COMPROMISO-POR-HACER-DE-CUERNAVACA-UN-MUNICIPIO-MEJOR-PARA-TODAS-Y-TODOS-5-150x150.jpg\" class=\"attachment-thumbnail size-thumbnail\" alt=\"\" loading=\"lazy\" \/><\/a>\n\t\t\t<\/dt><\/dl><dl class='gallery-item'>\n\t\t\t<dt class='gallery-icon landscape'>\n\t\t\t\t<a href='https:\/\/cuernavaca.gob.mx\/?attachment_id=47457'><img width=\"150\" height=\"150\" src=\"https:\/\/cuernavaca.gob.mx\/wp-content\/uploads\/2025\/01\/JOSE\u0301-LUIS-URIO\u0301STEGUI-REAFIRMA-COMPROMISO-POR-HACER-DE-CUERNAVACA-UN-MUNICIPIO-MEJOR-PARA-TODAS-Y-TODOS-6-150x150.jpg\" class=\"attachment-thumbnail size-thumbnail\" alt=\"\" loading=\"lazy\" \/><\/a>\n\t\t\t<\/dt><\/dl><br style=\"clear: both\" \/><dl class='gallery-item'>\n\t\t\t<dt class='gallery-icon landscape'>\n\t\t\t\t<a href='https:\/\/cuernavaca.gob.mx\/?attachment_id=47458'><img width=\"150\" height=\"150\" src=\"https:\/\/cuernavaca.gob.mx\/wp-content\/uploads\/2025\/01\/JOSE\u0301-LUIS-URIO\u0301STEGUI-REAFIRMA-COMPROMISO-POR-HACER-DE-CUERNAVACA-UN-MUNICIPIO-MEJOR-PARA-TODAS-Y-TODOS-7-150x150.jpg\" class=\"attachment-thumbnail size-thumbnail\" alt=\"\" loading=\"lazy\" \/><\/a>\n\t\t\t<\/dt><\/dl><dl class='gallery-item'>\n\t\t\t<dt class='gallery-icon landscape'>\n\t\t\t\t<a href='https:\/\/cuernavaca.gob.mx\/?attachment_id=47459'><img width=\"150\" height=\"150\" src=\"https:\/\/cuernavaca.gob.mx\/wp-content\/uploads\/2025\/01\/JOSE\u0301-LUIS-URIO\u0301STEGUI-REAFIRMA-COMPROMISO-POR-HACER-DE-CUERNAVACA-UN-MUNICIPIO-MEJOR-PARA-TODAS-Y-TODOS-8-150x150.jpg\" class=\"attachment-thumbnail size-thumbnail\" alt=\"\" loading=\"lazy\" \/><\/a>\n\t\t\t<\/dt><\/dl><dl class='gallery-item'>\n\t\t\t<dt class='gallery-icon landscape'>\n\t\t\t\t<a href='https:\/\/cuernavaca.gob.mx\/?attachment_id=47460'><img width=\"150\" height=\"150\" src=\"https:\/\/cuernavaca.gob.mx\/wp-content\/uploads\/2025\/01\/JOSE\u0301-LUIS-URIO\u0301STEGUI-REAFIRMA-COMPROMISO-POR-HACER-DE-CUERNAVACA-UN-MUNICIPIO-MEJOR-PARA-TODAS-Y-TODOS-9-150x150.jpg\" class=\"attachment-thumbnail size-thumbnail\" alt=\"\" loading=\"lazy\" \/><\/a>\n\t\t\t<\/dt><\/dl><br style=\"clear: both\" \/>\n\t\t<\/div>\n\n<p>&nbsp;<\/p>\n<p>&nbsp;<\/p>\n","protected":false},"excerpt":{"rendered":"<p>Durante la primera reuni\u00f3n de gabinete del periodo 2025-2027, Jos\u00e9 Luis Uri\u00f3stegui Salgado, presidente municipal de Cuernavaca, expres\u00f3 su compromiso de poner a Cuernavaca en el camino del progreso, mejorando su infraestructura, seguridad y los servicios p\u00fablicos para el bienestar de todos sus habitantes &#8220;Mi compromiso es claro, trabajar de manera responsable y con determinaci\u00f3n [&hellip;]<\/p>\n","protected":false},"author":1,"featured_media":47457,"comment_status":"closed","ping_status":"open","sticky":false,"template":"","format":"standard","meta":[],"categories":[20],"tags":[121,784,129,1929,120,206,127,369,372,2396],"aioseo_notices":[],"_links":{"self":[{"href":"https:\/\/cuernavaca.gob.mx\/index.php?rest_route=\/wp\/v2\/posts\/47451"}],"collection":[{"href":"https:\/\/cuernavaca.gob.mx\/index.php?rest_route=\/wp\/v2\/posts"}],"about":[{"href":"https:\/\/cuernavaca.gob.mx\/index.php?rest_route=\/wp\/v2\/types\/post"}],"author":[{"embeddable":true,"href":"https:\/\/cuernavaca.gob.mx\/index.php?rest_route=\/wp\/v2\/users\/1"}],"replies":[{"embeddable":true,"href":"https:\/\/cuernavaca.gob.mx\/index.php?rest_route=%2Fwp%2Fv2%2Fcomments&post=47451"}],"version-history":[{"count":1,"href":"https:\/\/cuernavaca.gob.mx\/index.php?rest_route=\/wp\/v2\/posts\/47451\/revisions"}],"predecessor-version":[{"id":47461,"href":"https:\/\/cuernavaca.gob.mx\/index.php?rest_route=\/wp\/v2\/posts\/47451\/revisions\/47461"}],"wp:featuredmedia":[{"embeddable":true,"href":"https:\/\/cuernavaca.gob.mx\/index.php?rest_route=\/wp\/v2\/media\/47457"}],"wp:attachment":[{"href":"https:\/\/cuernavaca.gob.mx\/index.php?rest_route=%2Fwp%2Fv2%2Fmedia&parent=47451"}],"wp:term":[{"taxonomy":"category","embeddable":true,"href":"https:\/\/cuernavaca.gob.mx\/index.php?rest_route=%2Fwp%2Fv2%2Fcategories&post=47451"},{"taxonomy":"post_tag","embeddable":true,"href":"https:\/\/cuernavaca.gob.mx\/index.php?rest_route=%2Fwp%2Fv2%2Ftags&post=47451"}],"curies":[{"name":"wp","href":"https:\/\/api.w.org\/{rel}","templated":true}]}}