{"id":47510,"date":"2025-01-03T13:00:01","date_gmt":"2025-01-03T19:00:01","guid":{"rendered":"https:\/\/cuernavaca.gob.mx\/?p=47510"},"modified":"2025-01-03T14:49:21","modified_gmt":"2025-01-03T20:49:21","slug":"b04-03-01-25-celebra-el-sistema-municipal-dif-cuernavaca-su-primera-junta-directiva-ordinaria-del-2025","status":"publish","type":"post","link":"https:\/\/cuernavaca.gob.mx\/?p=47510","title":{"rendered":"B04 03\/01\/25 CELEBRA EL SISTEMA MUNICIPAL DIF CUERNAVACA SU PRIMERA JUNTA DIRECTIVA ORDINARIA DEL 2025"},"content":{"rendered":"<p><strong>* La presidenta del Sistema Municipal DIF Cuernavaca, Lic. Luz Mar\u00eda Zagal Guzm\u00e1n y dem\u00e1s integrantes de la Junta Directiva presentaron a nuevos titulares del organismo descentralizado <\/strong><br \/>\n<strong>\u00a0<\/strong><br \/>\nEn un acto de compromiso y responsabilidad, este viernes se llev\u00f3 a cabo la primera Junta Directiva del Sistema Municipal DIF Cuernavaca 2025, presidida por la Lic. Luz Mar\u00eda Zagal Guzm\u00e1n, presidenta del DIF Cuernavaca, acompa\u00f1ada por el Lic. Jos\u00e9 Luis Uri\u00f3stegui Salgado, presidente municipal de Cuernavaca e integrantes de este \u00f3rgano colegiado.<\/p>\n<p>Durante la sesi\u00f3n, se trataron temas clave para el fortalecimiento institucional, entre los que destacan la instalaci\u00f3n y presentaci\u00f3n de la Junta Directiva, marcando el inicio formal de este equipo comprometido con el bienestar de las familias cuernavaquenses, este \u00faltimo tambi\u00e9n integrado por la presidenta del DIF Cuernavaca; la s\u00edndica municipal del Ayuntamiento de Cuernavaca, Lic. Paula Trade Hidalgo; el regidor de la Comisi\u00f3n de la Coordinaci\u00f3n de Organismos Descentralizados, Lic. Sergio Hugo Bar\u00f3n Pulido; la Contralora Municipal, Lic. Tania Berenice Ulloa Zamora; la secretaria de Administraci\u00f3n, C.P. Nuria QuiterioTrenado, y la representante del Sector Social, Lic. Sandra Louise Cerda Scheuing.<\/p>\n<p>Adem\u00e1s, se realiz\u00f3 la presentaci\u00f3n de la titular de la Direcci\u00f3n General, Lic. Mirna Mireya Delgado Romero, quien liderar\u00e1 el desarrollo de los programas y servicios asistenciales; asimismo, se refrend\u00f3 en el cargo al secretario t\u00e9cnico, Lic. Isa\u00edas Valdez Mar\u00edn, y se design\u00f3 como Comisaria Titular del \u00d3rgano de Vigilancia a la C.P. Blanca Reynaud Guzm\u00e1n, tras la presentaci\u00f3n de una terna validada por la Contralora Municipal.<\/p>\n<p>La sesi\u00f3n concluy\u00f3 con la revisi\u00f3n y ratificaci\u00f3n de los acuerdos adoptados, consolidando las bases para un trabajo institucional que garantice resultados positivos para el municipio de Cuernavaca.<\/p>\n<p>Al finalizar, se realiz\u00f3 un recorrido por las instalaciones de la Casa de D\u00eda para el Adulto Mayor y el renovado Parque Tlaltenango, donde se constat\u00f3 el trabajo realizado por la mejora de los espacios p\u00fablicos, reafirmando el compromiso del Sistema Municipal DIF Cuernavaca por lograr una ciudad m\u00e1s humana y comprometida con el bienestar social.<\/p>\n\n\t\t<style type=\"text\/css\">\n\t\t\t#gallery-1 {\n\t\t\t\tmargin: auto;\n\t\t\t}\n\t\t\t#gallery-1 .gallery-item {\n\t\t\t\tfloat: left;\n\t\t\t\tmargin-top: 10px;\n\t\t\t\ttext-align: center;\n\t\t\t\twidth: 33%;\n\t\t\t}\n\t\t\t#gallery-1 img {\n\t\t\t\tborder: 2px solid #cfcfcf;\n\t\t\t}\n\t\t\t#gallery-1 .gallery-caption {\n\t\t\t\tmargin-left: 0;\n\t\t\t}\n\t\t\t\/* see gallery_shortcode() in wp-includes\/media.php *\/\n\t\t<\/style>\n\t\t<div id='gallery-1' class='gallery galleryid-47510 gallery-columns-3 gallery-size-thumbnail'><dl class='gallery-item'>\n\t\t\t<dt class='gallery-icon landscape'>\n\t\t\t\t<a href='https:\/\/cuernavaca.gob.mx\/?attachment_id=47511'><img width=\"150\" height=\"150\" src=\"https:\/\/cuernavaca.gob.mx\/wp-content\/uploads\/2025\/01\/CELEBRA-EL-SISTEMA-MUNICIPAL-DIF-CUERNAVACA-SU-PRIMERA-JUNTA-DIRECTIVA-ORDINARIA-DEL-2025-1-150x150.jpg\" class=\"attachment-thumbnail size-thumbnail\" alt=\"\" loading=\"lazy\" \/><\/a>\n\t\t\t<\/dt><\/dl><dl class='gallery-item'>\n\t\t\t<dt class='gallery-icon landscape'>\n\t\t\t\t<a href='https:\/\/cuernavaca.gob.mx\/?attachment_id=47512'><img width=\"150\" height=\"150\" src=\"https:\/\/cuernavaca.gob.mx\/wp-content\/uploads\/2025\/01\/CELEBRA-EL-SISTEMA-MUNICIPAL-DIF-CUERNAVACA-SU-PRIMERA-JUNTA-DIRECTIVA-ORDINARIA-DEL-2025-2-150x150.jpg\" class=\"attachment-thumbnail size-thumbnail\" alt=\"\" loading=\"lazy\" \/><\/a>\n\t\t\t<\/dt><\/dl><dl class='gallery-item'>\n\t\t\t<dt class='gallery-icon landscape'>\n\t\t\t\t<a href='https:\/\/cuernavaca.gob.mx\/?attachment_id=47513'><img width=\"150\" height=\"150\" src=\"https:\/\/cuernavaca.gob.mx\/wp-content\/uploads\/2025\/01\/CELEBRA-EL-SISTEMA-MUNICIPAL-DIF-CUERNAVACA-SU-PRIMERA-JUNTA-DIRECTIVA-ORDINARIA-DEL-2025-3-150x150.jpg\" class=\"attachment-thumbnail size-thumbnail\" alt=\"\" loading=\"lazy\" \/><\/a>\n\t\t\t<\/dt><\/dl><br style=\"clear: both\" \/><dl class='gallery-item'>\n\t\t\t<dt class='gallery-icon landscape'>\n\t\t\t\t<a href='https:\/\/cuernavaca.gob.mx\/?attachment_id=47514'><img width=\"150\" height=\"150\" src=\"https:\/\/cuernavaca.gob.mx\/wp-content\/uploads\/2025\/01\/CELEBRA-EL-SISTEMA-MUNICIPAL-DIF-CUERNAVACA-SU-PRIMERA-JUNTA-DIRECTIVA-ORDINARIA-DEL-2025-4-150x150.jpg\" class=\"attachment-thumbnail size-thumbnail\" alt=\"\" loading=\"lazy\" \/><\/a>\n\t\t\t<\/dt><\/dl><dl class='gallery-item'>\n\t\t\t<dt class='gallery-icon landscape'>\n\t\t\t\t<a href='https:\/\/cuernavaca.gob.mx\/?attachment_id=47515'><img width=\"150\" height=\"150\" src=\"https:\/\/cuernavaca.gob.mx\/wp-content\/uploads\/2025\/01\/CELEBRA-EL-SISTEMA-MUNICIPAL-DIF-CUERNAVACA-SU-PRIMERA-JUNTA-DIRECTIVA-ORDINARIA-DEL-2025-5-150x150.jpg\" class=\"attachment-thumbnail size-thumbnail\" alt=\"\" loading=\"lazy\" \/><\/a>\n\t\t\t<\/dt><\/dl><dl class='gallery-item'>\n\t\t\t<dt class='gallery-icon landscape'>\n\t\t\t\t<a href='https:\/\/cuernavaca.gob.mx\/?attachment_id=47516'><img width=\"150\" height=\"150\" src=\"https:\/\/cuernavaca.gob.mx\/wp-content\/uploads\/2025\/01\/CELEBRA-EL-SISTEMA-MUNICIPAL-DIF-CUERNAVACA-SU-PRIMERA-JUNTA-DIRECTIVA-ORDINARIA-DEL-2025-6-150x150.jpg\" class=\"attachment-thumbnail size-thumbnail\" alt=\"\" loading=\"lazy\" \/><\/a>\n\t\t\t<\/dt><\/dl><br style=\"clear: both\" \/><dl class='gallery-item'>\n\t\t\t<dt class='gallery-icon landscape'>\n\t\t\t\t<a href='https:\/\/cuernavaca.gob.mx\/?attachment_id=47517'><img width=\"150\" height=\"150\" src=\"https:\/\/cuernavaca.gob.mx\/wp-content\/uploads\/2025\/01\/CELEBRA-EL-SISTEMA-MUNICIPAL-DIF-CUERNAVACA-SU-PRIMERA-JUNTA-DIRECTIVA-ORDINARIA-DEL-2025-7-150x150.jpg\" class=\"attachment-thumbnail size-thumbnail\" alt=\"\" loading=\"lazy\" \/><\/a>\n\t\t\t<\/dt><\/dl><dl class='gallery-item'>\n\t\t\t<dt class='gallery-icon landscape'>\n\t\t\t\t<a href='https:\/\/cuernavaca.gob.mx\/?attachment_id=47518'><img width=\"150\" height=\"150\" src=\"https:\/\/cuernavaca.gob.mx\/wp-content\/uploads\/2025\/01\/CELEBRA-EL-SISTEMA-MUNICIPAL-DIF-CUERNAVACA-SU-PRIMERA-JUNTA-DIRECTIVA-ORDINARIA-DEL-2025-8-150x150.jpg\" class=\"attachment-thumbnail size-thumbnail\" alt=\"\" loading=\"lazy\" \/><\/a>\n\t\t\t<\/dt><\/dl><dl class='gallery-item'>\n\t\t\t<dt class='gallery-icon landscape'>\n\t\t\t\t<a href='https:\/\/cuernavaca.gob.mx\/?attachment_id=47519'><img width=\"150\" height=\"150\" src=\"https:\/\/cuernavaca.gob.mx\/wp-content\/uploads\/2025\/01\/CELEBRA-EL-SISTEMA-MUNICIPAL-DIF-CUERNAVACA-SU-PRIMERA-JUNTA-DIRECTIVA-ORDINARIA-DEL-2025-9-150x150.jpg\" class=\"attachment-thumbnail size-thumbnail\" alt=\"\" loading=\"lazy\" \/><\/a>\n\t\t\t<\/dt><\/dl><br style=\"clear: both\" \/><dl class='gallery-item'>\n\t\t\t<dt class='gallery-icon landscape'>\n\t\t\t\t<a href='https:\/\/cuernavaca.gob.mx\/?attachment_id=47520'><img width=\"150\" height=\"150\" src=\"https:\/\/cuernavaca.gob.mx\/wp-content\/uploads\/2025\/01\/CELEBRA-EL-SISTEMA-MUNICIPAL-DIF-CUERNAVACA-SU-PRIMERA-JUNTA-DIRECTIVA-ORDINARIA-DEL-2025-10-150x150.jpg\" class=\"attachment-thumbnail size-thumbnail\" alt=\"\" loading=\"lazy\" \/><\/a>\n\t\t\t<\/dt><\/dl>\n\t\t\t<br style='clear: both' \/>\n\t\t<\/div>\n\n","protected":false},"excerpt":{"rendered":"<p>* La presidenta del Sistema Municipal DIF Cuernavaca, Lic. Luz Mar\u00eda Zagal Guzm\u00e1n y dem\u00e1s integrantes de la Junta Directiva presentaron a nuevos titulares del organismo descentralizado \u00a0 En un acto de compromiso y responsabilidad, este viernes se llev\u00f3 a cabo la primera Junta Directiva del Sistema Municipal DIF Cuernavaca 2025, presidida por la Lic. [&hellip;]<\/p>\n","protected":false},"author":1,"featured_media":47511,"comment_status":"closed","ping_status":"open","sticky":false,"template":"","format":"standard","meta":[],"categories":[16],"tags":[121,339,132,120,147,206,127,372],"aioseo_notices":[],"_links":{"self":[{"href":"https:\/\/cuernavaca.gob.mx\/index.php?rest_route=\/wp\/v2\/posts\/47510"}],"collection":[{"href":"https:\/\/cuernavaca.gob.mx\/index.php?rest_route=\/wp\/v2\/posts"}],"about":[{"href":"https:\/\/cuernavaca.gob.mx\/index.php?rest_route=\/wp\/v2\/types\/post"}],"author":[{"embeddable":true,"href":"https:\/\/cuernavaca.gob.mx\/index.php?rest_route=\/wp\/v2\/users\/1"}],"replies":[{"embeddable":true,"href":"https:\/\/cuernavaca.gob.mx\/index.php?rest_route=%2Fwp%2Fv2%2Fcomments&post=47510"}],"version-history":[{"count":1,"href":"https:\/\/cuernavaca.gob.mx\/index.php?rest_route=\/wp\/v2\/posts\/47510\/revisions"}],"predecessor-version":[{"id":47521,"href":"https:\/\/cuernavaca.gob.mx\/index.php?rest_route=\/wp\/v2\/posts\/47510\/revisions\/47521"}],"wp:featuredmedia":[{"embeddable":true,"href":"https:\/\/cuernavaca.gob.mx\/index.php?rest_route=\/wp\/v2\/media\/47511"}],"wp:attachment":[{"href":"https:\/\/cuernavaca.gob.mx\/index.php?rest_route=%2Fwp%2Fv2%2Fmedia&parent=47510"}],"wp:term":[{"taxonomy":"category","embeddable":true,"href":"https:\/\/cuernavaca.gob.mx\/index.php?rest_route=%2Fwp%2Fv2%2Fcategories&post=47510"},{"taxonomy":"post_tag","embeddable":true,"href":"https:\/\/cuernavaca.gob.mx\/index.php?rest_route=%2Fwp%2Fv2%2Ftags&post=47510"}],"curies":[{"name":"wp","href":"https:\/\/api.w.org\/{rel}","templated":true}]}}