{"id":47537,"date":"2025-01-04T12:00:19","date_gmt":"2025-01-04T18:00:19","guid":{"rendered":"https:\/\/cuernavaca.gob.mx\/?p=47537"},"modified":"2025-01-04T14:53:39","modified_gmt":"2025-01-04T20:53:39","slug":"b04-04-01-25-jose-luis-uriostegui-salgado-se-reune-con-el-gabinete-municipal-y-cabildo-para-fortalecer-la-unidad-y-el-trabajo-en-equipo","status":"publish","type":"post","link":"https:\/\/cuernavaca.gob.mx\/?p=47537","title":{"rendered":"B04 04\/01\/25 JOS\u00c9 LUIS URI\u00d3STEGUI SALGADO SE RE\u00daNE CON EL GABINETE MUNICIPAL Y CABILDO PARA FORTALECER LA UNIDAD Y EL TRABAJO EN EQUIPO"},"content":{"rendered":"<p><strong>\u2022 El Edil subray\u00f3 que los servidores p\u00fablicos tienen que trabajar coordinados, para ser un gobierno humano, cercano y de resultados a favor de Cuernavaca<\/strong><\/p>\n<p>El presidente municipal, Jos\u00e9 Luis Uri\u00f3stegui Salgado, sostuvo una reuni\u00f3n con los regidores y el gabinete municipal de la administraci\u00f3n 2025- 2027 con el objetivo de fomentar la unidad y el trabajo conjunto para cumplir con las demandas de la ciudadan\u00eda cuernavacense.<\/p>\n<p>En su intervenci\u00f3n, el alcalde subray\u00f3 que lo m\u00e1s importante es el bienestar de los habitantes de la capital, y que el equipo de gobierno debe enfocarse en dar resultados. \u201cNosotros somos el equipo que tiene que dar resultados. Por eso, es crucial que nos conozcamos y trabajemos de la mano con la exigencia de ser un gobierno humano, cercano y de resultados\u201d.<\/p>\n<p>Como parte del encuentro, se realiz\u00f3 la presentaci\u00f3n de los integrantes del Gabinete Legal y Ampliado ante la s\u00edndica y los regidores, quienes coincidieron con el edil de mantener una comunicaci\u00f3n abierta y una actitud colaborativa en todo momento.<\/p>\n<p>Los regidores de las distintas fuerzas pol\u00edticas reconocieron la relevancia de esta convocatoria al mostrar la disposici\u00f3n de Uri\u00f3stegui Salgado para escuchar diferentes puntos de vista y darles cabida en una estrategia com\u00fan de servicio a la ciudadan\u00eda, dejando de lado las diferencias y concentr\u00e1ndose en las coincidencias.<\/p>\n<p>Destacaron que este tipo de ejercicios de acercamiento son clave para fortalecer los lazos de trabajo entre las dependencias municipales y el cabildo, con el objetivo de generar resultados positivos para que Cuernavaca sea la ciudad que merecemos.<\/p>\n<p>De esta manera, el presidente municipal recalc\u00f3 que para la consolidaci\u00f3n de un gobierno cercano, transparente y enfocado se debe cumplir con los compromisos asumidos, y para ello, a trav\u00e9s de una coordinaci\u00f3n eficaz entre todos los servidores p\u00fablicos dar respuesta a las peticiones de la poblaci\u00f3n.<\/p>\n\n\t\t<style type=\"text\/css\">\n\t\t\t#gallery-1 {\n\t\t\t\tmargin: auto;\n\t\t\t}\n\t\t\t#gallery-1 .gallery-item {\n\t\t\t\tfloat: left;\n\t\t\t\tmargin-top: 10px;\n\t\t\t\ttext-align: center;\n\t\t\t\twidth: 33%;\n\t\t\t}\n\t\t\t#gallery-1 img {\n\t\t\t\tborder: 2px solid #cfcfcf;\n\t\t\t}\n\t\t\t#gallery-1 .gallery-caption {\n\t\t\t\tmargin-left: 0;\n\t\t\t}\n\t\t\t\/* see gallery_shortcode() in wp-includes\/media.php *\/\n\t\t<\/style>\n\t\t<div id='gallery-1' class='gallery galleryid-47537 gallery-columns-3 gallery-size-thumbnail'><dl class='gallery-item'>\n\t\t\t<dt class='gallery-icon landscape'>\n\t\t\t\t<a href='https:\/\/cuernavaca.gob.mx\/?attachment_id=47538'><img width=\"150\" height=\"150\" src=\"https:\/\/cuernavaca.gob.mx\/wp-content\/uploads\/2025\/01\/JOSE\u0301-LUIS-URIO\u0301STEGUI-SALGADO-SE-REU\u0301NE-CON-EL-GABINETE-MUNICIPAL-Y-CABILDO-PARA-FORTALECER-LA-UNIDAD-Y-EL-TRABAJO-EN-EQUIPO-1-150x150.jpg\" class=\"attachment-thumbnail size-thumbnail\" alt=\"\" loading=\"lazy\" \/><\/a>\n\t\t\t<\/dt><\/dl><dl class='gallery-item'>\n\t\t\t<dt class='gallery-icon landscape'>\n\t\t\t\t<a href='https:\/\/cuernavaca.gob.mx\/?attachment_id=47539'><img width=\"150\" height=\"150\" src=\"https:\/\/cuernavaca.gob.mx\/wp-content\/uploads\/2025\/01\/JOSE\u0301-LUIS-URIO\u0301STEGUI-SALGADO-SE-REU\u0301NE-CON-EL-GABINETE-MUNICIPAL-Y-CABILDO-PARA-FORTALECER-LA-UNIDAD-Y-EL-TRABAJO-EN-EQUIPO-2-150x150.jpg\" class=\"attachment-thumbnail size-thumbnail\" alt=\"\" loading=\"lazy\" \/><\/a>\n\t\t\t<\/dt><\/dl><dl class='gallery-item'>\n\t\t\t<dt class='gallery-icon landscape'>\n\t\t\t\t<a href='https:\/\/cuernavaca.gob.mx\/?attachment_id=47540'><img width=\"150\" height=\"150\" src=\"https:\/\/cuernavaca.gob.mx\/wp-content\/uploads\/2025\/01\/JOSE\u0301-LUIS-URIO\u0301STEGUI-SALGADO-SE-REU\u0301NE-CON-EL-GABINETE-MUNICIPAL-Y-CABILDO-PARA-FORTALECER-LA-UNIDAD-Y-EL-TRABAJO-EN-EQUIPO-3-150x150.jpg\" class=\"attachment-thumbnail size-thumbnail\" alt=\"\" loading=\"lazy\" \/><\/a>\n\t\t\t<\/dt><\/dl><br style=\"clear: both\" \/><dl class='gallery-item'>\n\t\t\t<dt class='gallery-icon landscape'>\n\t\t\t\t<a href='https:\/\/cuernavaca.gob.mx\/?attachment_id=47541'><img width=\"150\" height=\"150\" src=\"https:\/\/cuernavaca.gob.mx\/wp-content\/uploads\/2025\/01\/JOSE\u0301-LUIS-URIO\u0301STEGUI-SALGADO-SE-REU\u0301NE-CON-EL-GABINETE-MUNICIPAL-Y-CABILDO-PARA-FORTALECER-LA-UNIDAD-Y-EL-TRABAJO-EN-EQUIPO-4-150x150.jpg\" class=\"attachment-thumbnail size-thumbnail\" alt=\"\" loading=\"lazy\" \/><\/a>\n\t\t\t<\/dt><\/dl><dl class='gallery-item'>\n\t\t\t<dt class='gallery-icon landscape'>\n\t\t\t\t<a href='https:\/\/cuernavaca.gob.mx\/?attachment_id=47542'><img width=\"150\" height=\"150\" src=\"https:\/\/cuernavaca.gob.mx\/wp-content\/uploads\/2025\/01\/JOSE\u0301-LUIS-URIO\u0301STEGUI-SALGADO-SE-REU\u0301NE-CON-EL-GABINETE-MUNICIPAL-Y-CABILDO-PARA-FORTALECER-LA-UNIDAD-Y-EL-TRABAJO-EN-EQUIPO-5-150x150.jpg\" class=\"attachment-thumbnail size-thumbnail\" alt=\"\" loading=\"lazy\" \/><\/a>\n\t\t\t<\/dt><\/dl><dl class='gallery-item'>\n\t\t\t<dt class='gallery-icon landscape'>\n\t\t\t\t<a href='https:\/\/cuernavaca.gob.mx\/?attachment_id=47543'><img width=\"150\" height=\"150\" src=\"https:\/\/cuernavaca.gob.mx\/wp-content\/uploads\/2025\/01\/JOSE\u0301-LUIS-URIO\u0301STEGUI-SALGADO-SE-REU\u0301NE-CON-EL-GABINETE-MUNICIPAL-Y-CABILDO-PARA-FORTALECER-LA-UNIDAD-Y-EL-TRABAJO-EN-EQUIPO-6-150x150.jpg\" class=\"attachment-thumbnail size-thumbnail\" alt=\"\" loading=\"lazy\" \/><\/a>\n\t\t\t<\/dt><\/dl><br style=\"clear: both\" \/><dl class='gallery-item'>\n\t\t\t<dt class='gallery-icon landscape'>\n\t\t\t\t<a href='https:\/\/cuernavaca.gob.mx\/?attachment_id=47544'><img width=\"150\" height=\"150\" src=\"https:\/\/cuernavaca.gob.mx\/wp-content\/uploads\/2025\/01\/JOSE\u0301-LUIS-URIO\u0301STEGUI-SALGADO-SE-REU\u0301NE-CON-EL-GABINETE-MUNICIPAL-Y-CABILDO-PARA-FORTALECER-LA-UNIDAD-Y-EL-TRABAJO-EN-EQUIPO-7-150x150.jpg\" class=\"attachment-thumbnail size-thumbnail\" alt=\"\" loading=\"lazy\" \/><\/a>\n\t\t\t<\/dt><\/dl>\n\t\t\t<br style='clear: both' \/>\n\t\t<\/div>\n\n","protected":false},"excerpt":{"rendered":"<p>\u2022 El Edil subray\u00f3 que los servidores p\u00fablicos tienen que trabajar coordinados, para ser un gobierno humano, cercano y de resultados a favor de Cuernavaca El presidente municipal, Jos\u00e9 Luis Uri\u00f3stegui Salgado, sostuvo una reuni\u00f3n con los regidores y el gabinete municipal de la administraci\u00f3n 2025- 2027 con el objetivo de fomentar la unidad y [&hellip;]<\/p>\n","protected":false},"author":1,"featured_media":47539,"comment_status":"closed","ping_status":"open","sticky":false,"template":"","format":"standard","meta":[],"categories":[20],"tags":[121,129,120,3968,206,127,706,2402,372,2396],"aioseo_notices":[],"_links":{"self":[{"href":"https:\/\/cuernavaca.gob.mx\/index.php?rest_route=\/wp\/v2\/posts\/47537"}],"collection":[{"href":"https:\/\/cuernavaca.gob.mx\/index.php?rest_route=\/wp\/v2\/posts"}],"about":[{"href":"https:\/\/cuernavaca.gob.mx\/index.php?rest_route=\/wp\/v2\/types\/post"}],"author":[{"embeddable":true,"href":"https:\/\/cuernavaca.gob.mx\/index.php?rest_route=\/wp\/v2\/users\/1"}],"replies":[{"embeddable":true,"href":"https:\/\/cuernavaca.gob.mx\/index.php?rest_route=%2Fwp%2Fv2%2Fcomments&post=47537"}],"version-history":[{"count":1,"href":"https:\/\/cuernavaca.gob.mx\/index.php?rest_route=\/wp\/v2\/posts\/47537\/revisions"}],"predecessor-version":[{"id":47545,"href":"https:\/\/cuernavaca.gob.mx\/index.php?rest_route=\/wp\/v2\/posts\/47537\/revisions\/47545"}],"wp:featuredmedia":[{"embeddable":true,"href":"https:\/\/cuernavaca.gob.mx\/index.php?rest_route=\/wp\/v2\/media\/47539"}],"wp:attachment":[{"href":"https:\/\/cuernavaca.gob.mx\/index.php?rest_route=%2Fwp%2Fv2%2Fmedia&parent=47537"}],"wp:term":[{"taxonomy":"category","embeddable":true,"href":"https:\/\/cuernavaca.gob.mx\/index.php?rest_route=%2Fwp%2Fv2%2Fcategories&post=47537"},{"taxonomy":"post_tag","embeddable":true,"href":"https:\/\/cuernavaca.gob.mx\/index.php?rest_route=%2Fwp%2Fv2%2Ftags&post=47537"}],"curies":[{"name":"wp","href":"https:\/\/api.w.org\/{rel}","templated":true}]}}