{"id":47546,"date":"2025-01-05T10:00:34","date_gmt":"2025-01-05T16:00:34","guid":{"rendered":"https:\/\/cuernavaca.gob.mx\/?p=47546"},"modified":"2025-01-05T12:29:05","modified_gmt":"2025-01-05T18:29:05","slug":"b07-05-01-25-sapac-sera-funcional-y-autosustentable-para-brindar-mejor-atencion-a-la-poblacion-jose-luis-uriostegui","status":"publish","type":"post","link":"https:\/\/cuernavaca.gob.mx\/?p=47546","title":{"rendered":"B07 05\/01\/25 SAPAC SER\u00c1 FUNCIONAL Y AUTOSUSTENTABLE PARA BRINDAR MEJOR ATENCI\u00d3N A LA POBLACI\u00d3N: JOS\u00c9 LUIS URI\u00d3STEGUI"},"content":{"rendered":"<p><strong>* El Presidente municipal indic\u00f3 que uno de los objetivos al finalizar la administraci\u00f3n 2025- 2027 ser\u00e1 entregar una comuna sin adeudos<\/strong><\/p>\n<p>El presidente municipal de Cuernavaca, Jos\u00e9 Luis Uri\u00f3stegui Salgado, afirm\u00f3 que el Sistema de Agua Potable y Alcantarillado de Cuernavaca, (SAPAC), cuenta con todo el apoyo de la administraci\u00f3n central para continuar mejorando la prestaci\u00f3n del servicio del vital l\u00edquido y saneamiento, fundamentales para garantizar la tranquilidad y el orden social en la ciudad. Adem\u00e1s, destac\u00f3 que no se descuidar\u00e1 el manejo adecuado de las finanzas p\u00fablicas, una caracter\u00edstica del organismo en los \u00faltimos tres a\u00f1os.<\/p>\n<p>Tras la instalaci\u00f3n de la Junta de Gobierno de SAPAC, el edil resalt\u00f3 que uno de los objetivos primordiales al finalizar la administraci\u00f3n 2025-2027 ser\u00e1 entregar una comuna sin adeudos, tanto en el sector central como en este organismo. Lo anterior, se podr\u00e1 lograr siguiendo el ejemplo de su pasada administraci\u00f3n, que a pesar de los adeudos hist\u00f3ricos heredados, privilegi\u00f3 el cumplimiento de pagos corrientes a la Comisi\u00f3n Federal de Electricidad (CFE), el IMSS, el SAT, y proveedores. Gracias a ello, hoy se recibe un organismo sin deudas actuales.<\/p>\n<p>Indic\u00f3 que, como ocurri\u00f3 hace tres a\u00f1os, el Ayuntamiento respaldar\u00e1 la adecuada operatividad y crecimiento del SAPAC, asegurando que las viviendas cuenten con agua suficiente y promoviendo su aprovechamiento mediante el reciclaje y la recarga de los mantos fre\u00e1ticos. Asimismo, se implementar\u00e1n medidas para prevenir fugas y proteger la infraestructura urbana, asegurando que el agua llegue de manera eficiente a donde se necesita para el uso humano.<\/p>\n<p>Jos\u00e9 Luis Uri\u00f3stegui Salgado precis\u00f3 que, aunque este objetivo se puede lograr con esfuerzos propios, no se deja de lado la coordinaci\u00f3n interinstitucional en temas h\u00eddricos de car\u00e1cter metropolitano, ya que estas acciones fortalecer\u00e1n los avances logrados hace tres a\u00f1os para mejorar el Sistema de Agua Potable y Alcantarillado de Cuernavaca, como la rehabilitaci\u00f3n de pozos y la sustituci\u00f3n de m\u00e1s de 20 kil\u00f3metros de tuber\u00eda de agua potable.<\/p>\n\n\t\t<style type=\"text\/css\">\n\t\t\t#gallery-1 {\n\t\t\t\tmargin: auto;\n\t\t\t}\n\t\t\t#gallery-1 .gallery-item {\n\t\t\t\tfloat: left;\n\t\t\t\tmargin-top: 10px;\n\t\t\t\ttext-align: center;\n\t\t\t\twidth: 33%;\n\t\t\t}\n\t\t\t#gallery-1 img {\n\t\t\t\tborder: 2px solid #cfcfcf;\n\t\t\t}\n\t\t\t#gallery-1 .gallery-caption {\n\t\t\t\tmargin-left: 0;\n\t\t\t}\n\t\t\t\/* see gallery_shortcode() in wp-includes\/media.php *\/\n\t\t<\/style>\n\t\t<div id='gallery-1' class='gallery galleryid-47546 gallery-columns-3 gallery-size-thumbnail'><dl class='gallery-item'>\n\t\t\t<dt class='gallery-icon landscape'>\n\t\t\t\t<a href='https:\/\/cuernavaca.gob.mx\/?attachment_id=47547'><img width=\"150\" height=\"150\" src=\"https:\/\/cuernavaca.gob.mx\/wp-content\/uploads\/2025\/01\/SAPAC-SERA-FUNCIONAL-Y-AUTOSUSTENTABLE-PARA-BRINDAR-MEJOR-ATENCION-A-LA-POBLACION-4-150x150.jpeg\" class=\"attachment-thumbnail size-thumbnail\" alt=\"\" loading=\"lazy\" \/><\/a>\n\t\t\t<\/dt><\/dl><dl class='gallery-item'>\n\t\t\t<dt class='gallery-icon landscape'>\n\t\t\t\t<a href='https:\/\/cuernavaca.gob.mx\/?attachment_id=47548'><img width=\"150\" height=\"150\" src=\"https:\/\/cuernavaca.gob.mx\/wp-content\/uploads\/2025\/01\/SAPAC-SERA-FUNCIONAL-Y-AUTOSUSTENTABLE-PARA-BRINDAR-MEJOR-ATENCION-A-LA-POBLACION-3-150x150.jpeg\" class=\"attachment-thumbnail size-thumbnail\" alt=\"\" loading=\"lazy\" \/><\/a>\n\t\t\t<\/dt><\/dl><dl class='gallery-item'>\n\t\t\t<dt class='gallery-icon landscape'>\n\t\t\t\t<a href='https:\/\/cuernavaca.gob.mx\/?attachment_id=47549'><img width=\"150\" height=\"150\" src=\"https:\/\/cuernavaca.gob.mx\/wp-content\/uploads\/2025\/01\/SAPAC-SERA-FUNCIONAL-Y-AUTOSUSTENTABLE-PARA-BRINDAR-MEJOR-ATENCION-A-LA-POBLACION-2-150x150.jpeg\" class=\"attachment-thumbnail size-thumbnail\" alt=\"\" loading=\"lazy\" \/><\/a>\n\t\t\t<\/dt><\/dl><br style=\"clear: both\" \/><dl class='gallery-item'>\n\t\t\t<dt class='gallery-icon landscape'>\n\t\t\t\t<a href='https:\/\/cuernavaca.gob.mx\/?attachment_id=47550'><img width=\"150\" height=\"150\" src=\"https:\/\/cuernavaca.gob.mx\/wp-content\/uploads\/2025\/01\/SAPAC-SERA-FUNCIONAL-Y-AUTOSUSTENTABLE-PARA-BRINDAR-MEJOR-ATENCION-A-LA-POBLACION-1-150x150.jpeg\" class=\"attachment-thumbnail size-thumbnail\" alt=\"\" loading=\"lazy\" \/><\/a>\n\t\t\t<\/dt><\/dl>\n\t\t\t<br style='clear: both' \/>\n\t\t<\/div>\n\n","protected":false},"excerpt":{"rendered":"<p>* El Presidente municipal indic\u00f3 que uno de los objetivos al finalizar la administraci\u00f3n 2025- 2027 ser\u00e1 entregar una comuna sin adeudos El presidente municipal de Cuernavaca, Jos\u00e9 Luis Uri\u00f3stegui Salgado, afirm\u00f3 que el Sistema de Agua Potable y Alcantarillado de Cuernavaca, (SAPAC), cuenta con todo el apoyo de la administraci\u00f3n central para continuar mejorando [&hellip;]<\/p>\n","protected":false},"author":1,"featured_media":47547,"comment_status":"closed","ping_status":"open","sticky":false,"template":"","format":"standard","meta":[],"categories":[20],"tags":[395,615,121,515,120,3968,206,3969,127,124],"aioseo_notices":[],"_links":{"self":[{"href":"https:\/\/cuernavaca.gob.mx\/index.php?rest_route=\/wp\/v2\/posts\/47546"}],"collection":[{"href":"https:\/\/cuernavaca.gob.mx\/index.php?rest_route=\/wp\/v2\/posts"}],"about":[{"href":"https:\/\/cuernavaca.gob.mx\/index.php?rest_route=\/wp\/v2\/types\/post"}],"author":[{"embeddable":true,"href":"https:\/\/cuernavaca.gob.mx\/index.php?rest_route=\/wp\/v2\/users\/1"}],"replies":[{"embeddable":true,"href":"https:\/\/cuernavaca.gob.mx\/index.php?rest_route=%2Fwp%2Fv2%2Fcomments&post=47546"}],"version-history":[{"count":1,"href":"https:\/\/cuernavaca.gob.mx\/index.php?rest_route=\/wp\/v2\/posts\/47546\/revisions"}],"predecessor-version":[{"id":47551,"href":"https:\/\/cuernavaca.gob.mx\/index.php?rest_route=\/wp\/v2\/posts\/47546\/revisions\/47551"}],"wp:featuredmedia":[{"embeddable":true,"href":"https:\/\/cuernavaca.gob.mx\/index.php?rest_route=\/wp\/v2\/media\/47547"}],"wp:attachment":[{"href":"https:\/\/cuernavaca.gob.mx\/index.php?rest_route=%2Fwp%2Fv2%2Fmedia&parent=47546"}],"wp:term":[{"taxonomy":"category","embeddable":true,"href":"https:\/\/cuernavaca.gob.mx\/index.php?rest_route=%2Fwp%2Fv2%2Fcategories&post=47546"},{"taxonomy":"post_tag","embeddable":true,"href":"https:\/\/cuernavaca.gob.mx\/index.php?rest_route=%2Fwp%2Fv2%2Ftags&post=47546"}],"curies":[{"name":"wp","href":"https:\/\/api.w.org\/{rel}","templated":true}]}}