{"id":47552,"date":"2025-01-06T13:00:27","date_gmt":"2025-01-06T19:00:27","guid":{"rendered":"https:\/\/cuernavaca.gob.mx\/?p=47552"},"modified":"2025-01-06T13:35:29","modified_gmt":"2025-01-06T19:35:29","slug":"b06-02-24-dif-cuernavaca-promueve-la-magia-de-dia-de-reyes-con-entrega-de-juguetes-y-rosca","status":"publish","type":"post","link":"https:\/\/cuernavaca.gob.mx\/?p=47552","title":{"rendered":"B06\/02\/24 DIF CUERNAVACA PROMUEVE LA MAGIA DE D\u00cdA DE REYES CON ENTREGA DE JUGUETES Y ROSCA"},"content":{"rendered":"<p><strong>* A iniciativa de la presidenta del Sistema Municipal DIF Cuernavaca, Luz Mar\u00eda Zagal Guzm\u00e1n, m\u00e1s de 10 mil ni\u00f1as y ni\u00f1os cuernavaquenses vivieron la magia de D\u00eda de Reyes<\/strong><\/p>\n<p>Como ha sido tradici\u00f3n en Cuernavaca, la magia de los Reyes Magos se hizo presente a convocatoria de la presidenta del Sistema Municipal DIF Cuernavaca, Luz Mar\u00eda Zagal Guzm\u00e1n, donde con la tradicional partida de rosca y la entrega de juguetes a m\u00e1s de 10 mil ni\u00f1as y ni\u00f1os cuernavaquenses disfrutaron de esta celebraci\u00f3n de unidad, paz y esperanza que fortalece los lazos familiares, lo cual ha sido una prioridad en la administraci\u00f3n municipal encabezada por Jos\u00e9 Luis Uri\u00f3stegui Salgado, presidente municipal de Cuernavaca.<\/p>\n<p>En la sede Papayo del Ayuntamiento de Cuernavaca, que abri\u00f3 sus puertas a este d\u00eda de diversi\u00f3n, el alcalde reconoci\u00f3 el trabajo y esfuerzo del DIF Cuernavaca para organizar este tipo de eventos que promueven la reconstrucci\u00f3n del tejido social, as\u00ed como la uni\u00f3n de esfuerzos econ\u00f3micos de muchos ciudadanos y empresarios que de manera desinteresada donaron los juguetes que est\u00e1n siendo entregados en distintas colonias de la ciudad coordinados por el notario p\u00fablico, Hugo Salgado Casta\u00f1eda y Manuel Cort\u00e9s.<\/p>\n<p>Adem\u00e1s, en la donaci\u00f3n de juguetes, la rosca y el chocolate caliente que se entreg\u00f3 a la poblaci\u00f3n se cont\u00f3 con el apoyo de los diputados locales, Jazm\u00edn Solano L\u00f3pez y Daniel Mart\u00ednez Terrazas; del diputado federal, Adri\u00e1n Mart\u00ednez Terrazas y de integrantes del Cabildo capitalino.<\/p>\n<p>Antes de concluir su mensaje, Jos\u00e9 Luis Uri\u00f3stegui Salgado resalt\u00f3 que, si bien los espacios gubernamentales son considerados exclusivamente para \u00e1reas administrativas, se ha procurado mejorarlos y dignificarlos, como es el caso de la sede Papagayo del Gobierno Municipal, para recibir la visita de las y los ciudadanos y sus familias en condiciones de seguridad, y con una imagen adecuada de lo que es la ciudad de la Eterna Primavera, pero, sobre todo, con gestos y trato amable que es lo que merece la poblaci\u00f3n de Cuernavaca.<\/p>\n<p>Como parte de mantener la magia de D\u00eda de Reyes, el Sistema Municipal DIF Cuernavaca, acompa\u00f1ado de Melchor, Gaspar y Baltasar, llev\u00f3 a diferentes colonias de Cuernavaca como Antonio Barona, Lagunilla, Lomas de Chamilpa, Margarita Maza de Ju\u00e1rez, Benito Ju\u00e1rez, as\u00ed como en los poblados de Santa Mar\u00eda Ahuacatitl\u00e1n y Buenavista del Monte, donde se repartieron juguetes.<\/p>\n<p>&nbsp;<\/p>\n\n\t\t<style type=\"text\/css\">\n\t\t\t#gallery-1 {\n\t\t\t\tmargin: auto;\n\t\t\t}\n\t\t\t#gallery-1 .gallery-item {\n\t\t\t\tfloat: left;\n\t\t\t\tmargin-top: 10px;\n\t\t\t\ttext-align: center;\n\t\t\t\twidth: 33%;\n\t\t\t}\n\t\t\t#gallery-1 img {\n\t\t\t\tborder: 2px solid #cfcfcf;\n\t\t\t}\n\t\t\t#gallery-1 .gallery-caption {\n\t\t\t\tmargin-left: 0;\n\t\t\t}\n\t\t\t\/* see gallery_shortcode() in wp-includes\/media.php *\/\n\t\t<\/style>\n\t\t<div id='gallery-1' class='gallery galleryid-47552 gallery-columns-3 gallery-size-thumbnail'><dl class='gallery-item'>\n\t\t\t<dt class='gallery-icon landscape'>\n\t\t\t\t<a href='https:\/\/cuernavaca.gob.mx\/?attachment_id=47553'><img width=\"150\" height=\"150\" src=\"https:\/\/cuernavaca.gob.mx\/wp-content\/uploads\/2025\/01\/DIF-CUERNAVACA-PROMUEVE-LA-MAGIA-DE-DI\u0301A-DE-REYES-CON-ENTREGA-DE-JUGUETES-Y-ROSCA-1-150x150.jpg\" class=\"attachment-thumbnail size-thumbnail\" alt=\"\" loading=\"lazy\" \/><\/a>\n\t\t\t<\/dt><\/dl><dl class='gallery-item'>\n\t\t\t<dt class='gallery-icon landscape'>\n\t\t\t\t<a href='https:\/\/cuernavaca.gob.mx\/?attachment_id=47554'><img width=\"150\" height=\"150\" src=\"https:\/\/cuernavaca.gob.mx\/wp-content\/uploads\/2025\/01\/DIF-CUERNAVACA-PROMUEVE-LA-MAGIA-DE-DI\u0301A-DE-REYES-CON-ENTREGA-DE-JUGUETES-Y-ROSCA-2-150x150.jpg\" class=\"attachment-thumbnail size-thumbnail\" alt=\"\" loading=\"lazy\" \/><\/a>\n\t\t\t<\/dt><\/dl><dl class='gallery-item'>\n\t\t\t<dt class='gallery-icon landscape'>\n\t\t\t\t<a href='https:\/\/cuernavaca.gob.mx\/?attachment_id=47555'><img width=\"150\" height=\"150\" src=\"https:\/\/cuernavaca.gob.mx\/wp-content\/uploads\/2025\/01\/DIF-CUERNAVACA-PROMUEVE-LA-MAGIA-DE-DI\u0301A-DE-REYES-CON-ENTREGA-DE-JUGUETES-Y-ROSCA-3-150x150.jpg\" class=\"attachment-thumbnail size-thumbnail\" alt=\"\" loading=\"lazy\" \/><\/a>\n\t\t\t<\/dt><\/dl><br style=\"clear: both\" \/><dl class='gallery-item'>\n\t\t\t<dt class='gallery-icon landscape'>\n\t\t\t\t<a href='https:\/\/cuernavaca.gob.mx\/?attachment_id=47556'><img width=\"150\" height=\"150\" src=\"https:\/\/cuernavaca.gob.mx\/wp-content\/uploads\/2025\/01\/DIF-CUERNAVACA-PROMUEVE-LA-MAGIA-DE-DI\u0301A-DE-REYES-CON-ENTREGA-DE-JUGUETES-Y-ROSCA-4-150x150.jpg\" class=\"attachment-thumbnail size-thumbnail\" alt=\"\" loading=\"lazy\" \/><\/a>\n\t\t\t<\/dt><\/dl><dl class='gallery-item'>\n\t\t\t<dt class='gallery-icon landscape'>\n\t\t\t\t<a href='https:\/\/cuernavaca.gob.mx\/?attachment_id=47557'><img width=\"150\" height=\"150\" src=\"https:\/\/cuernavaca.gob.mx\/wp-content\/uploads\/2025\/01\/DIF-CUERNAVACA-PROMUEVE-LA-MAGIA-DE-DI\u0301A-DE-REYES-CON-ENTREGA-DE-JUGUETES-Y-ROSCA-5-150x150.jpg\" class=\"attachment-thumbnail size-thumbnail\" alt=\"\" loading=\"lazy\" \/><\/a>\n\t\t\t<\/dt><\/dl><dl class='gallery-item'>\n\t\t\t<dt class='gallery-icon landscape'>\n\t\t\t\t<a href='https:\/\/cuernavaca.gob.mx\/?attachment_id=47558'><img width=\"150\" height=\"150\" src=\"https:\/\/cuernavaca.gob.mx\/wp-content\/uploads\/2025\/01\/DIF-CUERNAVACA-PROMUEVE-LA-MAGIA-DE-DI\u0301A-DE-REYES-CON-ENTREGA-DE-JUGUETES-Y-ROSCA-6-150x150.jpg\" class=\"attachment-thumbnail size-thumbnail\" alt=\"\" loading=\"lazy\" \/><\/a>\n\t\t\t<\/dt><\/dl><br style=\"clear: both\" \/><dl class='gallery-item'>\n\t\t\t<dt class='gallery-icon landscape'>\n\t\t\t\t<a href='https:\/\/cuernavaca.gob.mx\/?attachment_id=47559'><img width=\"150\" height=\"150\" src=\"https:\/\/cuernavaca.gob.mx\/wp-content\/uploads\/2025\/01\/DIF-CUERNAVACA-PROMUEVE-LA-MAGIA-DE-DI\u0301A-DE-REYES-CON-ENTREGA-DE-JUGUETES-Y-ROSCA-7-150x150.jpg\" class=\"attachment-thumbnail size-thumbnail\" alt=\"\" loading=\"lazy\" \/><\/a>\n\t\t\t<\/dt><\/dl><dl class='gallery-item'>\n\t\t\t<dt class='gallery-icon landscape'>\n\t\t\t\t<a href='https:\/\/cuernavaca.gob.mx\/?attachment_id=47560'><img width=\"150\" height=\"150\" src=\"https:\/\/cuernavaca.gob.mx\/wp-content\/uploads\/2025\/01\/DIF-CUERNAVACA-PROMUEVE-LA-MAGIA-DE-DI\u0301A-DE-REYES-CON-ENTREGA-DE-JUGUETES-Y-ROSCA-8-150x150.jpg\" class=\"attachment-thumbnail size-thumbnail\" alt=\"\" loading=\"lazy\" \/><\/a>\n\t\t\t<\/dt><\/dl><dl class='gallery-item'>\n\t\t\t<dt class='gallery-icon landscape'>\n\t\t\t\t<a href='https:\/\/cuernavaca.gob.mx\/?attachment_id=47561'><img width=\"150\" height=\"150\" src=\"https:\/\/cuernavaca.gob.mx\/wp-content\/uploads\/2025\/01\/DIF-CUERNAVACA-PROMUEVE-LA-MAGIA-DE-DI\u0301A-DE-REYES-CON-ENTREGA-DE-JUGUETES-Y-ROSCA-9-150x150.jpg\" class=\"attachment-thumbnail size-thumbnail\" alt=\"\" loading=\"lazy\" \/><\/a>\n\t\t\t<\/dt><\/dl><br style=\"clear: both\" \/><dl class='gallery-item'>\n\t\t\t<dt class='gallery-icon landscape'>\n\t\t\t\t<a href='https:\/\/cuernavaca.gob.mx\/?attachment_id=47562'><img width=\"150\" height=\"150\" src=\"https:\/\/cuernavaca.gob.mx\/wp-content\/uploads\/2025\/01\/DIF-CUERNAVACA-PROMUEVE-LA-MAGIA-DE-DI\u0301A-DE-REYES-CON-ENTREGA-DE-JUGUETES-Y-ROSCA-10-150x150.jpg\" class=\"attachment-thumbnail size-thumbnail\" alt=\"\" loading=\"lazy\" \/><\/a>\n\t\t\t<\/dt><\/dl><dl class='gallery-item'>\n\t\t\t<dt class='gallery-icon landscape'>\n\t\t\t\t<a href='https:\/\/cuernavaca.gob.mx\/?attachment_id=47563'><img width=\"150\" height=\"150\" src=\"https:\/\/cuernavaca.gob.mx\/wp-content\/uploads\/2025\/01\/DIF-CUERNAVACA-PROMUEVE-LA-MAGIA-DE-DI\u0301A-DE-REYES-CON-ENTREGA-DE-JUGUETES-Y-ROSCA-11-150x150.jpg\" class=\"attachment-thumbnail size-thumbnail\" alt=\"\" loading=\"lazy\" \/><\/a>\n\t\t\t<\/dt><\/dl><dl class='gallery-item'>\n\t\t\t<dt class='gallery-icon landscape'>\n\t\t\t\t<a href='https:\/\/cuernavaca.gob.mx\/?attachment_id=47564'><img width=\"150\" height=\"150\" src=\"https:\/\/cuernavaca.gob.mx\/wp-content\/uploads\/2025\/01\/DIF-CUERNAVACA-PROMUEVE-LA-MAGIA-DE-DI\u0301A-DE-REYES-CON-ENTREGA-DE-JUGUETES-Y-ROSCA-12-150x150.jpg\" class=\"attachment-thumbnail size-thumbnail\" alt=\"\" loading=\"lazy\" \/><\/a>\n\t\t\t<\/dt><\/dl><br style=\"clear: both\" \/><dl class='gallery-item'>\n\t\t\t<dt class='gallery-icon landscape'>\n\t\t\t\t<a href='https:\/\/cuernavaca.gob.mx\/?attachment_id=47565'><img width=\"150\" height=\"150\" src=\"https:\/\/cuernavaca.gob.mx\/wp-content\/uploads\/2025\/01\/DIF-CUERNAVACA-PROMUEVE-LA-MAGIA-DE-DI\u0301A-DE-REYES-CON-ENTREGA-DE-JUGUETES-Y-ROSCA-13-150x150.jpg\" class=\"attachment-thumbnail size-thumbnail\" alt=\"\" loading=\"lazy\" \/><\/a>\n\t\t\t<\/dt><\/dl><dl class='gallery-item'>\n\t\t\t<dt class='gallery-icon landscape'>\n\t\t\t\t<a href='https:\/\/cuernavaca.gob.mx\/?attachment_id=47566'><img width=\"150\" height=\"150\" src=\"https:\/\/cuernavaca.gob.mx\/wp-content\/uploads\/2025\/01\/DIF-CUERNAVACA-PROMUEVE-LA-MAGIA-DE-DI\u0301A-DE-REYES-CON-ENTREGA-DE-JUGUETES-Y-ROSCA-14-150x150.jpg\" class=\"attachment-thumbnail size-thumbnail\" alt=\"\" loading=\"lazy\" \/><\/a>\n\t\t\t<\/dt><\/dl><dl class='gallery-item'>\n\t\t\t<dt class='gallery-icon landscape'>\n\t\t\t\t<a href='https:\/\/cuernavaca.gob.mx\/?attachment_id=47567'><img width=\"150\" height=\"150\" src=\"https:\/\/cuernavaca.gob.mx\/wp-content\/uploads\/2025\/01\/DIF-CUERNAVACA-PROMUEVE-LA-MAGIA-DE-DI\u0301A-DE-REYES-CON-ENTREGA-DE-JUGUETES-Y-ROSCA-15-150x150.jpg\" class=\"attachment-thumbnail size-thumbnail\" alt=\"\" loading=\"lazy\" \/><\/a>\n\t\t\t<\/dt><\/dl><br style=\"clear: both\" \/><dl class='gallery-item'>\n\t\t\t<dt class='gallery-icon landscape'>\n\t\t\t\t<a href='https:\/\/cuernavaca.gob.mx\/?attachment_id=47568'><img width=\"150\" height=\"150\" src=\"https:\/\/cuernavaca.gob.mx\/wp-content\/uploads\/2025\/01\/DIF-CUERNAVACA-PROMUEVE-LA-MAGIA-DE-DI\u0301A-DE-REYES-CON-ENTREGA-DE-JUGUETES-Y-ROSCA-16-150x150.jpg\" class=\"attachment-thumbnail size-thumbnail\" alt=\"\" loading=\"lazy\" \/><\/a>\n\t\t\t<\/dt><\/dl><dl class='gallery-item'>\n\t\t\t<dt class='gallery-icon landscape'>\n\t\t\t\t<a href='https:\/\/cuernavaca.gob.mx\/?attachment_id=47569'><img width=\"150\" height=\"150\" src=\"https:\/\/cuernavaca.gob.mx\/wp-content\/uploads\/2025\/01\/DIF-CUERNAVACA-PROMUEVE-LA-MAGIA-DE-DI\u0301A-DE-REYES-CON-ENTREGA-DE-JUGUETES-Y-ROSCA-17-150x150.jpg\" class=\"attachment-thumbnail size-thumbnail\" alt=\"\" loading=\"lazy\" \/><\/a>\n\t\t\t<\/dt><\/dl><dl class='gallery-item'>\n\t\t\t<dt class='gallery-icon landscape'>\n\t\t\t\t<a href='https:\/\/cuernavaca.gob.mx\/?attachment_id=47570'><img width=\"150\" height=\"150\" src=\"https:\/\/cuernavaca.gob.mx\/wp-content\/uploads\/2025\/01\/DIF-CUERNAVACA-PROMUEVE-LA-MAGIA-DE-DI\u0301A-DE-REYES-CON-ENTREGA-DE-JUGUETES-Y-ROSCA-18-150x150.jpg\" class=\"attachment-thumbnail size-thumbnail\" alt=\"\" loading=\"lazy\" \/><\/a>\n\t\t\t<\/dt><\/dl><br style=\"clear: both\" \/><dl class='gallery-item'>\n\t\t\t<dt class='gallery-icon landscape'>\n\t\t\t\t<a href='https:\/\/cuernavaca.gob.mx\/?attachment_id=47571'><img width=\"150\" height=\"150\" src=\"https:\/\/cuernavaca.gob.mx\/wp-content\/uploads\/2025\/01\/DIF-CUERNAVACA-PROMUEVE-LA-MAGIA-DE-DI\u0301A-DE-REYES-CON-ENTREGA-DE-JUGUETES-Y-ROSCA-19-150x150.jpg\" class=\"attachment-thumbnail size-thumbnail\" alt=\"\" loading=\"lazy\" \/><\/a>\n\t\t\t<\/dt><\/dl><dl class='gallery-item'>\n\t\t\t<dt class='gallery-icon landscape'>\n\t\t\t\t<a href='https:\/\/cuernavaca.gob.mx\/?attachment_id=47572'><img width=\"150\" height=\"150\" src=\"https:\/\/cuernavaca.gob.mx\/wp-content\/uploads\/2025\/01\/DIF-CUERNAVACA-PROMUEVE-LA-MAGIA-DE-DI\u0301A-DE-REYES-CON-ENTREGA-DE-JUGUETES-Y-ROSCA-20-150x150.jpg\" class=\"attachment-thumbnail size-thumbnail\" alt=\"\" loading=\"lazy\" \/><\/a>\n\t\t\t<\/dt><\/dl><dl class='gallery-item'>\n\t\t\t<dt class='gallery-icon landscape'>\n\t\t\t\t<a href='https:\/\/cuernavaca.gob.mx\/?attachment_id=47573'><img width=\"150\" height=\"150\" src=\"https:\/\/cuernavaca.gob.mx\/wp-content\/uploads\/2025\/01\/DIF-CUERNAVACA-PROMUEVE-LA-MAGIA-DE-DI\u0301A-DE-REYES-CON-ENTREGA-DE-JUGUETES-Y-ROSCA-21-150x150.jpg\" class=\"attachment-thumbnail size-thumbnail\" alt=\"\" loading=\"lazy\" \/><\/a>\n\t\t\t<\/dt><\/dl><br style=\"clear: both\" \/><dl class='gallery-item'>\n\t\t\t<dt class='gallery-icon landscape'>\n\t\t\t\t<a href='https:\/\/cuernavaca.gob.mx\/?attachment_id=47574'><img width=\"150\" height=\"150\" src=\"https:\/\/cuernavaca.gob.mx\/wp-content\/uploads\/2025\/01\/DIF-CUERNAVACA-PROMUEVE-LA-MAGIA-DE-DI\u0301A-DE-REYES-CON-ENTREGA-DE-JUGUETES-Y-ROSCA-22-150x150.jpg\" class=\"attachment-thumbnail size-thumbnail\" alt=\"\" loading=\"lazy\" \/><\/a>\n\t\t\t<\/dt><\/dl><dl class='gallery-item'>\n\t\t\t<dt class='gallery-icon landscape'>\n\t\t\t\t<a href='https:\/\/cuernavaca.gob.mx\/?attachment_id=47575'><img width=\"150\" height=\"150\" src=\"https:\/\/cuernavaca.gob.mx\/wp-content\/uploads\/2025\/01\/DIF-CUERNAVACA-PROMUEVE-LA-MAGIA-DE-DI\u0301A-DE-REYES-CON-ENTREGA-DE-JUGUETES-Y-ROSCA-23-150x150.jpg\" class=\"attachment-thumbnail size-thumbnail\" alt=\"\" loading=\"lazy\" \/><\/a>\n\t\t\t<\/dt><\/dl><dl class='gallery-item'>\n\t\t\t<dt class='gallery-icon landscape'>\n\t\t\t\t<a href='https:\/\/cuernavaca.gob.mx\/?attachment_id=47576'><img width=\"150\" height=\"150\" src=\"https:\/\/cuernavaca.gob.mx\/wp-content\/uploads\/2025\/01\/DIF-CUERNAVACA-PROMUEVE-LA-MAGIA-DE-DI\u0301A-DE-REYES-CON-ENTREGA-DE-JUGUETES-Y-ROSCA-24-150x150.jpg\" class=\"attachment-thumbnail size-thumbnail\" alt=\"\" loading=\"lazy\" \/><\/a>\n\t\t\t<\/dt><\/dl><br style=\"clear: both\" \/><dl class='gallery-item'>\n\t\t\t<dt class='gallery-icon landscape'>\n\t\t\t\t<a href='https:\/\/cuernavaca.gob.mx\/?attachment_id=47577'><img width=\"150\" height=\"150\" src=\"https:\/\/cuernavaca.gob.mx\/wp-content\/uploads\/2025\/01\/DIF-CUERNAVACA-PROMUEVE-LA-MAGIA-DE-DI\u0301A-DE-REYES-CON-ENTREGA-DE-JUGUETES-Y-ROSCA-25-150x150.jpg\" class=\"attachment-thumbnail size-thumbnail\" alt=\"\" loading=\"lazy\" \/><\/a>\n\t\t\t<\/dt><\/dl><dl class='gallery-item'>\n\t\t\t<dt class='gallery-icon landscape'>\n\t\t\t\t<a href='https:\/\/cuernavaca.gob.mx\/?attachment_id=47578'><img width=\"150\" height=\"150\" src=\"https:\/\/cuernavaca.gob.mx\/wp-content\/uploads\/2025\/01\/DIF-CUERNAVACA-PROMUEVE-LA-MAGIA-DE-DI\u0301A-DE-REYES-CON-ENTREGA-DE-JUGUETES-Y-ROSCA-26-150x150.jpg\" class=\"attachment-thumbnail size-thumbnail\" alt=\"\" loading=\"lazy\" \/><\/a>\n\t\t\t<\/dt><\/dl><dl class='gallery-item'>\n\t\t\t<dt class='gallery-icon landscape'>\n\t\t\t\t<a href='https:\/\/cuernavaca.gob.mx\/?attachment_id=47579'><img width=\"150\" height=\"150\" src=\"https:\/\/cuernavaca.gob.mx\/wp-content\/uploads\/2025\/01\/DIF-CUERNAVACA-PROMUEVE-LA-MAGIA-DE-DI\u0301A-DE-REYES-CON-ENTREGA-DE-JUGUETES-Y-ROSCA-27-150x150.jpg\" class=\"attachment-thumbnail size-thumbnail\" alt=\"\" loading=\"lazy\" \/><\/a>\n\t\t\t<\/dt><\/dl><br style=\"clear: both\" \/><dl class='gallery-item'>\n\t\t\t<dt class='gallery-icon landscape'>\n\t\t\t\t<a href='https:\/\/cuernavaca.gob.mx\/?attachment_id=47580'><img width=\"150\" height=\"150\" src=\"https:\/\/cuernavaca.gob.mx\/wp-content\/uploads\/2025\/01\/DIF-CUERNAVACA-PROMUEVE-LA-MAGIA-DE-DI\u0301A-DE-REYES-CON-ENTREGA-DE-JUGUETES-Y-ROSCA-28-150x150.jpg\" class=\"attachment-thumbnail size-thumbnail\" alt=\"\" loading=\"lazy\" \/><\/a>\n\t\t\t<\/dt><\/dl><dl class='gallery-item'>\n\t\t\t<dt class='gallery-icon landscape'>\n\t\t\t\t<a href='https:\/\/cuernavaca.gob.mx\/?attachment_id=47581'><img width=\"150\" height=\"150\" src=\"https:\/\/cuernavaca.gob.mx\/wp-content\/uploads\/2025\/01\/DIF-CUERNAVACA-PROMUEVE-LA-MAGIA-DE-DI\u0301A-DE-REYES-CON-ENTREGA-DE-JUGUETES-Y-ROSCA-29-150x150.jpg\" class=\"attachment-thumbnail size-thumbnail\" alt=\"\" loading=\"lazy\" \/><\/a>\n\t\t\t<\/dt><\/dl><dl class='gallery-item'>\n\t\t\t<dt class='gallery-icon landscape'>\n\t\t\t\t<a href='https:\/\/cuernavaca.gob.mx\/?attachment_id=47582'><img width=\"150\" height=\"150\" src=\"https:\/\/cuernavaca.gob.mx\/wp-content\/uploads\/2025\/01\/DIF-CUERNAVACA-PROMUEVE-LA-MAGIA-DE-DI\u0301A-DE-REYES-CON-ENTREGA-DE-JUGUETES-Y-ROSCA-30-150x150.jpg\" class=\"attachment-thumbnail size-thumbnail\" alt=\"\" loading=\"lazy\" \/><\/a>\n\t\t\t<\/dt><\/dl><br style=\"clear: both\" \/><dl class='gallery-item'>\n\t\t\t<dt class='gallery-icon landscape'>\n\t\t\t\t<a href='https:\/\/cuernavaca.gob.mx\/?attachment_id=47583'><img width=\"150\" height=\"150\" src=\"https:\/\/cuernavaca.gob.mx\/wp-content\/uploads\/2025\/01\/DIF-CUERNAVACA-PROMUEVE-LA-MAGIA-DE-DI\u0301A-DE-REYES-CON-ENTREGA-DE-JUGUETES-Y-ROSCA-31-150x150.jpg\" class=\"attachment-thumbnail size-thumbnail\" alt=\"\" loading=\"lazy\" \/><\/a>\n\t\t\t<\/dt><\/dl><dl class='gallery-item'>\n\t\t\t<dt class='gallery-icon landscape'>\n\t\t\t\t<a href='https:\/\/cuernavaca.gob.mx\/?attachment_id=47584'><img width=\"150\" height=\"150\" src=\"https:\/\/cuernavaca.gob.mx\/wp-content\/uploads\/2025\/01\/DIF-CUERNAVACA-PROMUEVE-LA-MAGIA-DE-DI\u0301A-DE-REYES-CON-ENTREGA-DE-JUGUETES-Y-ROSCA-32-150x150.jpg\" class=\"attachment-thumbnail size-thumbnail\" alt=\"\" loading=\"lazy\" \/><\/a>\n\t\t\t<\/dt><\/dl><dl class='gallery-item'>\n\t\t\t<dt class='gallery-icon landscape'>\n\t\t\t\t<a href='https:\/\/cuernavaca.gob.mx\/?attachment_id=47585'><img width=\"150\" height=\"150\" src=\"https:\/\/cuernavaca.gob.mx\/wp-content\/uploads\/2025\/01\/DIF-CUERNAVACA-PROMUEVE-LA-MAGIA-DE-DI\u0301A-DE-REYES-CON-ENTREGA-DE-JUGUETES-Y-ROSCA-33-150x150.jpg\" class=\"attachment-thumbnail size-thumbnail\" alt=\"\" loading=\"lazy\" \/><\/a>\n\t\t\t<\/dt><\/dl><br style=\"clear: both\" \/><dl class='gallery-item'>\n\t\t\t<dt class='gallery-icon landscape'>\n\t\t\t\t<a href='https:\/\/cuernavaca.gob.mx\/?attachment_id=47586'><img width=\"150\" height=\"150\" src=\"https:\/\/cuernavaca.gob.mx\/wp-content\/uploads\/2025\/01\/DIF-CUERNAVACA-PROMUEVE-LA-MAGIA-DE-DI\u0301A-DE-REYES-CON-ENTREGA-DE-JUGUETES-Y-ROSCA-34-150x150.jpg\" class=\"attachment-thumbnail size-thumbnail\" alt=\"\" loading=\"lazy\" \/><\/a>\n\t\t\t<\/dt><\/dl>\n\t\t\t<br style='clear: both' \/>\n\t\t<\/div>\n\n<p>&nbsp;<\/p>\n<p>&nbsp;<\/p>\n","protected":false},"excerpt":{"rendered":"<p>* A iniciativa de la presidenta del Sistema Municipal DIF Cuernavaca, Luz Mar\u00eda Zagal Guzm\u00e1n, m\u00e1s de 10 mil ni\u00f1as y ni\u00f1os cuernavaquenses vivieron la magia de D\u00eda de Reyes Como ha sido tradici\u00f3n en Cuernavaca, la magia de los Reyes Magos se hizo presente a convocatoria de la presidenta del Sistema Municipal DIF Cuernavaca, [&hellip;]<\/p>\n","protected":false},"author":1,"featured_media":47561,"comment_status":"closed","ping_status":"open","sticky":false,"template":"","format":"standard","meta":[],"categories":[16],"tags":[2735,3972,121,2815,2224,120,589,3970,206,127,3971,173,1401,2817],"aioseo_notices":[],"_links":{"self":[{"href":"https:\/\/cuernavaca.gob.mx\/index.php?rest_route=\/wp\/v2\/posts\/47552"}],"collection":[{"href":"https:\/\/cuernavaca.gob.mx\/index.php?rest_route=\/wp\/v2\/posts"}],"about":[{"href":"https:\/\/cuernavaca.gob.mx\/index.php?rest_route=\/wp\/v2\/types\/post"}],"author":[{"embeddable":true,"href":"https:\/\/cuernavaca.gob.mx\/index.php?rest_route=\/wp\/v2\/users\/1"}],"replies":[{"embeddable":true,"href":"https:\/\/cuernavaca.gob.mx\/index.php?rest_route=%2Fwp%2Fv2%2Fcomments&post=47552"}],"version-history":[{"count":1,"href":"https:\/\/cuernavaca.gob.mx\/index.php?rest_route=\/wp\/v2\/posts\/47552\/revisions"}],"predecessor-version":[{"id":47587,"href":"https:\/\/cuernavaca.gob.mx\/index.php?rest_route=\/wp\/v2\/posts\/47552\/revisions\/47587"}],"wp:featuredmedia":[{"embeddable":true,"href":"https:\/\/cuernavaca.gob.mx\/index.php?rest_route=\/wp\/v2\/media\/47561"}],"wp:attachment":[{"href":"https:\/\/cuernavaca.gob.mx\/index.php?rest_route=%2Fwp%2Fv2%2Fmedia&parent=47552"}],"wp:term":[{"taxonomy":"category","embeddable":true,"href":"https:\/\/cuernavaca.gob.mx\/index.php?rest_route=%2Fwp%2Fv2%2Fcategories&post=47552"},{"taxonomy":"post_tag","embeddable":true,"href":"https:\/\/cuernavaca.gob.mx\/index.php?rest_route=%2Fwp%2Fv2%2Ftags&post=47552"}],"curies":[{"name":"wp","href":"https:\/\/api.w.org\/{rel}","templated":true}]}}