{"id":47588,"date":"2025-01-06T15:00:25","date_gmt":"2025-01-06T21:00:25","guid":{"rendered":"https:\/\/cuernavaca.gob.mx\/?p=47588"},"modified":"2025-01-06T16:10:05","modified_gmt":"2025-01-06T22:10:05","slug":"b09-06-01-25-jose-luis-uriostegui-sigue-integrando-a-personas-profesionales-en-equipo-de-trabajo-a-favor-de-cuernavaca","status":"publish","type":"post","link":"https:\/\/cuernavaca.gob.mx\/?p=47588","title":{"rendered":"B09 06\/01\/25 JOS\u00c9 LUIS URI\u00d3STEGUI SIGUE INTEGRANDO A PERSONAS PROFESIONALES EN EQUIPO DE TRABAJO A FAVOR DE CUERNAVACA"},"content":{"rendered":"<p><strong>\u2022 El edil de la capital morelense tom\u00f3 protesta a titulares de Fiscal\u00eda Ambiental, Coordinaci\u00f3n Municipal de Protecci\u00f3n Civil y Mercado Adolfo L\u00f3pez Mateos<\/strong><\/p>\n<p>Como parte de la integraci\u00f3n de la administraci\u00f3n municipal 2025- 2027, el alcalde de Cuernavaca, Jos\u00e9 Luis Uri\u00f3stegui Salgado, tom\u00f3 protesta a nuevos titulares de \u00e1rea que tienen la encomienda de trabajar con honestidad, transparencia y responsabilidad a favor de las y los cuernavaquenses, as\u00ed como de fortalecer los avances que se han tenido en cada una de sus dependencias los \u00faltimos tres a\u00f1os, para lograr la ciudad que merecemos.<\/p>\n<p>La Fiscal\u00eda Ambiental estar\u00e1 a cargo de la Lic. Mar\u00eda Wendi Salinas Ruiz, quien cuenta con una trayectoria de respaldo en materia ambiental. Desde el Cabildo 2022- 2024 promovi\u00f3 reformas reglamentarias y programas en defensa del cuidado del medio ambiente, como la disminuci\u00f3n y erradicaci\u00f3n de los pl\u00e1sticos de un solo uso, escuelas verdes, adem\u00e1s de la creaci\u00f3n de un Reglamento de Aseo Urbano que fortalece las acciones municipales en materia de limpieza y manejo adecuado de residuos s\u00f3lidos, promoviendo una cultura de responsabilidad compartida entre la autoridad y la ciudadan\u00eda.<\/p>\n<p>En este sentido, el alcalde ratific\u00f3 a la Lic. Nora Isabel Gonz\u00e1lez Cruz como titular de la Coordinaci\u00f3n Municipal de Protecci\u00f3n Civil y a la Lic. Sara Bello Olmedo como directora general del Mercado Adolfo L\u00f3pez Mateos (ALM), en esta \u00faltima toma de protesta se cont\u00f3 con la presencia del secretario de Desarrollo Econ\u00f3mico y Turismo, Marcos Manuel Su\u00e1rez Gerard.<\/p>\n<p>Con estos nombramientos, el equipo de trabajo liderado por Jos\u00e9 Luis Uri\u00f3stegui Salgado se consolida para impulsar el crecimiento de Cuernavaca y del propio Ayuntamiento capitalino.<\/p>\n\n\t\t<style type=\"text\/css\">\n\t\t\t#gallery-1 {\n\t\t\t\tmargin: auto;\n\t\t\t}\n\t\t\t#gallery-1 .gallery-item {\n\t\t\t\tfloat: left;\n\t\t\t\tmargin-top: 10px;\n\t\t\t\ttext-align: center;\n\t\t\t\twidth: 33%;\n\t\t\t}\n\t\t\t#gallery-1 img {\n\t\t\t\tborder: 2px solid #cfcfcf;\n\t\t\t}\n\t\t\t#gallery-1 .gallery-caption {\n\t\t\t\tmargin-left: 0;\n\t\t\t}\n\t\t\t\/* see gallery_shortcode() in wp-includes\/media.php *\/\n\t\t<\/style>\n\t\t<div id='gallery-1' class='gallery galleryid-47588 gallery-columns-3 gallery-size-thumbnail'><dl class='gallery-item'>\n\t\t\t<dt class='gallery-icon landscape'>\n\t\t\t\t<a href='https:\/\/cuernavaca.gob.mx\/?attachment_id=47596'><img width=\"150\" height=\"150\" src=\"https:\/\/cuernavaca.gob.mx\/wp-content\/uploads\/2025\/01\/JOSE\u0301-LUIS-URIO\u0301STEGUI-SIGUE-INTEGRANDO-A-PERSONAS-PROFESIONALES-EN-EQUIPO-DE-TRABAJO-A-FAVOR-DE-CUERNAVACA-7-150x150.jpg\" class=\"attachment-thumbnail size-thumbnail\" alt=\"\" loading=\"lazy\" \/><\/a>\n\t\t\t<\/dt><\/dl><dl class='gallery-item'>\n\t\t\t<dt class='gallery-icon landscape'>\n\t\t\t\t<a href='https:\/\/cuernavaca.gob.mx\/?attachment_id=47597'><img width=\"150\" height=\"150\" src=\"https:\/\/cuernavaca.gob.mx\/wp-content\/uploads\/2025\/01\/JOSE\u0301-LUIS-URIO\u0301STEGUI-SIGUE-INTEGRANDO-A-PERSONAS-PROFESIONALES-EN-EQUIPO-DE-TRABAJO-A-FAVOR-DE-CUERNAVACA-8-150x150.jpg\" class=\"attachment-thumbnail size-thumbnail\" alt=\"\" loading=\"lazy\" \/><\/a>\n\t\t\t<\/dt><\/dl><dl class='gallery-item'>\n\t\t\t<dt class='gallery-icon landscape'>\n\t\t\t\t<a href='https:\/\/cuernavaca.gob.mx\/?attachment_id=47593'><img width=\"150\" height=\"150\" src=\"https:\/\/cuernavaca.gob.mx\/wp-content\/uploads\/2025\/01\/JOSE\u0301-LUIS-URIO\u0301STEGUI-SIGUE-INTEGRANDO-A-PERSONAS-PROFESIONALES-EN-EQUIPO-DE-TRABAJO-A-FAVOR-DE-CUERNAVACA-5-150x150.jpg\" class=\"attachment-thumbnail size-thumbnail\" alt=\"\" loading=\"lazy\" \/><\/a>\n\t\t\t<\/dt><\/dl><br style=\"clear: both\" \/><dl class='gallery-item'>\n\t\t\t<dt class='gallery-icon landscape'>\n\t\t\t\t<a href='https:\/\/cuernavaca.gob.mx\/?attachment_id=47592'><img width=\"150\" height=\"150\" src=\"https:\/\/cuernavaca.gob.mx\/wp-content\/uploads\/2025\/01\/JOSE\u0301-LUIS-URIO\u0301STEGUI-SIGUE-INTEGRANDO-A-PERSONAS-PROFESIONALES-EN-EQUIPO-DE-TRABAJO-A-FAVOR-DE-CUERNAVACA-4-150x150.jpg\" class=\"attachment-thumbnail size-thumbnail\" alt=\"\" loading=\"lazy\" \/><\/a>\n\t\t\t<\/dt><\/dl><dl class='gallery-item'>\n\t\t\t<dt class='gallery-icon landscape'>\n\t\t\t\t<a href='https:\/\/cuernavaca.gob.mx\/?attachment_id=47590'><img width=\"150\" height=\"150\" src=\"https:\/\/cuernavaca.gob.mx\/wp-content\/uploads\/2025\/01\/JOSE\u0301-LUIS-URIO\u0301STEGUI-SIGUE-INTEGRANDO-A-PERSONAS-PROFESIONALES-EN-EQUIPO-DE-TRABAJO-A-FAVOR-DE-CUERNAVACA-2-150x150.jpg\" class=\"attachment-thumbnail size-thumbnail\" alt=\"\" loading=\"lazy\" \/><\/a>\n\t\t\t<\/dt><\/dl><dl class='gallery-item'>\n\t\t\t<dt class='gallery-icon landscape'>\n\t\t\t\t<a href='https:\/\/cuernavaca.gob.mx\/?attachment_id=47589'><img width=\"150\" height=\"150\" src=\"https:\/\/cuernavaca.gob.mx\/wp-content\/uploads\/2025\/01\/JOSE\u0301-LUIS-URIO\u0301STEGUI-SIGUE-INTEGRANDO-A-PERSONAS-PROFESIONALES-EN-EQUIPO-DE-TRABAJO-A-FAVOR-DE-CUERNAVACA-1-150x150.jpg\" class=\"attachment-thumbnail size-thumbnail\" alt=\"\" loading=\"lazy\" \/><\/a>\n\t\t\t<\/dt><\/dl><br style=\"clear: both\" \/>\n\t\t<\/div>\n\n","protected":false},"excerpt":{"rendered":"<p>\u2022 El edil de la capital morelense tom\u00f3 protesta a titulares de Fiscal\u00eda Ambiental, Coordinaci\u00f3n Municipal de Protecci\u00f3n Civil y Mercado Adolfo L\u00f3pez Mateos Como parte de la integraci\u00f3n de la administraci\u00f3n municipal 2025- 2027, el alcalde de Cuernavaca, Jos\u00e9 Luis Uri\u00f3stegui Salgado, tom\u00f3 protesta a nuevos titulares de \u00e1rea que tienen la encomienda de [&hellip;]<\/p>\n","protected":false},"author":1,"featured_media":47593,"comment_status":"closed","ping_status":"open","sticky":false,"template":"","format":"standard","meta":[],"categories":[20],"tags":[121,784,1929,120,206,127,122,372,3973],"aioseo_notices":[],"_links":{"self":[{"href":"https:\/\/cuernavaca.gob.mx\/index.php?rest_route=\/wp\/v2\/posts\/47588"}],"collection":[{"href":"https:\/\/cuernavaca.gob.mx\/index.php?rest_route=\/wp\/v2\/posts"}],"about":[{"href":"https:\/\/cuernavaca.gob.mx\/index.php?rest_route=\/wp\/v2\/types\/post"}],"author":[{"embeddable":true,"href":"https:\/\/cuernavaca.gob.mx\/index.php?rest_route=\/wp\/v2\/users\/1"}],"replies":[{"embeddable":true,"href":"https:\/\/cuernavaca.gob.mx\/index.php?rest_route=%2Fwp%2Fv2%2Fcomments&post=47588"}],"version-history":[{"count":3,"href":"https:\/\/cuernavaca.gob.mx\/index.php?rest_route=\/wp\/v2\/posts\/47588\/revisions"}],"predecessor-version":[{"id":47599,"href":"https:\/\/cuernavaca.gob.mx\/index.php?rest_route=\/wp\/v2\/posts\/47588\/revisions\/47599"}],"wp:featuredmedia":[{"embeddable":true,"href":"https:\/\/cuernavaca.gob.mx\/index.php?rest_route=\/wp\/v2\/media\/47593"}],"wp:attachment":[{"href":"https:\/\/cuernavaca.gob.mx\/index.php?rest_route=%2Fwp%2Fv2%2Fmedia&parent=47588"}],"wp:term":[{"taxonomy":"category","embeddable":true,"href":"https:\/\/cuernavaca.gob.mx\/index.php?rest_route=%2Fwp%2Fv2%2Fcategories&post=47588"},{"taxonomy":"post_tag","embeddable":true,"href":"https:\/\/cuernavaca.gob.mx\/index.php?rest_route=%2Fwp%2Fv2%2Ftags&post=47588"}],"curies":[{"name":"wp","href":"https:\/\/api.w.org\/{rel}","templated":true}]}}